{"id":531970,"date":"2025-05-14T09:40:33","date_gmt":"2025-05-14T13:40:33","guid":{"rendered":"https:\/\/diarioelpopular.com\/?p=531970"},"modified":"2025-05-14T19:23:49","modified_gmt":"2025-05-14T23:23:49","slug":"el-viaje-de-ida-y-vuelta-de-ocho-venezolanas-deportadas-a-el-salvador-y-rechazadas-por-el-gobierno-de-bukele","status":"publish","type":"post","link":"https:\/\/diarioelpopular.com\/index.php\/2025\/05\/14\/el-viaje-de-ida-y-vuelta-de-ocho-venezolanas-deportadas-a-el-salvador-y-rechazadas-por-el-gobierno-de-bukele\/","title":{"rendered":"El viaje de ida y vuelta de ocho venezolanas deportadas a El Salvador y rechazadas por el Gobierno de Bukele"},"content":{"rendered":"<div id=\"attachment_531971\" style=\"width: 1210px\" class=\"wp-caption alignnone\"><img loading=\"lazy\" decoding=\"async\" aria-describedby=\"caption-attachment-531971\" class=\"wp-image-531971 size-custom-big-size\" src=\"https:\/\/diarioelpopular.com\/wp-content\/uploads\/2025\/05\/Screen-Shot-2025-05-14-at-9.39.40-AM-1200x676.png\" alt=\"\" width=\"1200\" height=\"676\" srcset=\"https:\/\/diarioelpopular.com\/wp-content\/uploads\/2025\/05\/Screen-Shot-2025-05-14-at-9.39.40-AM-1200x676.png 1200w, https:\/\/diarioelpopular.com\/wp-content\/uploads\/2025\/05\/Screen-Shot-2025-05-14-at-9.39.40-AM-300x169.png 300w, https:\/\/diarioelpopular.com\/wp-content\/uploads\/2025\/05\/Screen-Shot-2025-05-14-at-9.39.40-AM-768x432.png 768w, https:\/\/diarioelpopular.com\/wp-content\/uploads\/2025\/05\/Screen-Shot-2025-05-14-at-9.39.40-AM-1536x865.png 1536w, https:\/\/diarioelpopular.com\/wp-content\/uploads\/2025\/05\/Screen-Shot-2025-05-14-at-9.39.40-AM-636x358.png 636w, https:\/\/diarioelpopular.com\/wp-content\/uploads\/2025\/05\/Screen-Shot-2025-05-14-at-9.39.40-AM-130x73.png 130w, https:\/\/diarioelpopular.com\/wp-content\/uploads\/2025\/05\/Screen-Shot-2025-05-14-at-9.39.40-AM.png 1024w\" sizes=\"auto, (max-width: 1200px) 100vw, 1200px\" \/><p id=\"caption-attachment-531971\" class=\"wp-caption-text\">Gladys, Scarleth y Franyeli, en una composici\u00f3n fotogr\u00e1fica.<\/p><\/div>\n<p>&nbsp;<\/p>\n<div class=\"a_e_txt _df\">\n<h4 class=\"a_st\"><em>&#8211; Los oficiales estadounidenses ocultaron a las migrantes que su destino ser\u00eda el pa\u00eds centroamericano, donde las autoridades se negaron a recibirlas. Tres est\u00e1n ya en Venezuela y cinco permanecen detenidas en Estados Unidos<\/em><\/h4>\n<\/div>\n<div class=\"a_e_m\"><\/div>\n<div><\/div>\n<div>\n<p class=\"\">Cuando el 15 de marzo a las 6.48 p.m\u00a0<a title=\"https:\/\/elpais.com\/us\/2025-03-19\/james-e-boasberg-el-juez-que-ha-desatado-la-ira-de-trump.html\" href=\"https:\/\/elpais.com\/us\/2025-03-19\/james-e-boasberg-el-juez-que-ha-desatado-la-ira-de-trump.html\" target=\"_self\" rel=\"\" data-link-track-dtm=\"\" data-mrf-link=\"https:\/\/elpais.com\/us\/2025-03-19\/james-e-boasberg-el-juez-que-ha-desatado-la-ira-de-trump.html\">el juez James E. Boasberg\u00a0<\/a>orden\u00f3 de manera verbal al Gobierno de Donald Trump detener las deportaciones de migrantes venezolanos desde el aeropuerto de Harlingen (Texas), Franyeli Carolina Zambrano Manrique ya estaba en el avi\u00f3n, vestida con pantal\u00f3n azul, pullover gris combinado con los zapatos y esposada de pies y manos, lo que le resultaba inc\u00f3modo cada vez que se llevaba un trozo de s\u00e1ndwich o un sorbo de agua a la boca.<\/p>\n<p class=\"\">Para esa hora de la tarde, casi de noche, un primer vuelo de<a title=\"https:\/\/elpais.com\/us\/migracion\/2025-04-08\/en-el-interior-de-los-vuelos-de-deportacion-de-ice-air-se-podria-evacuar-a-tiempo-a-mas-de-cien-pasajeros-encadenados.html\" href=\"https:\/\/elpais.com\/us\/migracion\/2025-04-08\/en-el-interior-de-los-vuelos-de-deportacion-de-ice-air-se-podria-evacuar-a-tiempo-a-mas-de-cien-pasajeros-encadenados.html\" target=\"_self\" rel=\"\" data-link-track-dtm=\"\" data-mrf-link=\"https:\/\/elpais.com\/us\/migracion\/2025-04-08\/en-el-interior-de-los-vuelos-de-deportacion-de-ice-air-se-podria-evacuar-a-tiempo-a-mas-de-cien-pasajeros-encadenados.html\">\u00a0la aerol\u00ednea Global X<\/a>\u00a0se encontraba surcando el cielo mexicano y un segundo se desplazaba sobre el Golfo de M\u00e9xico (Golfo de Am\u00e9rica, seg\u00fan Trump). Ignorando la advertencia del juez del Tribunal Federal de Distrito de Washington, un tercer avi\u00f3n, el de Franyeli, se prepar\u00f3 para despegar y aterrizar, supon\u00eda ella, en el Aeropuerto Sim\u00f3n Bol\u00edvar, en la zona metropolitana de Caracas. Pero eso nunca sucedi\u00f3.<\/p>\n<p class=\"\">\u201cSent\u00eda alegr\u00eda y tristeza a la vez de regresar a Venezuela\u201d, cuenta Franyeli, de 30 a\u00f1os. El grupo de mujeres que iban a ser deportadas era de 18, pero solo ocho llegaron a subir al avi\u00f3n en el aeropuerto de Texas. Los oficiales estaban apurados, no quer\u00edan perder tiempo, ni que nada les impidiera llevar a cabo la expulsi\u00f3n. Franyeli avis\u00f3 de que llegar\u00eda a Caracas, y en Maracaibo la esperaban su padre y sus cinco hijos. Las dem\u00e1s mujeres hicieron lo mismo. Scarleth Rodr\u00edguez, por ejemplo, le pidi\u00f3 a su mam\u00e1, en Ant\u00edmano, que le tuviera listo un pollo guisado.<\/p>\n<p class=\"\">Sin embargo, las ocho mujeres venezolanas, seg\u00fan ellas y sus familiares, fueron \u201csecuestradas\u201d y \u201cenga\u00f1adas\u201d por los agentes del Servicio de Control de Inmigraci\u00f3n y Aduanas (ICE). No fue hasta pasadas unas horas cuando descubrieron que no las hab\u00edan llevado a Caracas, sino que hab\u00edan aterrizado primero en Guatemala y luego en El Salvador.<\/p>\n<p class=\"\">Los \u00faltimos d\u00edas hab\u00edan sido los m\u00e1s largos en la vida de Franyeli. El s\u00e1bado 8 de febrero manejaba junto a su esposo Rolando Barreto Villegas, de 34 a\u00f1os, rumbo a St. George, en Utah, donde planeaban pasar el fin de semana en una habitaci\u00f3n de hotel. Sobre las cuatro de la tarde, dos oficiales de migraci\u00f3n detuvieron el auto. Al confirmar que eran de nacionalidad venezolana, les comunicaron que ten\u00edan \u00f3rdenes de arresto, a pesar de que permanec\u00edan en el pa\u00eds como beneficiarios del Estatus de Protecci\u00f3n Temporal (TPS). Ya en la oficina de ICE, los oficiales quisieron saber en qu\u00e9 trabajaban. Ella, arreglando u\u00f1as; \u00e9l, en labores de construcci\u00f3n. Llevaban diez a\u00f1os casados.<\/p>\n<p class=\"\">Tambi\u00e9n preguntaron si Rolando la prostitu\u00eda o si pertenec\u00edan a alguna banda criminal. Les dijeron que no.\u00a0<a title=\"https:\/\/elpais.com\/us\/migracion\/2025-04-02\/ocho-puntos-equivale-a-ser-del-tren-de-aragua-la-arbitraria-guia-de-la-administracion-trump-para-perseguir-a-los-venezolanos.html\" href=\"https:\/\/elpais.com\/us\/migracion\/2025-04-02\/ocho-puntos-equivale-a-ser-del-tren-de-aragua-la-arbitraria-guia-de-la-administracion-trump-para-perseguir-a-los-venezolanos.html\" target=\"_self\" rel=\"\" data-link-track-dtm=\"\" data-mrf-link=\"https:\/\/elpais.com\/us\/migracion\/2025-04-02\/ocho-puntos-equivale-a-ser-del-tren-de-aragua-la-arbitraria-guia-de-la-administracion-trump-para-perseguir-a-los-venezolanos.html\">Indagaron si ten\u00edan tatuajes.<\/a>\u00a0Eso s\u00ed. Y algunos coincid\u00edan con la lista de dibujos que los oficiales les mostraron, y en la que hab\u00eda estrellas, coronas, un le\u00f3n, una rosa y las frases \u201cReal hasta la Muerte\u201d o \u201cHijas de Dios\u201d.<\/p>\n<p class=\"\">Franyeli y Rolando se negaron a firmar el documento en el que deb\u00edan admitir que eran miembros de la banda criminal Tren de Aragua, pero no import\u00f3. Ese fue, en realidad, el momento en que comenz\u00f3 su viaje de retorno. Fueron esposados y trasladados al\u00a0<a title=\"https:\/\/elpais.com\/us\/2024-11-24\/los-inhumanos-centros-de-detencion-de-inmigrantes-claves-para-la-deportacion-masiva-de-trump.html\" href=\"https:\/\/elpais.com\/us\/2024-11-24\/los-inhumanos-centros-de-detencion-de-inmigrantes-claves-para-la-deportacion-masiva-de-trump.html\" target=\"_self\" rel=\"\" data-link-track-dtm=\"\" data-mrf-link=\"https:\/\/elpais.com\/us\/2024-11-24\/los-inhumanos-centros-de-detencion-de-inmigrantes-claves-para-la-deportacion-masiva-de-trump.html\">centro de detenci\u00f3n<\/a>\u00a0de Henderson, en Nevada, donde los oficiales \u201cpateaban la comida con los pies y, si se derramaba, la recog\u00edan del piso\u201d.<\/p>\n<p class=\"\">Despu\u00e9s de un mes encerrada, unos guardias llegaron a la celda de dos por cuatro metros que Franyeli compart\u00eda con otra reclusa venezolana. La despertaron. A Franyeli le pareci\u00f3 raro. Eran las tres de la madrugada de un viernes. \u201cSiempre ve\u00eda que las deportaciones sal\u00edan los martes, por eso me sorprendi\u00f3 mucho\u201d, dice.<\/p>\n<p class=\"\">Franyeli pregunt\u00f3 a d\u00f3nde la llevaban, pero el oficial no descifraba su espa\u00f1ol, y ella no entend\u00eda su ingl\u00e9s. Entre tanta palabra escuch\u00f3 cuando dec\u00eda \u201cICE\u201d, pero no alcanzaba a averiguar qu\u00e9 estaban haciendo con ella. Pasadas unas horas supo que iba a ser deportada a Venezuela. \u201cObviamente me alegr\u00e9\u201d, confiesa. Encadenada de pies y manos, la trasladaron a otro centro de detenci\u00f3n donde lleg\u00f3 a ver a su esposo junto a un grupo de hombres venezolanos. Imagin\u00f3 que los iban a mandar juntos a su pa\u00eds. El s\u00e1bado, 9 de marzo, los subieron en un avi\u00f3n que luego aterriz\u00f3 en Washington, donde recogieron a otros 17 hombres y dos mujeres m\u00e1s. Despegaron rumbo a Texas.<\/p>\n<p>&nbsp;<\/p>\n<figure class=\"a_m a_m-h \">\n<p><div style=\"width: 424px\" class=\"wp-caption alignnone\"><img loading=\"lazy\" decoding=\"async\" class=\"_re lazyload a_m-h\" src=\"https:\/\/imagenes.elpais.com\/resizer\/v2\/IUBBT6JPNOYIPIVVT4QSD5YKSQ.jpg?auth=1e9b92aee84f53e24e1bec4a13c802757425c981be956d8d3dc20cfb94d6746b&amp;width=414\" sizes=\"auto, (min-width:1199px) 1155px,(min-width:1001px) calc(100vw - 44px),(min-width:768px) 767px, 100vw\" srcset=\"https:\/\/imagenes.elpais.com\/resizer\/v2\/IUBBT6JPNOYIPIVVT4QSD5YKSQ.jpg?auth=1e9b92aee84f53e24e1bec4a13c802757425c981be956d8d3dc20cfb94d6746b&amp;width=414 414w,https:\/\/imagenes.elpais.com\/resizer\/v2\/IUBBT6JPNOYIPIVVT4QSD5YKSQ.jpg?auth=1e9b92aee84f53e24e1bec4a13c802757425c981be956d8d3dc20cfb94d6746b&amp;width=828 640w,https:\/\/imagenes.elpais.com\/resizer\/v2\/IUBBT6JPNOYIPIVVT4QSD5YKSQ.jpg?auth=1e9b92aee84f53e24e1bec4a13c802757425c981be956d8d3dc20cfb94d6746b&amp;width=980 1000w,https:\/\/imagenes.elpais.com\/resizer\/v2\/IUBBT6JPNOYIPIVVT4QSD5YKSQ.jpg?auth=1e9b92aee84f53e24e1bec4a13c802757425c981be956d8d3dc20cfb94d6746b&amp;width=1960 1960w\" alt=\"Personal militar de Estados Unidos escolta a un hombre que fue deportado a el Salvador, en abril.\" width=\"414\" height=\"277\" \/><p class=\"wp-caption-text\">Personal militar de Estados Unidos escolta a un hombre que fue deportado a el Salvador, en abril. SECOM (via REUTERS)<\/p><\/div><figcaption class=\"a_m_p\" aria-hidden=\"true\"><\/figcaption><\/figure>\n<p>&nbsp;<\/p>\n<p class=\"\">Seis d\u00edas despu\u00e9s, desde el centro de detenci\u00f3n en el que permanec\u00edan, salieron en autobuses repletos de migrantes rumbo al aeropuerto. Scarleth, de 21 a\u00f1os, estaba euf\u00f3rica. Llevaba nueve meses detenida, desde que se entreg\u00f3 a las autoridades fronterizas en agosto de 2024. Nunca le permitieron salir de prisi\u00f3n y ahora, aunque fuese deportada, iba a estar libre. \u201cEstaba contenta porque ven\u00eda para Venezuela\u201d, dice su madre, Yelitza Rodr\u00edguez, una vendedora ambulante de las calles de Ant\u00edmano, que le prepar\u00f3 el pollo guisado que pidi\u00f3 su hija antes de salir de Estados Unidos. \u201cYo sent\u00eda que iba a llegar de sorpresa, que me iba a tapar los ojos por detr\u00e1s\u201d.<\/p>\n<h3 class=\"\">\u201cLos oficiales de ICE no nos dejaron abrir las ventanas del avi\u00f3n\u201d<\/h3>\n<p class=\"\">Casi una hora despu\u00e9s de la primera orden de detener las deportaciones, el juez Boasberg volvi\u00f3 a pedir \u2014de manera escrita esta vez\u2014 que la administraci\u00f3n de Trump regresara a suelo estadounidense los tres aviones que hab\u00edan salido desde Harlingen. Para entonces, el primer vuelo ya se encontraba en Guatemala, el segundo sobrevolando M\u00e9xico, y un tercero todav\u00eda segu\u00eda en tierra. Un d\u00eda antes, el actual presidente hab\u00eda firmado una orden ejecutiva que invocaba\u00a0<a title=\"https:\/\/elpais.com\/us\/migracion\/2025-04-07\/un-tribunal-supremo-dividido-permite-a-trump-seguir-usando-una-ley-de-guerra-de-1798-para-las-deportaciones.html\" href=\"https:\/\/elpais.com\/us\/migracion\/2025-04-07\/un-tribunal-supremo-dividido-permite-a-trump-seguir-usando-una-ley-de-guerra-de-1798-para-las-deportaciones.html\" target=\"_self\" rel=\"\" data-link-track-dtm=\"\" data-mrf-link=\"https:\/\/elpais.com\/us\/migracion\/2025-04-07\/un-tribunal-supremo-dividido-permite-a-trump-seguir-usando-una-ley-de-guerra-de-1798-para-las-deportaciones.html\">la Ley de Enemigos Extranjeros de 1798<\/a>, creada para tiempos de guerra pero usada ahora para justificar la expulsi\u00f3n de personas consideradas parte de una fuerza invasora.<\/p>\n<p class=\"\">El vuelo de Global X en que iba Franyeli finalmente despeg\u00f3 por encima de la palabra del juez. Su esposo iba en otro avi\u00f3n. Franyeli no recuerda exactamente cu\u00e1nto fue, pero el viaje se le hizo largo. Si necesitaba ir al ba\u00f1o, un oficial de ICE la acompa\u00f1aba. A las ocho mujeres les parec\u00eda raro que las ventanillas de la aeronave se mantuvieran cerradas todo el tiempo. \u201cLos oficiales no nos dejaron en ning\u00fan momento abrir las ventanas del avi\u00f3n\u201d, dice Franyeli.<\/p>\n<p class=\"\">Cuando el avi\u00f3n aterriz\u00f3 la primera vez, les informaron de que estaban en Guatemala, pero que seguir\u00edan hacia Caracas. Cuando aterrizaron por segunda vez, ellas mismas se dieron cuenta de que ese no era su pa\u00eds. \u201cOye, marica, esto no es Venezuela, hay demasiado antimot\u00edn\u201d, dijo una que alcanz\u00f3 a levantar una persiana. Cuando Franyeli se asom\u00f3, vio que, efectivamente, se trataba de otro lugar. \u201cEmpezamos a llorar, los hombres a gritar, diciendo que no nos \u00edbamos a bajar\u201d, cuenta.<\/p>\n<p class=\"\">Entre el alboroto, las negativas a firmar los documentos que les entregaban y los gritos, un oficial \u201cse puso violento\u201d. Franyeli recuerda c\u00f3mo el agente de ICE, con identificaci\u00f3n HOU-02, le dio \u201cuna cachetada\u201d a una mujer, y a otra la arrastr\u00f3 por el pasillo del avi\u00f3n. A todas les asust\u00f3 ver, desde la ventanilla, la manera en que bajaban a los hombres que hab\u00edan llegado en otra aeronave. \u201cLos agarraban, los lanzaban por las escaleras, y cuando ca\u00edan abajo los levantaban y los sacaban arrastrados\u201d, dice Franyeli.<\/p>\n<p>&nbsp;<\/p>\n<figure class=\"a_m a_m-h \">\n<p><div style=\"width: 424px\" class=\"wp-caption alignnone\"><img loading=\"lazy\" decoding=\"async\" class=\"_re lazyload a_m-h\" src=\"https:\/\/imagenes.elpais.com\/resizer\/v2\/ZXIUEFSVFJGI7CLZ63ZHCNW5C4.jpg?auth=d8630b5aa3bad4911dcd4f3c5b9f939d80836aa2e8b5ffc5c224a2a80d60e2ff&amp;width=414\" sizes=\"auto, (min-width:1199px) 1155px,(min-width:1001px) calc(100vw - 44px),(min-width:768px) 767px, 100vw\" srcset=\"https:\/\/imagenes.elpais.com\/resizer\/v2\/ZXIUEFSVFJGI7CLZ63ZHCNW5C4.jpg?auth=d8630b5aa3bad4911dcd4f3c5b9f939d80836aa2e8b5ffc5c224a2a80d60e2ff&amp;width=414 414w,https:\/\/imagenes.elpais.com\/resizer\/v2\/ZXIUEFSVFJGI7CLZ63ZHCNW5C4.jpg?auth=d8630b5aa3bad4911dcd4f3c5b9f939d80836aa2e8b5ffc5c224a2a80d60e2ff&amp;width=828 640w,https:\/\/imagenes.elpais.com\/resizer\/v2\/ZXIUEFSVFJGI7CLZ63ZHCNW5C4.jpg?auth=d8630b5aa3bad4911dcd4f3c5b9f939d80836aa2e8b5ffc5c224a2a80d60e2ff&amp;width=980 1000w,https:\/\/imagenes.elpais.com\/resizer\/v2\/ZXIUEFSVFJGI7CLZ63ZHCNW5C4.jpg?auth=d8630b5aa3bad4911dcd4f3c5b9f939d80836aa2e8b5ffc5c224a2a80d60e2ff&amp;width=1960 1960w\" alt=\"Polic\u00edas de El Salvador trasladan a un deportado de Estados Unidos, en marzo.\" width=\"414\" height=\"277\" \/><p class=\"wp-caption-text\">Polic\u00edas de El Salvador trasladan a un deportado de Estados Unidos, en marzo. PRESIDENCIA DE EL SALVADOR (EFE)<\/p><\/div><figcaption class=\"a_m_p\" aria-hidden=\"true\"><\/figcaption><\/figure>\n<p>&nbsp;<\/p>\n<p class=\"\">Esos hombres eran\u00a0<a title=\"https:\/\/elpais.com\/us\/migracion\/2025-03-21\/la-lista-completa-con-los-nombres-de-los-inmigrantes-venezolanos-deportados-a-el-salvador.html\" href=\"https:\/\/elpais.com\/us\/migracion\/2025-03-21\/la-lista-completa-con-los-nombres-de-los-inmigrantes-venezolanos-deportados-a-el-salvador.html\" target=\"_self\" rel=\"\" data-link-track-dtm=\"\" data-mrf-link=\"https:\/\/elpais.com\/us\/migracion\/2025-03-21\/la-lista-completa-con-los-nombres-de-los-inmigrantes-venezolanos-deportados-a-el-salvador.html\">los 238 reclusos<\/a>\u00a0que luego el mundo ver\u00eda, a trav\u00e9s de im\u00e1genes difundidas por el presidente Nayib Bukele, bajar casi a rastras por las escalerillas de un avi\u00f3n hasta llegar, esposados y vestidos de blanco, al\u00a0<a title=\"https:\/\/elpais.com\/america\/2024-02-07\/dentro-del-alcatraz-de-bukele-es-imposible-escapar-estos-psicopatas-van-a-pasar-la-vida-entera-entre-estas-rejas.html\" href=\"https:\/\/elpais.com\/america\/2024-02-07\/dentro-del-alcatraz-de-bukele-es-imposible-escapar-estos-psicopatas-van-a-pasar-la-vida-entera-entre-estas-rejas.html\" target=\"_self\" rel=\"\" data-link-track-dtm=\"\" data-mrf-link=\"https:\/\/elpais.com\/america\/2024-02-07\/dentro-del-alcatraz-de-bukele-es-imposible-escapar-estos-psicopatas-van-a-pasar-la-vida-entera-entre-estas-rejas.html\">Centro del Confinamiento del Terrorismo (CECOT)<\/a>, el lugar que el Gobierno salvadore\u00f1o puso a disposici\u00f3n del estadounidense para alojar a emigrantes venezolanos. Se trata de la mega c\u00e1rcel con capacidad para albergar hasta 40.000 internos que Bukele muestra al mundo y que esconde un terror\u00edfico sistema carcelario con unos 120.000 reos, la tasa de encarcelamiento m\u00e1s alta del mundo.<\/p>\n<p class=\"\">Desde entonces, organizaciones y jueces han condenado el env\u00edo de reclusos venezolanos a El Salvador, al asegurar que viola el debido proceso. Un estudio de Human Rights Watch (HRW) arroj\u00f3 que, de cuarenta casos de venezolanos deportados al pa\u00eds centroamericano, ninguno tiene antecedentes como \u201ccriminales\u201d.<a title=\"https:\/\/elpais.com\/us\/migracion\/2025-05-06\/juanita-goebertus-hrw-las-deportaciones-a-el-salvador-cumplen-la-definicion-juridica-de-una-desaparicion-forzada.html\" href=\"https:\/\/elpais.com\/us\/migracion\/2025-05-06\/juanita-goebertus-hrw-las-deportaciones-a-el-salvador-cumplen-la-definicion-juridica-de-una-desaparicion-forzada.html\" target=\"_self\" rel=\"\" data-link-track-dtm=\"\" data-mrf-link=\"https:\/\/elpais.com\/us\/migracion\/2025-05-06\/juanita-goebertus-hrw-las-deportaciones-a-el-salvador-cumplen-la-definicion-juridica-de-una-desaparicion-forzada.html\">\u00a0HRW tambi\u00e9n ha calificado estas deportaciones como \u201cdesapariciones forzadas\u201d<\/a>. Los detenidos no solo permanecen incomunicados de sus familiares y abogados, sino imposibilitados de asistir a sus audiencias en Estados Unidos.<\/p>\n<p class=\"\">El Gobierno de Trump, por su parte, no ha emitido un listado oficial con los nombres y el n\u00famero exacto de las personas enviadas a El Salvador, un grupo al que m\u00e1s tarde se sumaron otros venezolanos. El 31 de marzo, el Departamento de Estado comunic\u00f3 que 17 presuntos pandilleros hab\u00edan sido deportados a ese pa\u00eds, y el 13 de abril, el ministro de Seguridad salvadore\u00f1o confirm\u00f3 que recibieron a otras 10 personas provenientes de Guant\u00e1namo.<\/p>\n<p class=\"\">Ni el listado que hizo p\u00fablico CBS News ni las autoridades estadounidenses han mencionado nunca a las ocho mujeres que tambi\u00e9n llegaron a El Salvador. El mismo d\u00eda en que aterrizaron, sin bajarse del avi\u00f3n, fueron devueltas en un vuelo directo hacia Estados Unidos. \u201cLos oficiales en el avi\u00f3n ya ten\u00edan la orden de que no nos iban a recibir.<\/p>\n<p class=\"\">Nos dijeron que est\u00e1bamos en El Salvador, pero que las mujeres \u00edbamos a ser devueltas\u201d, cuenta Franyeli. Hasta hoy no existe una explicaci\u00f3n oficial de por qu\u00e9 las llevaron y por qu\u00e9 las regresaron, pero s\u00ed se conoce que el CECOT es una c\u00e1rcel exclusivamente para hombres. Completamente olvidadas por la prensa o los pol\u00edticos, ahora piden ayuda para hacer justicia por lo que les hicieron.<\/p>\n<h3 class=\"\">\u201cQue la deporten ya, no es justo lo que est\u00e1n haciendo\u201d<\/h3>\n<p class=\"\">La familia de Gladys Yoleida Caricote Tovar, de 28 a\u00f1os, no sabe qu\u00e9 hacer ni c\u00f3mo ayudar a su muchacha. Desde que regres\u00f3 de El Salvador permanece en un centro de detenci\u00f3n de Texas, donde hace unos d\u00edas la golpearon. \u201cMe llam\u00f3 y me dijo que le pegaron, la tienen llena de moretones, le tiraron la comida por la cara, la tienen encerrada en un cuarto de castigo\u201d, dice un familiar que pide permanecer en anonimato.<\/p>\n<p class=\"\">Gladys est\u00e1 en manos de ICE desde que el 10 de diciembre de 2024 la detuvieron en Colorado, delante de su madre y sus tres hijos menores de edad. La joven fue trasladada a los pocos d\u00edas al centro de detenci\u00f3n de Texas y sus hijos entregados a una familia sustituta.<\/p>\n<p class=\"\">La abuela solo pudo recuperarlos semanas despu\u00e9s. Gladys pens\u00f3, el d\u00eda en que la subieron al avi\u00f3n junto a siete mujeres m\u00e1s, que por fin iba a llegar a Venezuela y salir de la vida en la c\u00e1rcel. No soportaba m\u00e1s el encierro. \u201cElla se siente mal, en estos d\u00edas le dio un ataque de p\u00e1nico, tuvieron que llevarla al m\u00e9dico\u201d, cuenta su familiar, que implora que de una vez la manden a su pa\u00eds. \u201cQue la deporten ya, no es justo lo que est\u00e1n haciendo con ella\u201d.<\/p>\n<p>&nbsp;<\/p>\n<figure class=\"a_m a_m-h \">\n<p><div style=\"width: 424px\" class=\"wp-caption alignnone\"><img loading=\"lazy\" decoding=\"async\" class=\"_re lazyload a_m-h\" src=\"https:\/\/imagenes.elpais.com\/resizer\/v2\/GOZPY6OJ3RA5JFWQ3BZZDKBDOY.jpg?auth=1cc13a5398fb01e66ce7c4bd275b282b7b0f3370f45494c6e455eeb37e8a83b9&amp;width=414\" sizes=\"auto, (min-width:1199px) 1155px,(min-width:1001px) calc(100vw - 44px),(min-width:768px) 767px, 100vw\" srcset=\"https:\/\/imagenes.elpais.com\/resizer\/v2\/GOZPY6OJ3RA5JFWQ3BZZDKBDOY.jpg?auth=1cc13a5398fb01e66ce7c4bd275b282b7b0f3370f45494c6e455eeb37e8a83b9&amp;width=414 414w,https:\/\/imagenes.elpais.com\/resizer\/v2\/GOZPY6OJ3RA5JFWQ3BZZDKBDOY.jpg?auth=1cc13a5398fb01e66ce7c4bd275b282b7b0f3370f45494c6e455eeb37e8a83b9&amp;width=828 640w,https:\/\/imagenes.elpais.com\/resizer\/v2\/GOZPY6OJ3RA5JFWQ3BZZDKBDOY.jpg?auth=1cc13a5398fb01e66ce7c4bd275b282b7b0f3370f45494c6e455eeb37e8a83b9&amp;width=980 1000w,https:\/\/imagenes.elpais.com\/resizer\/v2\/GOZPY6OJ3RA5JFWQ3BZZDKBDOY.jpg?auth=1cc13a5398fb01e66ce7c4bd275b282b7b0f3370f45494c6e455eeb37e8a83b9&amp;width=1960 1960w\" alt=\"Un agente escolta a extranjeros que se dirigen a un centro de detenci\u00f3n de ICE en Chicago.\" width=\"414\" height=\"276\" \/><p class=\"wp-caption-text\">Un agente escolta a extranjeros que se dirigen a un centro de detenci\u00f3n de ICE en Chicago. ICE Office of Public Affairs<\/p><\/div><figcaption class=\"a_m_p\" aria-hidden=\"true\"><\/figcaption><\/figure>\n<p>&nbsp;<\/p>\n<p class=\"\">Es lo mismo que pide Yelitza para su hija, quien tambi\u00e9n fue golpeada recientemente en el centro de detenci\u00f3n en que se encuentra desde que regres\u00f3 de El Salvador. \u201cYa mi hija no quiere estar m\u00e1s en Estados Unidos, quiere su deportaci\u00f3n\u201d, dice la madre. \u201cNo s\u00e9 qu\u00e9 hacer, ni a d\u00f3nde llegar, ni c\u00f3mo buscarla y traerla. Ya yo quiero que venga, ese pa\u00eds es muy inhumano. Me llam\u00f3 llorando, me dijo que no aguantaba m\u00e1s ah\u00ed, que se estaba volviendo loca\u201d.<\/p>\n<p class=\"\">De las ocho mujeres enviadas al CECOT, solo tres han sido devueltas a Venezuela. El resto permanece en centros de detenci\u00f3n sin saber por cu\u00e1nto tiempo. Franyeli fue deportada el 5 de abril a su pa\u00eds, donde la recibieron su padre y sus hijos en la casa de siempre, la que quer\u00eda arreglar con el dinero de su trabajo en Estados Unidos para regresar a vivir en ella en alg\u00fan momento. Rolando, su esposo, permanece incomunicado hasta hoy en el CECOT, y Franyeli no sabe c\u00f3mo costearse un abogado para que atienda su caso. \u201cEs fuerte, estoy asimilando esto todav\u00eda, esperando a saber de Rolando\u201d, dice. Con los d\u00edas buscar\u00e1 un trabajo y volver\u00e1 a la vida de siempre, la que tuvo antes de partir, la que un d\u00eda quiso que fuera distinta.<\/p>\n<\/div>\n","protected":false},"excerpt":{"rendered":"<p>&nbsp; &#8211; Los oficiales estadounidenses ocultaron a las migrantes que su destino ser\u00eda el pa\u00eds centroamericano, donde las autoridades se negaron a recibirlas. Tres est\u00e1n&hellip;<\/p>\n","protected":false},"author":99,"featured_media":531971,"comment_status":"open","ping_status":"open","sticky":false,"template":"","format":"standard","meta":{"footnotes":""},"categories":[],"tags":[],"class_list":["post-531970","post","type-post","status-publish","format-standard","has-post-thumbnail","hentry"],"_links":{"self":[{"href":"https:\/\/diarioelpopular.com\/index.php\/wp-json\/wp\/v2\/posts\/531970","targetHints":{"allow":["GET"]}}],"collection":[{"href":"https:\/\/diarioelpopular.com\/index.php\/wp-json\/wp\/v2\/posts"}],"about":[{"href":"https:\/\/diarioelpopular.com\/index.php\/wp-json\/wp\/v2\/types\/post"}],"author":[{"embeddable":true,"href":"https:\/\/diarioelpopular.com\/index.php\/wp-json\/wp\/v2\/users\/99"}],"replies":[{"embeddable":true,"href":"https:\/\/diarioelpopular.com\/index.php\/wp-json\/wp\/v2\/comments?post=531970"}],"version-history":[{"count":1,"href":"https:\/\/diarioelpopular.com\/index.php\/wp-json\/wp\/v2\/posts\/531970\/revisions"}],"predecessor-version":[{"id":531972,"href":"https:\/\/diarioelpopular.com\/index.php\/wp-json\/wp\/v2\/posts\/531970\/revisions\/531972"}],"wp:featuredmedia":[{"embeddable":true,"href":"https:\/\/diarioelpopular.com\/index.php\/wp-json\/wp\/v2\/media\/531971"}],"wp:attachment":[{"href":"https:\/\/diarioelpopular.com\/index.php\/wp-json\/wp\/v2\/media?parent=531970"}],"wp:term":[{"taxonomy":"category","embeddable":true,"href":"https:\/\/diarioelpopular.com\/index.php\/wp-json\/wp\/v2\/categories?post=531970"},{"taxonomy":"post_tag","embeddable":true,"href":"https:\/\/diarioelpopular.com\/index.php\/wp-json\/wp\/v2\/tags?post=531970"}],"curies":[{"name":"wp","href":"https:\/\/api.w.org\/{rel}","templated":true}]}}