{"id":532019,"date":"2025-05-16T08:20:58","date_gmt":"2025-05-16T12:20:58","guid":{"rendered":"https:\/\/diarioelpopular.com\/?p=532019"},"modified":"2025-05-16T08:20:58","modified_gmt":"2025-05-16T12:20:58","slug":"este-y-mas-delitos-sujeto-es-buscado-por-robo-violento-en-tienda-de-conveniencia-en-leslieville","status":"publish","type":"post","link":"https:\/\/diarioelpopular.com\/index.php\/2025\/05\/16\/este-y-mas-delitos-sujeto-es-buscado-por-robo-violento-en-tienda-de-conveniencia-en-leslieville\/","title":{"rendered":"Este y m\u00e1s delitos: Sujeto es buscado por robo violento en tienda de conveniencia en Leslieville"},"content":{"rendered":"<div id=\"attachment_532020\" style=\"width: 646px\" class=\"wp-caption alignnone\"><img loading=\"lazy\" decoding=\"async\" aria-describedby=\"caption-attachment-532020\" class=\"wp-image-532020 size-custom-full-size\" src=\"https:\/\/diarioelpopular.com\/wp-content\/uploads\/2025\/05\/Screen-Shot-2025-05-16-at-8.10.16-AM-636x477.png\" alt=\"\" width=\"636\" height=\"477\" srcset=\"https:\/\/diarioelpopular.com\/wp-content\/uploads\/2025\/05\/Screen-Shot-2025-05-16-at-8.10.16-AM-636x477.png 636w, https:\/\/diarioelpopular.com\/wp-content\/uploads\/2025\/05\/Screen-Shot-2025-05-16-at-8.10.16-AM-300x225.png 300w, https:\/\/diarioelpopular.com\/wp-content\/uploads\/2025\/05\/Screen-Shot-2025-05-16-at-8.10.16-AM-97x73.png 97w, https:\/\/diarioelpopular.com\/wp-content\/uploads\/2025\/05\/Screen-Shot-2025-05-16-at-8.10.16-AM.png 752w\" sizes=\"auto, (max-width: 636px) 100vw, 636px\" \/><p id=\"caption-attachment-532020\" class=\"wp-caption-text\">La Polic\u00eda de Toronto solicita ayuda para identificar a este antisocial. Foto: Polic\u00eda de Toronto.<\/p><\/div>\n<p>&nbsp;<\/p>\n<p>&nbsp;<\/p>\n<p>&nbsp;<\/p>\n<ul>\n<li><em><strong>Investigadores necesitan ayuda para identificar a un hombre buscado por un robo violento en una tienda de conveniencia en Leslieville a principios de este mes.<\/strong><\/em><\/li>\n<\/ul>\n<p>&nbsp;<\/p>\n<p>La Polic\u00eda de Toronto informa que los agentes respondieron a una llamada de robo alrededor de las 4:00 a. m. del 5 de mayo en la zona de Carlaw Ave. y Queen St. E., en Leslieville. Un sujeto entr\u00f3 a una tienda de conveniencia e intent\u00f3 ocultar un producto antes de ser confrontado por la v\u00edctima.<\/p>\n<p>El ladr\u00f3n agredi\u00f3 a la v\u00edctima, quien sufri\u00f3 heridas leves, y luego huy\u00f3 en una bicicleta oscura.<\/p>\n<p>Es descrito como de entre 25 y 35 a\u00f1os, de complexi\u00f3n mediana y barba rubia. Vest\u00eda una chaqueta negra con capucha gris, pantalones oscuros, zapatos blancos y una mochila color canela.<\/p>\n<p>Cualquier persona que tenga informaci\u00f3n sobre la identidad del sospechoso puede llamar a la polic\u00eda al 416-808-5500 o a Crime Stoppers de forma an\u00f3nima al 416-222-8477.<\/p>\n<p><em><strong>Adolescente acusado de doble tiroteo<\/strong><\/em><\/p>\n<p>Un delincuente de 19 a\u00f1os fue acusado de m\u00faltiples delitos con armas de fuego despu\u00e9s de que otros dos adolescentes recibieran disparos en Oshawa el mi\u00e9rcoles.<\/p>\n<p>La Polic\u00eda Regional de Durham inform\u00f3 que sus agentes respondieron a reportes de una persona armada alrededor de las 7:10 p. m. en la zona de John St. W. y Simcoe St. S., donde encontraron a un hombre de 18 a\u00f1os con una herida de bala en la cadera.<\/p>\n<p>La v\u00edctima fue trasladada a un hospital con lesiones que no pon\u00edan en peligro su vida.<\/p>\n<p>La polic\u00eda tambi\u00e9n fue notificada de que uno de 16 a\u00f1os hab\u00eda llegado a urgencias de un hospital con una herida de bala en la pierna, que, seg\u00fan informaron, se deb\u00eda al mismo incidente y que tambi\u00e9n se consideraba que no pon\u00eda en peligro su vida.<\/p>\n<p>Posteriormente, los investigadores identificaron al atacante y lo arrestaron el mi\u00e9rcoles por la noche.<\/p>\n<p>Yosef Ahmed, de Oshawa, est\u00e1 acusado de m\u00faltiples cargos de agresi\u00f3n con agravantes, disparo de arma de fuego con la intenci\u00f3n de poner en peligro la vida y agresi\u00f3n con arma, entre otros delitos.<\/p>\n<p>Cualquier persona que tenga im\u00e1genes de video o informaci\u00f3n sobre el incidente puede llamar a la polic\u00eda al 1-888-579-1520, ext. 2765, o a Crime Stoppers de forma an\u00f3nima al 1-800-222-8477.<\/p>\n<p><em><strong>Mujer es esposada tras agresiones por odio<\/strong><\/em><\/p>\n<p>Una mujer de Hamilton de 45 a\u00f1os ha sido acusada tras denunciarse a la polic\u00eda de m\u00faltiples agresiones por odio en un per\u00edodo de dos d\u00edas.<\/p>\n<p>La Polic\u00eda de Hamilton inform\u00f3 que respondi\u00f3 a incidentes separados el lunes y el martes, todos relacionados con la misma persona, durante los cuales la agresora profer\u00eda insultos anti-negros.<\/p>\n<p>La polic\u00eda indic\u00f3 que las v\u00edctimas ten\u00edan entre 14 y 24 a\u00f1os y que una de ellas recibi\u00f3 atenci\u00f3n m\u00e9dica por lesiones leves.<\/p>\n<p>Melissa Deman est\u00e1 acusada de cuatro cargos de agresi\u00f3n.<\/p>\n<p>La Unidad de Delitos de Odio est\u00e1 colaborando en la investigaci\u00f3n, inform\u00f3 la polic\u00eda, e inst\u00f3 a cualquier persona con informaci\u00f3n a llamarlos al 905-546-2921 o a Crime Stoppers de forma an\u00f3nima al 1-800-222-8477.<\/p>\n<p><em><strong>Adolescentes acusados luego de detener veh\u00edculo robado<\/strong><\/em><\/p>\n<p>Cuatro larones fueron detenidos tras una redada de veh\u00edculos robados en Steeltown el mi\u00e9rcoles por la noche.<\/p>\n<p>La Polic\u00eda de Hamilton inform\u00f3 que los agentes detectaron un Audi sed\u00e1n blanco circulando a alta velocidad alrededor de las 8:30 p. m. en la zona de Upper Gage Ave. y Edwina Pl. y determinaron que hab\u00eda sido denunciado como robado.<\/p>\n<p>El veh\u00edculo fue finalmente cercado por la polic\u00eda en East 44th St., donde los cuatro fueron arrestados, incluyendo uno tras una breve persecuci\u00f3n a pie.<\/p>\n<p>La polic\u00eda inform\u00f3 que uno sufri\u00f3 lesiones leves en los pies durante la persecuci\u00f3n y fue trasladado a un hospital, bajo custodia, como medida de precauci\u00f3n.<\/p>\n<p>La polic\u00eda dijo que se incaut\u00f3 una lata de aerosol para auyentar osos del veh\u00edculo.<\/p>\n<p>Todos de entre 14 y 17 a\u00f1os, est\u00e1n acusados \u200b\u200bde posesi\u00f3n de bienes obtenidos mediante un delito por un valor superior a 5.000 d\u00f3lares y posesi\u00f3n de un arma prohibida.<\/p>\n<p>&nbsp;<\/p>\n","protected":false},"excerpt":{"rendered":"<p>&nbsp; &nbsp; &nbsp; Investigadores necesitan ayuda para identificar a un hombre buscado por un robo violento en una tienda de conveniencia en Leslieville a principios&hellip;<\/p>\n","protected":false},"author":99,"featured_media":532020,"comment_status":"open","ping_status":"open","sticky":false,"template":"","format":"standard","meta":{"footnotes":""},"categories":[11364],"tags":[],"class_list":["post-532019","post","type-post","status-publish","format-standard","has-post-thumbnail","hentry","category-toronto-gta"],"_links":{"self":[{"href":"https:\/\/diarioelpopular.com\/index.php\/wp-json\/wp\/v2\/posts\/532019","targetHints":{"allow":["GET"]}}],"collection":[{"href":"https:\/\/diarioelpopular.com\/index.php\/wp-json\/wp\/v2\/posts"}],"about":[{"href":"https:\/\/diarioelpopular.com\/index.php\/wp-json\/wp\/v2\/types\/post"}],"author":[{"embeddable":true,"href":"https:\/\/diarioelpopular.com\/index.php\/wp-json\/wp\/v2\/users\/99"}],"replies":[{"embeddable":true,"href":"https:\/\/diarioelpopular.com\/index.php\/wp-json\/wp\/v2\/comments?post=532019"}],"version-history":[{"count":1,"href":"https:\/\/diarioelpopular.com\/index.php\/wp-json\/wp\/v2\/posts\/532019\/revisions"}],"predecessor-version":[{"id":532021,"href":"https:\/\/diarioelpopular.com\/index.php\/wp-json\/wp\/v2\/posts\/532019\/revisions\/532021"}],"wp:featuredmedia":[{"embeddable":true,"href":"https:\/\/diarioelpopular.com\/index.php\/wp-json\/wp\/v2\/media\/532020"}],"wp:attachment":[{"href":"https:\/\/diarioelpopular.com\/index.php\/wp-json\/wp\/v2\/media?parent=532019"}],"wp:term":[{"taxonomy":"category","embeddable":true,"href":"https:\/\/diarioelpopular.com\/index.php\/wp-json\/wp\/v2\/categories?post=532019"},{"taxonomy":"post_tag","embeddable":true,"href":"https:\/\/diarioelpopular.com\/index.php\/wp-json\/wp\/v2\/tags?post=532019"}],"curies":[{"name":"wp","href":"https:\/\/api.w.org\/{rel}","templated":true}]}}