{"id":532030,"date":"2025-05-16T09:06:21","date_gmt":"2025-05-16T13:06:21","guid":{"rendered":"https:\/\/diarioelpopular.com\/?p=532030"},"modified":"2025-05-16T09:06:21","modified_gmt":"2025-05-16T13:06:21","slug":"la-fiscalia-denuncia-a-dina-boluarte-y-a-seis-exministros-peruanos-por-lesiones-graves-de-75-manifestantes","status":"publish","type":"post","link":"https:\/\/diarioelpopular.com\/index.php\/2025\/05\/16\/la-fiscalia-denuncia-a-dina-boluarte-y-a-seis-exministros-peruanos-por-lesiones-graves-de-75-manifestantes\/","title":{"rendered":"La Fiscal\u00eda denuncia a Dina Boluarte y a seis exministros peruanos por lesiones graves de 75 manifestantes"},"content":{"rendered":"<div id=\"attachment_532031\" style=\"width: 1210px\" class=\"wp-caption alignnone\"><img loading=\"lazy\" decoding=\"async\" aria-describedby=\"caption-attachment-532031\" class=\"wp-image-532031 size-custom-big-size\" src=\"https:\/\/diarioelpopular.com\/wp-content\/uploads\/2025\/05\/Screen-Shot-2025-05-16-at-9.05.16-AM-1200x802.png\" alt=\"Familiares de v\u00edctimas de las represi\u00f3n policial en la ciudad peruana de Juliaca esperan la entrega de los cuerpos de los fallecidos ante los ata\u00fades vac\u00edos.Stringer (EFE)\" width=\"1200\" height=\"802\" srcset=\"https:\/\/diarioelpopular.com\/wp-content\/uploads\/2025\/05\/Screen-Shot-2025-05-16-at-9.05.16-AM-1200x802.png 1200w, https:\/\/diarioelpopular.com\/wp-content\/uploads\/2025\/05\/Screen-Shot-2025-05-16-at-9.05.16-AM-300x200.png 300w, https:\/\/diarioelpopular.com\/wp-content\/uploads\/2025\/05\/Screen-Shot-2025-05-16-at-9.05.16-AM-768x513.png 768w, https:\/\/diarioelpopular.com\/wp-content\/uploads\/2025\/05\/Screen-Shot-2025-05-16-at-9.05.16-AM-636x425.png 636w, https:\/\/diarioelpopular.com\/wp-content\/uploads\/2025\/05\/Screen-Shot-2025-05-16-at-9.05.16-AM-109x73.png 109w, https:\/\/diarioelpopular.com\/wp-content\/uploads\/2025\/05\/Screen-Shot-2025-05-16-at-9.05.16-AM.png 1024w\" sizes=\"auto, (max-width: 1200px) 100vw, 1200px\" \/><p id=\"caption-attachment-532031\" class=\"wp-caption-text\">Familiares de v\u00edctimas de las represi\u00f3n policial en la ciudad peruana de Juliaca esperan la entrega de los cuerpos de los fallecidos ante los ata\u00fades vac\u00edos.\u00a0 Foto Stringer (EFE)<\/p><\/div>\n<p>&nbsp;<\/p>\n<p>&nbsp;<\/p>\n<h4 class=\"a_st\"><em>&#8211; La acusaci\u00f3n se remonta a los primeros meses del mandato y supone la tercera denuncia constitucional en contra de la presidente<\/em><\/h4>\n<p>&nbsp;<\/p>\n<p class=\"\"><a title=\"https:\/\/elpais.com\/america\/2025-05-15\/nuevo-gobierno-de-viejos-conocidos-en-peru-dina-boluarte-ratifica-a-la-mayoria-de-sus-ministros.html\" href=\"https:\/\/elpais.com\/america\/2025-05-15\/nuevo-gobierno-de-viejos-conocidos-en-peru-dina-boluarte-ratifica-a-la-mayoria-de-sus-ministros.html\" target=\"_self\" rel=\"\" data-link-track-dtm=\"\" data-mrf-link=\"https:\/\/elpais.com\/america\/2025-05-15\/nuevo-gobierno-de-viejos-conocidos-en-peru-dina-boluarte-ratifica-a-la-mayoria-de-sus-ministros.html\">Ni la juramentaci\u00f3n de un nuevo Gabinete<\/a> ni la autorizaci\u00f3n del Congreso para viajar al Vaticano y asistir al inicio del pontificado del papa Le\u00f3n XIV han podido oxigenar al Gobierno. Este jueves la Fiscal\u00eda de la Naci\u00f3n present\u00f3 una tercera denuncia constitucional en contra de la presidente <a title=\"https:\/\/elpais.com\/america\/2024-06-26\/dina-boluarte-denunciada-ante-la-corte-penal-internacional-por-el-asesinato-de-49-manifestantes.html\" href=\"https:\/\/elpais.com\/america\/2024-06-26\/dina-boluarte-denunciada-ante-la-corte-penal-internacional-por-el-asesinato-de-49-manifestantes.html\" target=\"_self\" rel=\"\" data-link-track-dtm=\"\" data-mrf-link=\"https:\/\/elpais.com\/america\/2024-06-26\/dina-boluarte-denunciada-ante-la-corte-penal-internacional-por-el-asesinato-de-49-manifestantes.html\">Dina Boluarte\u00a0<\/a>y seis exministros de su primer Ejecutivo por ser presuntos responsables de los delitos de lesiones leves y graves en perjuicio de 75 v\u00edctimas durante las protestas entre diciembre de 2022 y febrero de 2023.<\/p>\n<p class=\"\">Como se recuerda, la abogada asumi\u00f3 la presidencia a ra\u00edz del\u00a0<a title=\"https:\/\/elpais.com\/internacional\/2022-12-11\/la-caida-de-castillo-el-ultimo-episodio-de-un-peru-en-crisis-continua.html\" href=\"https:\/\/elpais.com\/internacional\/2022-12-11\/la-caida-de-castillo-el-ultimo-episodio-de-un-peru-en-crisis-continua.html\" target=\"_self\" rel=\"\" data-link-track-dtm=\"\" data-mrf-link=\"https:\/\/elpais.com\/internacional\/2022-12-11\/la-caida-de-castillo-el-ultimo-episodio-de-un-peru-en-crisis-continua.html\">autogolpe fallido de Pedro Castillo.<\/a>\u00a0En un inicio sostuvo que su Gobierno ser\u00eda de transici\u00f3n y asegur\u00f3 que convocar\u00eda a elecciones en el plazo m\u00e1s inmediato, pero a medida que transcurrieron las semanas cambi\u00f3 su discurso y se atornill\u00f3 al poder.\u00a0<a title=\"https:\/\/elpais.com\/internacional\/2023-01-20\/la-crisis-en-peru-las-protestas-se-intensifican-el-gobierno-se-atrinchera.html\" href=\"https:\/\/elpais.com\/internacional\/2023-01-20\/la-crisis-en-peru-las-protestas-se-intensifican-el-gobierno-se-atrinchera.html\" target=\"_self\" rel=\"\" data-link-track-dtm=\"\" data-mrf-link=\"https:\/\/elpais.com\/internacional\/2023-01-20\/la-crisis-en-peru-las-protestas-se-intensifican-el-gobierno-se-atrinchera.html\">Ello provoc\u00f3 un estallido social que escal\u00f3 desde las regiones de la sierra sur hasta Lima y la costa norte.<\/a>\u00a0Mientras un sector de la poblaci\u00f3n reclamaba la liberaci\u00f3n de Castillo, tildando a Boluarte de \u201ctraidora\u201d, otros grupos exig\u00edan elecciones generales.<\/p>\n<p class=\"\">La respuesta del Gobierno estuvo lejos de ser conciliadora. Distintas organizaciones de derechos humanos denunciaron episodios de represi\u00f3n e incluso ejecuciones extrajudiciales. Esta imputaci\u00f3n de la Fiscal\u00eda, exactamente del \u00c1rea Especializada de Enriquecimiento Il\u00edcito y Denuncias Constitucionales, sostiene que hubo un \u201cuso excesivo y desproporcionado de la fuerza p\u00fablica ejercida por la Polic\u00eda Nacional del Per\u00fa y las Fuerzas Armadas, hechos que fueron de pleno conocimientos de los investigados\u201d.<\/p>\n<p class=\"\">Los involucrados en esta acusaci\u00f3n son la presidente Dina Boluarte; Pedro Miguel Angulo Arana y <a title=\"https:\/\/elpais.com\/america\/2024-03-04\/el-primer-ministro-de-peru-acoso-a-mujeres-su-despacho-y-les-ofrecio-trabajo-mi-amor-yo-te-quiero.html\" href=\"https:\/\/elpais.com\/america\/2024-03-04\/el-primer-ministro-de-peru-acoso-a-mujeres-su-despacho-y-les-ofrecio-trabajo-mi-amor-yo-te-quiero.html\" target=\"_self\" rel=\"\" data-link-track-dtm=\"\" data-mrf-link=\"https:\/\/elpais.com\/america\/2024-03-04\/el-primer-ministro-de-peru-acoso-a-mujeres-su-despacho-y-les-ofrecio-trabajo-mi-amor-yo-te-quiero.html\">Luis Alberto Ot\u00e1rola<\/a>\u00a0Pe\u00f1aranda, sus dos expresidentes del Consejo de Ministros; C\u00e9sar Augusto Cervantes C\u00e1rdenas, V\u00edctor Eduardo Rojas Herrera, Vicente Romero Fern\u00e1ndez, exministros del Interior; y Jorge Luis Ch\u00e1vez Cresta, exministro de Defensa. \u201cLo que est\u00e1 haciendo la Fiscal\u00eda, lamentablemente, es politizar el derecho. Y eso lo lamentamos todos, porque todos estamos de acuerdo con que se investigue y se persiga el delito. Lo que no puede hacer es utilizar personajes, que adem\u00e1s los selecciona. Porque con algunos s\u00ed es severo, y con otros no lo es tanto\u201d, ha salido al frente Joseph Campos, abogado de la jefa de Estado.<\/p>\n<p class=\"\">Se trata de la tercera denuncia constitucional en contra de la presidente por los mismos hechos. La primera fue formulada a fines del 2023 por la exfiscal de la Naci\u00f3n Patricia Benavides y se le imput\u00f3 el delito de genocidio por seis de las 49 v\u00edctimas mortales de las movilizaciones. La segunda fue presentada durante el periodo de Juan Carlos Villena. Y ahora esta ha sido planteada por la actual cabeza de la Fiscal\u00eda, Delia Espinoza.<\/p>\n<p class=\"\">El exprimer ministro Ot\u00e1rola ha expresado su disconformidad en sus redes sociales, calificando el accionar del Ministerio P\u00fablico de abusivo. \u201cA manera de ruleta procesal construye otro caso, cuando ya hay uno archivado en el Congreso. \u00bfSalieron a pescar?\u201d, critic\u00f3.<\/p>\n<p class=\"\">Este domingo, Boluarte estar\u00e1 presente en la misa de entronizaci\u00f3n de su Santidad. Eduardo Salhuana, el titular del Congreso, le ha hecho un pedido p\u00fablico: \u201cesperemos que invite a Le\u00f3n XIV a nuestro pa\u00eds\u201d.<\/p>\n","protected":false},"excerpt":{"rendered":"<p>&nbsp; &nbsp; &#8211; La acusaci\u00f3n se remonta a los primeros meses del mandato y supone la tercera denuncia constitucional en contra de la presidente &nbsp;&hellip;<\/p>\n","protected":false},"author":99,"featured_media":532031,"comment_status":"open","ping_status":"open","sticky":false,"template":"","format":"standard","meta":{"footnotes":""},"categories":[],"tags":[],"class_list":["post-532030","post","type-post","status-publish","format-standard","has-post-thumbnail","hentry"],"_links":{"self":[{"href":"https:\/\/diarioelpopular.com\/index.php\/wp-json\/wp\/v2\/posts\/532030","targetHints":{"allow":["GET"]}}],"collection":[{"href":"https:\/\/diarioelpopular.com\/index.php\/wp-json\/wp\/v2\/posts"}],"about":[{"href":"https:\/\/diarioelpopular.com\/index.php\/wp-json\/wp\/v2\/types\/post"}],"author":[{"embeddable":true,"href":"https:\/\/diarioelpopular.com\/index.php\/wp-json\/wp\/v2\/users\/99"}],"replies":[{"embeddable":true,"href":"https:\/\/diarioelpopular.com\/index.php\/wp-json\/wp\/v2\/comments?post=532030"}],"version-history":[{"count":1,"href":"https:\/\/diarioelpopular.com\/index.php\/wp-json\/wp\/v2\/posts\/532030\/revisions"}],"predecessor-version":[{"id":532032,"href":"https:\/\/diarioelpopular.com\/index.php\/wp-json\/wp\/v2\/posts\/532030\/revisions\/532032"}],"wp:featuredmedia":[{"embeddable":true,"href":"https:\/\/diarioelpopular.com\/index.php\/wp-json\/wp\/v2\/media\/532031"}],"wp:attachment":[{"href":"https:\/\/diarioelpopular.com\/index.php\/wp-json\/wp\/v2\/media?parent=532030"}],"wp:term":[{"taxonomy":"category","embeddable":true,"href":"https:\/\/diarioelpopular.com\/index.php\/wp-json\/wp\/v2\/categories?post=532030"},{"taxonomy":"post_tag","embeddable":true,"href":"https:\/\/diarioelpopular.com\/index.php\/wp-json\/wp\/v2\/tags?post=532030"}],"curies":[{"name":"wp","href":"https:\/\/api.w.org\/{rel}","templated":true}]}}