{"id":532382,"date":"2025-05-26T09:03:30","date_gmt":"2025-05-26T13:03:30","guid":{"rendered":"https:\/\/diarioelpopular.com\/?p=532382"},"modified":"2025-05-26T09:03:30","modified_gmt":"2025-05-26T13:03:30","slug":"policia-investiga-delito-de-odio-en-la-manifestacion-camina-con-israel","status":"publish","type":"post","link":"https:\/\/diarioelpopular.com\/index.php\/2025\/05\/26\/policia-investiga-delito-de-odio-en-la-manifestacion-camina-con-israel\/","title":{"rendered":"Polic\u00eda investiga delito de odio en la manifestaci\u00f3n &#8220;Camina con Israel&#8221;"},"content":{"rendered":"<p><img loading=\"lazy\" decoding=\"async\" class=\"alignnone size-custom-full-size wp-image-532383\" src=\"https:\/\/diarioelpopular.com\/wp-content\/uploads\/2025\/05\/Screen-Shot-2025-05-26-at-8.54.55-AM.png\" alt=\"\" width=\"570\" height=\"434\" srcset=\"https:\/\/diarioelpopular.com\/wp-content\/uploads\/2025\/05\/Screen-Shot-2025-05-26-at-8.54.55-AM.png 570w, https:\/\/diarioelpopular.com\/wp-content\/uploads\/2025\/05\/Screen-Shot-2025-05-26-at-8.54.55-AM-300x228.png 300w, https:\/\/diarioelpopular.com\/wp-content\/uploads\/2025\/05\/Screen-Shot-2025-05-26-at-8.54.55-AM-96x73.png 96w\" sizes=\"auto, (max-width: 570px) 100vw, 570px\" \/><\/p>\n<p>&nbsp;<\/p>\n<ul>\n<li><em><strong>sujeto de Toronto, de 57 a\u00f1os, acusado de gritar insultos antisemitas a los asistentes a la marcha del domingo en North York<\/strong><\/em><\/li>\n<\/ul>\n<p>&nbsp;<\/p>\n<p>Un sujeto de Toronto, de 57 a\u00f1os, ha sido acusado tras un incidente motivado por el odio en la manifestaci\u00f3n &#8220;Camina con Israel&#8221;.<\/p>\n<p>La Polic\u00eda de Toronto inform\u00f3 que agentes estaban vigilando el evento el domingo cuando un hombre comenz\u00f3 a gritar insultos antisemitas a los asistentes alrededor del mediod\u00eda en la zona de Bathurst St.-York Downs Dr. en North York.<\/p>\n<p>Tarek Ibrahem est\u00e1 acusado de da\u00f1os a la propiedad, alteraci\u00f3n del orden p\u00fablico y causar disturbios. La polic\u00eda indic\u00f3 que se les est\u00e1 tratando como presuntos delitos motivados por el odio.<\/p>\n<p><em><strong>Vah\u00edculos atacados en mazquita<\/strong><\/em><\/p>\n<p>La Polic\u00eda Regional de Durham busca testigos despu\u00e9s de que siete veh\u00edculos fueran vandalizados en una mezquita en Orono, a unos 90 kil\u00f3metros al este de Toronto.<\/p>\n<p>La polic\u00eda inform\u00f3 haber respondido a un incidente motivado por el odio el s\u00e1bado alrededor de las 22:30 en la mezquita Masjid Alwadood, ubicada en Church St. N., tras recibir informes de que varios veh\u00edculos y la puerta principal de la mezquita hab\u00edan sido atacados.<\/p>\n<p><em><strong>Fallace conductor de bicicleta el\u00e9ctrica<\/strong><\/em><\/p>\n<p>Un hombre de 50 a\u00f1os falleci\u00f3 tras un accidente en Oshawa que involucr\u00f3 una bicicleta el\u00e9ctrica y una camioneta.<\/p>\n<p>La Polic\u00eda Regional de Durham respondi\u00f3 a un accidente el domingo alrededor de las 12:30 en la zona de Storie-Ave.-Harmony Rd. N. que involucr\u00f3 a una bicicleta el\u00e9ctrica y un Buick Encore.<\/p>\n<p>La polic\u00eda inform\u00f3 que el conductor de la bicicleta el\u00e9ctrica sufri\u00f3 heridas graves y fue declarado muerto en un hospital. El conductor del Buick result\u00f3 ileso y est\u00e1 cooperando con la polic\u00eda.<\/p>\n<p>La polic\u00eda insta a cualquier persona con informaci\u00f3n a llamar al 905-579-1520, ext. 5267.<\/p>\n","protected":false},"excerpt":{"rendered":"<p>&nbsp; sujeto de Toronto, de 57 a\u00f1os, acusado de gritar insultos antisemitas a los asistentes a la marcha del domingo en North York &nbsp; Un&hellip;<\/p>\n","protected":false},"author":99,"featured_media":532383,"comment_status":"open","ping_status":"open","sticky":false,"template":"","format":"standard","meta":{"footnotes":""},"categories":[11364],"tags":[],"class_list":["post-532382","post","type-post","status-publish","format-standard","has-post-thumbnail","hentry","category-toronto-gta"],"_links":{"self":[{"href":"https:\/\/diarioelpopular.com\/index.php\/wp-json\/wp\/v2\/posts\/532382","targetHints":{"allow":["GET"]}}],"collection":[{"href":"https:\/\/diarioelpopular.com\/index.php\/wp-json\/wp\/v2\/posts"}],"about":[{"href":"https:\/\/diarioelpopular.com\/index.php\/wp-json\/wp\/v2\/types\/post"}],"author":[{"embeddable":true,"href":"https:\/\/diarioelpopular.com\/index.php\/wp-json\/wp\/v2\/users\/99"}],"replies":[{"embeddable":true,"href":"https:\/\/diarioelpopular.com\/index.php\/wp-json\/wp\/v2\/comments?post=532382"}],"version-history":[{"count":1,"href":"https:\/\/diarioelpopular.com\/index.php\/wp-json\/wp\/v2\/posts\/532382\/revisions"}],"predecessor-version":[{"id":532384,"href":"https:\/\/diarioelpopular.com\/index.php\/wp-json\/wp\/v2\/posts\/532382\/revisions\/532384"}],"wp:featuredmedia":[{"embeddable":true,"href":"https:\/\/diarioelpopular.com\/index.php\/wp-json\/wp\/v2\/media\/532383"}],"wp:attachment":[{"href":"https:\/\/diarioelpopular.com\/index.php\/wp-json\/wp\/v2\/media?parent=532382"}],"wp:term":[{"taxonomy":"category","embeddable":true,"href":"https:\/\/diarioelpopular.com\/index.php\/wp-json\/wp\/v2\/categories?post=532382"},{"taxonomy":"post_tag","embeddable":true,"href":"https:\/\/diarioelpopular.com\/index.php\/wp-json\/wp\/v2\/tags?post=532382"}],"curies":[{"name":"wp","href":"https:\/\/api.w.org\/{rel}","templated":true}]}}