{"id":532608,"date":"2025-06-02T07:55:59","date_gmt":"2025-06-02T11:55:59","guid":{"rendered":"https:\/\/diarioelpopular.com\/?p=532608"},"modified":"2025-06-02T07:55:59","modified_gmt":"2025-06-02T11:55:59","slug":"tres-delincuentes-declarados-culpables-de-tiroteo-a-plena-luz-del-dia-que-dejo-muerto-a-un-menor-de-12-anos","status":"publish","type":"post","link":"https:\/\/diarioelpopular.com\/index.php\/2025\/06\/02\/tres-delincuentes-declarados-culpables-de-tiroteo-a-plena-luz-del-dia-que-dejo-muerto-a-un-menor-de-12-anos\/","title":{"rendered":"Tres delincuentes declarados culpables de tiroteo a plena luz del d\u00eda que dej\u00f3 muerto a un menor de 12 a\u00f1os"},"content":{"rendered":"<div id=\"attachment_532609\" style=\"width: 646px\" class=\"wp-caption alignnone\"><img loading=\"lazy\" decoding=\"async\" aria-describedby=\"caption-attachment-532609\" class=\"wp-image-532609 size-custom-full-size\" src=\"https:\/\/diarioelpopular.com\/wp-content\/uploads\/2025\/06\/Screen-Shot-2025-06-02-at-7.50.46-AM-636x480.png\" alt=\"\" width=\"636\" height=\"480\" srcset=\"https:\/\/diarioelpopular.com\/wp-content\/uploads\/2025\/06\/Screen-Shot-2025-06-02-at-7.50.46-AM-636x480.png 636w, https:\/\/diarioelpopular.com\/wp-content\/uploads\/2025\/06\/Screen-Shot-2025-06-02-at-7.50.46-AM-300x226.png 300w, https:\/\/diarioelpopular.com\/wp-content\/uploads\/2025\/06\/Screen-Shot-2025-06-02-at-7.50.46-AM-97x73.png 97w, https:\/\/diarioelpopular.com\/wp-content\/uploads\/2025\/06\/Screen-Shot-2025-06-02-at-7.50.46-AM.png 748w\" sizes=\"auto, (max-width: 636px) 100vw, 636px\" \/><p id=\"caption-attachment-532609\" class=\"wp-caption-text\">En la foto aparece Dante Sebastian Andreatta, de 12 a\u00f1os, quien muri\u00f3 por una bala perdida durante un tiroteo. (GO FUND ME)<\/p><\/div>\n<p>&nbsp;<\/p>\n<p>&nbsp;<\/p>\n<ul>\n<li><em><strong>Tres hoampones fueron declarados culpables de asesinato en primer grado e intento de asesinato en relaci\u00f3n con un tiroteo mortal en North York en 2020 que cobr\u00f3 la vida de un ni\u00f1o de 12 a\u00f1os e hiri\u00f3 a otros tres.<\/strong><\/em><\/li>\n<\/ul>\n<p>&nbsp;<\/p>\n<p>El s\u00e1bado, el jurado regres\u00f3 para el quinto d\u00eda de deliberaciones y declar\u00f3 a Rashawn Chambers, Jahwayne Smart y Cjay Hobbs culpables del asesinato de Dante Sebastian Andreatta, seg\u00fan inform\u00f3 CBC News.<\/p>\n<p>Andreatta caminaba a casa con su madre el 7 de noviembre de 2020 cuando fue alcanzado por una bala perdida durante el tiroteo, que involucr\u00f3 a dos veh\u00edculos en el estacionamiento de un apartamento cerca de Jane St. y Stong Court.<\/p>\n<p>El tiroteo comenz\u00f3 cuando dos ocupantes de un Honda Accord robado salieron del veh\u00edculo y dispararon contra otro veh\u00edculo en el estacionamiento de 25 Stong Ct., seg\u00fan una declaraci\u00f3n de hechos consensuada, que la Fiscal\u00eda de la Corona termin\u00f3 de presentar al jurado al inicio del juicio en abril de 2025.<\/p>\n<p>Tres sujetos en el otro veh\u00edculo resultaron heridos, incluyendo uno que recibi\u00f3 cuatro disparos, pero sobrevivi\u00f3. Otros dos ocupantes del segundo veh\u00edculo no fueron alcanzados por disparos, seg\u00fan la declaraci\u00f3n de hechos.<\/p>\n<p>Dijeron a los miembros del jurado que estaban all\u00ed esa tarde para cerrar un trato de drogas. Ambos se acercaron a los adolescentes en el auto para preguntarles si uno de ellos era el comprador.<\/p>\n<p>Chambers y Smart declararon que comenzaron a disparar despu\u00e9s de ver a uno de los adolescentes apuntando con un arma por la ventana.<\/p>\n<p>La Fiscal\u00eda argument\u00f3 que ment\u00edan sobre la posesi\u00f3n de un arma por parte de los adolescentes y que no hab\u00eda un trato de drogas planeado, afirmando que el tr\u00edo se dirigi\u00f3 a la zona con el plan de dispararles dentro del auto. Se dispararon treinta y seis balas desde dos armas de fuego dirigidas contra un veh\u00edculo que hu\u00eda en el descarado tiroteo a plena luz del d\u00eda.<\/p>\n<p>Cuatro d\u00edas despu\u00e9s, el D\u00eda del Recuerdo en Sick Kids, el ni\u00f1o muri\u00f3 de una sola herida de bala perforante en el cuello.<\/p>\n<p>Chambers y Smart portaban pistolas Glock 19 cuando fueron arrestados.<\/p>\n","protected":false},"excerpt":{"rendered":"<p>&nbsp; &nbsp; Tres hoampones fueron declarados culpables de asesinato en primer grado e intento de asesinato en relaci\u00f3n con un tiroteo mortal en North York&hellip;<\/p>\n","protected":false},"author":99,"featured_media":532609,"comment_status":"open","ping_status":"open","sticky":false,"template":"","format":"standard","meta":{"footnotes":""},"categories":[11364],"tags":[],"class_list":["post-532608","post","type-post","status-publish","format-standard","has-post-thumbnail","hentry","category-toronto-gta"],"_links":{"self":[{"href":"https:\/\/diarioelpopular.com\/index.php\/wp-json\/wp\/v2\/posts\/532608","targetHints":{"allow":["GET"]}}],"collection":[{"href":"https:\/\/diarioelpopular.com\/index.php\/wp-json\/wp\/v2\/posts"}],"about":[{"href":"https:\/\/diarioelpopular.com\/index.php\/wp-json\/wp\/v2\/types\/post"}],"author":[{"embeddable":true,"href":"https:\/\/diarioelpopular.com\/index.php\/wp-json\/wp\/v2\/users\/99"}],"replies":[{"embeddable":true,"href":"https:\/\/diarioelpopular.com\/index.php\/wp-json\/wp\/v2\/comments?post=532608"}],"version-history":[{"count":1,"href":"https:\/\/diarioelpopular.com\/index.php\/wp-json\/wp\/v2\/posts\/532608\/revisions"}],"predecessor-version":[{"id":532610,"href":"https:\/\/diarioelpopular.com\/index.php\/wp-json\/wp\/v2\/posts\/532608\/revisions\/532610"}],"wp:featuredmedia":[{"embeddable":true,"href":"https:\/\/diarioelpopular.com\/index.php\/wp-json\/wp\/v2\/media\/532609"}],"wp:attachment":[{"href":"https:\/\/diarioelpopular.com\/index.php\/wp-json\/wp\/v2\/media?parent=532608"}],"wp:term":[{"taxonomy":"category","embeddable":true,"href":"https:\/\/diarioelpopular.com\/index.php\/wp-json\/wp\/v2\/categories?post=532608"},{"taxonomy":"post_tag","embeddable":true,"href":"https:\/\/diarioelpopular.com\/index.php\/wp-json\/wp\/v2\/tags?post=532608"}],"curies":[{"name":"wp","href":"https:\/\/api.w.org\/{rel}","templated":true}]}}