{"id":532616,"date":"2025-06-02T08:21:32","date_gmt":"2025-06-02T12:21:32","guid":{"rendered":"https:\/\/diarioelpopular.com\/?p=532616"},"modified":"2025-06-02T08:23:03","modified_gmt":"2025-06-02T12:23:03","slug":"nino-desaparecido-fallece-tras-ser-encontrado-en-estado-critico","status":"publish","type":"post","link":"https:\/\/diarioelpopular.com\/index.php\/2025\/06\/02\/nino-desaparecido-fallece-tras-ser-encontrado-en-estado-critico\/","title":{"rendered":"Ni\u00f1o desaparecido fallece tras ser encontrado en estado cr\u00edtico"},"content":{"rendered":"<p><img loading=\"lazy\" decoding=\"async\" class=\"alignnone size-custom-full-size wp-image-532621\" src=\"https:\/\/diarioelpopular.com\/wp-content\/uploads\/2025\/06\/Screen-Shot-2025-06-02-at-8.22.26-AM-636x480.png\" alt=\"\" width=\"636\" height=\"480\" srcset=\"https:\/\/diarioelpopular.com\/wp-content\/uploads\/2025\/06\/Screen-Shot-2025-06-02-at-8.22.26-AM-636x480.png 636w, https:\/\/diarioelpopular.com\/wp-content\/uploads\/2025\/06\/Screen-Shot-2025-06-02-at-8.22.26-AM-300x226.png 300w, https:\/\/diarioelpopular.com\/wp-content\/uploads\/2025\/06\/Screen-Shot-2025-06-02-at-8.22.26-AM-97x73.png 97w, https:\/\/diarioelpopular.com\/wp-content\/uploads\/2025\/06\/Screen-Shot-2025-06-02-at-8.22.26-AM.png 750w\" sizes=\"auto, (max-width: 636px) 100vw, 636px\" \/><\/p>\n<p>&nbsp;<\/p>\n<ul>\n<li><em><strong>La Polic\u00eda Regional de Peel informa que un ni\u00f1o desaparecido, hallado el s\u00e1bado en estado cr\u00edtico, ha fallecido.<\/strong><\/em><\/li>\n<\/ul>\n<p>&nbsp;<\/p>\n<p>La polic\u00eda acudi\u00f3 a la zona del Parque Erindale de Mississauga, cerca de Mississauga Rd. y Dundas St., poco despu\u00e9s de las 17:30 del s\u00e1bado. Informaron que los servicios de emergencia encontraron a un ni\u00f1o peque\u00f1o en la zona, que fue trasladado a un hospital local.<\/p>\n<p>El menor fue declarado muerto el domingo y la\u00a0investigaci\u00f3n est\u00e1 en curso.<\/p>\n<p>La polic\u00eda afirma que, debido a la naturaleza delicada de la investigaci\u00f3n, no proporcionar\u00e1 m\u00e1s informaci\u00f3n.<\/p>\n<p><em><strong>Fallece peat\u00f3n tras cruzar la calle a mitad de cuadra<\/strong><\/em><\/p>\n<p>La Polic\u00eda de Toronto inform\u00f3 que un hombre de 65 a\u00f1os falleci\u00f3 tras ser atropellado por un veh\u00edculo el s\u00e1bado por la noche en la zona este de la ciudad.<\/p>\n<p>La polic\u00eda acudi\u00f3 al lugar poco antes de las 10 p. m., cuando un hombre fue atropellado en el carril central de la avenida Eglinton en direcci\u00f3n este, cerca de la calle Torrence.<\/p>\n<p>Informaron que el peat\u00f3n cruzaba a mitad de cuadra de sur a norte cuando fue atropellado por un veh\u00edculo conducido por un hombre de 41 a\u00f1os.<\/p>\n<p>El peat\u00f3n, cuya identidad no ha sido revelada, fue trasladado a un hospital y declarado muerto.<\/p>\n<p>La polic\u00eda contin\u00faa investigando el incidente.<\/p>\n<p>Solicitan a los residentes, comercios y conductores locales que tengan im\u00e1genes de c\u00e1maras de seguridad o de tablero del \u00e1rea o del incidente que se pongan en contacto con los investigadores.<\/p>\n<p><em><strong>Hamp\u00f3n de Brampton es atrapado por varios robos<\/strong><\/em><\/p>\n<div id=\"attachment_532617\" style=\"width: 646px\" class=\"wp-caption alignnone\"><img loading=\"lazy\" decoding=\"async\" aria-describedby=\"caption-attachment-532617\" class=\"wp-image-532617 size-custom-full-size\" src=\"https:\/\/diarioelpopular.com\/wp-content\/uploads\/2025\/06\/Screen-Shot-2025-06-02-at-8.16.31-AM-636x479.png\" alt=\"\" width=\"636\" height=\"479\" srcset=\"https:\/\/diarioelpopular.com\/wp-content\/uploads\/2025\/06\/Screen-Shot-2025-06-02-at-8.16.31-AM-636x479.png 636w, https:\/\/diarioelpopular.com\/wp-content\/uploads\/2025\/06\/Screen-Shot-2025-06-02-at-8.16.31-AM-300x226.png 300w, https:\/\/diarioelpopular.com\/wp-content\/uploads\/2025\/06\/Screen-Shot-2025-06-02-at-8.16.31-AM-97x73.png 97w, https:\/\/diarioelpopular.com\/wp-content\/uploads\/2025\/06\/Screen-Shot-2025-06-02-at-8.16.31-AM.png 746w\" sizes=\"auto, (max-width: 636px) 100vw, 636px\" \/><p id=\"caption-attachment-532617\" class=\"wp-caption-text\">Daniel Irvine<\/p><\/div>\n<p>&nbsp;<\/p>\n<p>Un ladr\u00f3n de 38 a\u00f1os de Brampton est\u00e1 acusado de docenas de cargos relacionados con una serie de robos en edificios comerciales y de oficinas de la ciudad.<\/p>\n<p>La Polic\u00eda Regional de Peel inform\u00f3 que los incidentes ocurrieron en Brampton entre febrero y mayo, lo que condujo al arresto de un ladr\u00f3n por parte de la unidad de allanamiento de morada de la 22.\u00aa Divisi\u00f3n tras una investigaci\u00f3n exhaustiva.<\/p>\n<p>Daniel Irvine est\u00e1 acusado de dos cargos de allanamiento de morada con intenci\u00f3n de cometer un delito grave y 48 cargos de allanamiento de morada y comisi\u00f3n de un delito grave.<\/p>\n<p>Cualquier persona con informaci\u00f3n puede contactar a la polic\u00eda al 905-453-2121, ext. 2233, o a Peel Crime Stoppers de forma an\u00f3nima al 1-800-222-8477 o en peelcrimestoppers.ca.<\/p>\n<p><em><strong>Buscan a otro ladr\u00f3n por robo<\/strong><\/em><\/p>\n<div id=\"attachment_532618\" style=\"width: 646px\" class=\"wp-caption alignnone\"><img loading=\"lazy\" decoding=\"async\" aria-describedby=\"caption-attachment-532618\" class=\"wp-image-532618 size-custom-full-size\" src=\"https:\/\/diarioelpopular.com\/wp-content\/uploads\/2025\/06\/Screen-Shot-2025-06-02-at-8.19.51-AM-636x477.png\" alt=\"Ovidiu Alexandru\" width=\"636\" height=\"477\" srcset=\"https:\/\/diarioelpopular.com\/wp-content\/uploads\/2025\/06\/Screen-Shot-2025-06-02-at-8.19.51-AM-636x477.png 636w, https:\/\/diarioelpopular.com\/wp-content\/uploads\/2025\/06\/Screen-Shot-2025-06-02-at-8.19.51-AM-300x225.png 300w, https:\/\/diarioelpopular.com\/wp-content\/uploads\/2025\/06\/Screen-Shot-2025-06-02-at-8.19.51-AM-97x73.png 97w, https:\/\/diarioelpopular.com\/wp-content\/uploads\/2025\/06\/Screen-Shot-2025-06-02-at-8.19.51-AM.png 754w\" sizes=\"auto, (max-width: 636px) 100vw, 636px\" \/><p id=\"caption-attachment-532618\" class=\"wp-caption-text\">Ovidiu Alexandru<\/p><\/div>\n<p>&nbsp;<\/p>\n<p>Un sujeto de Toronto de 32 a\u00f1os es buscado por la polic\u00eda, al que tambi\u00e9n est\u00e1 tratando de identificar a un segundo en una investigaci\u00f3n por robo.<\/p>\n<p>La Polic\u00eda de Toronto inform\u00f3 que respondi\u00f3 a una llamada por robo el 14 de mayo alrededor de las 3 p. m. En la zona de Woodbine Ave. y O&#8217;Connor Dr., donde la v\u00edctima caminaba cuando dos hombres se le acercaron.<\/p>\n<p>Los hombres conversaron con la v\u00edctima, posteriormente le robaron el reloj y huyeron.<\/p>\n<p>Ovidiu Alexandru es buscado por robo de m\u00e1s de $5,000.<\/p>\n<p>La polic\u00eda inform\u00f3 que se vio a un segundo hombre con una camisa oscura.<\/p>\n<p>Cualquier persona con informaci\u00f3n puede contactar a la polic\u00eda al 416-808-5500 o a Crime Stoppers de forma an\u00f3nima al 416-222-8477 o a trav\u00e9s de 222tips.com.<\/p>\n","protected":false},"excerpt":{"rendered":"<p>&nbsp; La Polic\u00eda Regional de Peel informa que un ni\u00f1o desaparecido, hallado el s\u00e1bado en estado cr\u00edtico, ha fallecido. &nbsp; La polic\u00eda acudi\u00f3 a la&hellip;<\/p>\n","protected":false},"author":99,"featured_media":532617,"comment_status":"open","ping_status":"open","sticky":false,"template":"","format":"standard","meta":{"footnotes":""},"categories":[11364],"tags":[],"class_list":["post-532616","post","type-post","status-publish","format-standard","has-post-thumbnail","hentry","category-toronto-gta"],"_links":{"self":[{"href":"https:\/\/diarioelpopular.com\/index.php\/wp-json\/wp\/v2\/posts\/532616","targetHints":{"allow":["GET"]}}],"collection":[{"href":"https:\/\/diarioelpopular.com\/index.php\/wp-json\/wp\/v2\/posts"}],"about":[{"href":"https:\/\/diarioelpopular.com\/index.php\/wp-json\/wp\/v2\/types\/post"}],"author":[{"embeddable":true,"href":"https:\/\/diarioelpopular.com\/index.php\/wp-json\/wp\/v2\/users\/99"}],"replies":[{"embeddable":true,"href":"https:\/\/diarioelpopular.com\/index.php\/wp-json\/wp\/v2\/comments?post=532616"}],"version-history":[{"count":3,"href":"https:\/\/diarioelpopular.com\/index.php\/wp-json\/wp\/v2\/posts\/532616\/revisions"}],"predecessor-version":[{"id":532622,"href":"https:\/\/diarioelpopular.com\/index.php\/wp-json\/wp\/v2\/posts\/532616\/revisions\/532622"}],"wp:featuredmedia":[{"embeddable":true,"href":"https:\/\/diarioelpopular.com\/index.php\/wp-json\/wp\/v2\/media\/532617"}],"wp:attachment":[{"href":"https:\/\/diarioelpopular.com\/index.php\/wp-json\/wp\/v2\/media?parent=532616"}],"wp:term":[{"taxonomy":"category","embeddable":true,"href":"https:\/\/diarioelpopular.com\/index.php\/wp-json\/wp\/v2\/categories?post=532616"},{"taxonomy":"post_tag","embeddable":true,"href":"https:\/\/diarioelpopular.com\/index.php\/wp-json\/wp\/v2\/tags?post=532616"}],"curies":[{"name":"wp","href":"https:\/\/api.w.org\/{rel}","templated":true}]}}