{"id":532630,"date":"2025-06-02T09:09:22","date_gmt":"2025-06-02T13:09:22","guid":{"rendered":"https:\/\/diarioelpopular.com\/?p=532630"},"modified":"2025-06-02T09:09:22","modified_gmt":"2025-06-02T13:09:22","slug":"bukele-me-tiene-sin-cuidado-que-me-llamen-dictador-lo-prefiero-a-que-maten-salvadorenos-en-la-calle","status":"publish","type":"post","link":"https:\/\/diarioelpopular.com\/index.php\/2025\/06\/02\/bukele-me-tiene-sin-cuidado-que-me-llamen-dictador-lo-prefiero-a-que-maten-salvadorenos-en-la-calle\/","title":{"rendered":"Bukele: \u201cMe tiene sin cuidado que me llamen dictador, lo prefiero a que maten salvadore\u00f1os en la calle\u201d"},"content":{"rendered":"<div id=\"attachment_532631\" style=\"width: 1210px\" class=\"wp-caption alignnone\"><img loading=\"lazy\" decoding=\"async\" aria-describedby=\"caption-attachment-532631\" class=\"wp-image-532631 size-custom-big-size\" src=\"https:\/\/diarioelpopular.com\/wp-content\/uploads\/2025\/06\/Screen-Shot-2025-06-02-at-9.08.09-AM-1200x802.png\" alt=\"\" width=\"1200\" height=\"802\" srcset=\"https:\/\/diarioelpopular.com\/wp-content\/uploads\/2025\/06\/Screen-Shot-2025-06-02-at-9.08.09-AM-1200x802.png 1200w, https:\/\/diarioelpopular.com\/wp-content\/uploads\/2025\/06\/Screen-Shot-2025-06-02-at-9.08.09-AM-300x201.png 300w, https:\/\/diarioelpopular.com\/wp-content\/uploads\/2025\/06\/Screen-Shot-2025-06-02-at-9.08.09-AM-768x513.png 768w, https:\/\/diarioelpopular.com\/wp-content\/uploads\/2025\/06\/Screen-Shot-2025-06-02-at-9.08.09-AM-1536x1027.png 1536w, https:\/\/diarioelpopular.com\/wp-content\/uploads\/2025\/06\/Screen-Shot-2025-06-02-at-9.08.09-AM-636x425.png 636w, https:\/\/diarioelpopular.com\/wp-content\/uploads\/2025\/06\/Screen-Shot-2025-06-02-at-9.08.09-AM-109x73.png 109w, https:\/\/diarioelpopular.com\/wp-content\/uploads\/2025\/06\/Screen-Shot-2025-06-02-at-9.08.09-AM.png 1024w\" sizes=\"auto, (max-width: 1200px) 100vw, 1200px\" \/><p id=\"caption-attachment-532631\" class=\"wp-caption-text\">Nayib Bukele, presidente de El Salvador, en el Congreso, este domingo antes de dar su discurso.\u00a0 \u00a0 \u00a0 \u00a0 \u00a0 \u00a0 \u00a0 \u00a0 \u00a0 \u00a0 \u00a0 \u00a0 \u00a0 \u00a0 \u00a0 \u00a0 \u00a0 \u00a0 \u00a0Foto Salvador Melendez (AP)<\/p><\/div>\n<p>&nbsp;<\/p>\n<p>&nbsp;<\/p>\n<h4 class=\"a_st\"><em>&#8211; El presidente salvadore\u00f1o carga contra las organizaciones de derechos humanos y la prensa en su discurso anual al pa\u00eds<\/em><\/h4>\n<p>&nbsp;<\/p>\n<p class=\"\">El presidente de El Salvador,\u00a0<a title=\"https:\/\/elpais.com\/america\/2025-06-01\/bukele-cumple-seis-anos-convertido-en-el-presidente-todopoderoso-de-el-salvador.html\" href=\"https:\/\/elpais.com\/america\/2025-06-01\/bukele-cumple-seis-anos-convertido-en-el-presidente-todopoderoso-de-el-salvador.html\" target=\"_blank\" rel=\"noopener\" data-link-track-dtm=\"\" data-mrf-link=\"https:\/\/elpais.com\/america\/2025-06-01\/bukele-cumple-seis-anos-convertido-en-el-presidente-todopoderoso-de-el-salvador.html\">Nayib Bukele<\/a>, como colof\u00f3n a su m\u00e1s reciente embestida autoritaria, dej\u00f3 claro este domingo que no le importa que los medios o la comunidad internacional lo llamen \u201cdictador\u201d y se dedic\u00f3 durante 80 minutos en cadena nacional a atacar a las voces cr\u00edticas dentro y fuera del pa\u00eds. \u201cA los medios internacionales, \u00bfsaben qu\u00e9? Me tiene sin cuidado que me llamen dictador. Prefiero eso a que maten salvadore\u00f1os en la calle. Cuando agarro el tel\u00e9fono veo que dicen: \u2018dictador, dictador, dictador\u2019. Prefiero eso a leer: \u2018asesinato, asesinato, asesinato\u201d&#8217;.<\/p>\n<p class=\"\">Rodeado de un imponente operativo militar y policial,\u00a0<a title=\"https:\/\/elpais.com\/america\/2025-05-18\/nayib-bukele-consolida-su-perfil-autoritario-en-el-salvador.html\" href=\"https:\/\/elpais.com\/america\/2025-05-18\/nayib-bukele-consolida-su-perfil-autoritario-en-el-salvador.html\" target=\"_blank\" rel=\"noopener\" data-link-track-dtm=\"\" data-mrf-link=\"https:\/\/elpais.com\/america\/2025-05-18\/nayib-bukele-consolida-su-perfil-autoritario-en-el-salvador.html\">Bukele entr\u00f3 a Palacio Nacional\u00a0<\/a>por la alfombra roja frente a miles de salvadore\u00f1os y dio un discurso en lugar de la rendici\u00f3n de cuentas que est\u00e1 obligado por ley a dar cada a\u00f1o. Este es el primer discurso que Bukele da en su segundo periodo presidencial, excediendo los cinco a\u00f1os que establece la constituci\u00f3n. Este es un hito hist\u00f3rico en El Salvador, ya que el \u00faltimo presidente en reelegirse fue el dictador Maximiliano Hern\u00e1ndez Mart\u00ednez, quien gobern\u00f3 de 1931 a 1944.<\/p>\n<p class=\"\">Bukele inici\u00f3 su discurso enfatizando sus resultados en seguridad. Asegur\u00f3 que en los 25 a\u00f1os que las temibles pandillas que operaron en El Salvador, la\u00a0<a title=\"https:\/\/elpais.com\/mexico\/2025-03-31\/el-exilio-invisible-de-la-ms-13-en-mexico.html\" href=\"https:\/\/elpais.com\/mexico\/2025-03-31\/el-exilio-invisible-de-la-ms-13-en-mexico.html\" target=\"_blank\" rel=\"noopener\" data-link-track-dtm=\"\" data-mrf-link=\"https:\/\/elpais.com\/mexico\/2025-03-31\/el-exilio-invisible-de-la-ms-13-en-mexico.html\">MS-13 y Barrio 18<\/a>, fueron responsables de m\u00e1s de 200.000 asesinatos. Sin embargo, no dijo de d\u00f3nde sali\u00f3 esa informaci\u00f3n. \u201cLa transformaci\u00f3n de El Salvador ha sido una de las m\u00e1s r\u00e1pidas de la historia moderna, pero para nosotros ha sido lenta. Ya logramos lo imposible, pero nuestro trabajo apenas comienza. Tuvimos que luchar por lo que otros pa\u00edses ya dan por sentado, que es la posibilidad de construir un futuro en sus propios t\u00e9rminos\u201d, dijo.<\/p>\n<p class=\"\">El mandatario continu\u00f3 haciendo \u00e9nfasis en las publicaciones period\u00edsticas recientes y pronunciamientos de organismos defensores de derechos humanos que han denunciado una escalada en su autoritarismo. En el mes de mayo, en<a title=\"https:\/\/elpais.com\/america\/2025-05-21\/el-salvador-de-bukele-aprueba-una-ley-mordaza-contra-organizaciones-y-prensa-independiente.html\" href=\"https:\/\/elpais.com\/america\/2025-05-21\/el-salvador-de-bukele-aprueba-una-ley-mordaza-contra-organizaciones-y-prensa-independiente.html\" target=\"_blank\" rel=\"noopener\" data-link-track-dtm=\"\" data-mrf-link=\"https:\/\/elpais.com\/america\/2025-05-21\/el-salvador-de-bukele-aprueba-una-ley-mordaza-contra-organizaciones-y-prensa-independiente.html\">\u00a0El Salvador<\/a>\u00a0fueron arrestadas al menos 15 personas, entre empresarios de transporte, activistas, defensores de derechos humanos y l\u00edderes campesinos. Tambi\u00e9n m\u00e1s de una docena de periodistas ha tenido que salir del pa\u00eds por temor a represalias.<\/p>\n<p class=\"\">El perfil autoritario de Bukele se ha consolidado a lo largo de sus seis a\u00f1os en el poder pasando de tener un discurso fresco y moderno a uno m\u00e1s aut\u00f3crata. Sin embargo, no le est\u00e1 afectando a\u00fan en su popularidad. Seg\u00fan la \u00faltima encuesta publicada a finales de mayo por Cid Gallup, Bukele sigue teniendo m\u00e1s del 80% de aprobaci\u00f3n de la poblaci\u00f3n.<\/p>\n<p class=\"\">En su discurso, Bukele hizo referencia al \u00edndice de democracia publicado por el medio brit\u00e1nico\u00a0<i>The Economist<\/i>\u00a0en febrero. En este, El Salvador aparece en el puesto 95 de 167, con una valoraci\u00f3n por debajo del 5, donde 0 es nada democr\u00e1tico y 10 es muy democr\u00e1tico. El mandatario, en ese caso, aprovech\u00f3 para compararse con Espa\u00f1a. \u201cMe impresiona c\u00f3mo pa\u00edses con monarqu\u00edas salen mejor evaluados que nosotros. Hace unos a\u00f1os tuvimos como invitado al rey de Espa\u00f1a, todo un caballero, por cierto. Y nosotros respetamos la autodeterminaci\u00f3n de los pueblos que quieren una monarqu\u00eda. Pero, al final, es quien hace el \u00edndice y a conveniencia de quien le convenga\u201d, dijo. En el mismo \u00edndice publicado por<i>\u00a0The Economist<\/i>, Espa\u00f1a sali\u00f3 en el puesto 21 con un puntaje de 8,13.<\/p>\n<p class=\"\">\u201cAlgunos dicen que antes hab\u00eda democracia en El Salvador y ahora no. \u00bfHan le\u00eddo eso, verdad? Pero lo cierto es que antes se pod\u00eda elegir entre lo malo y lo peor. El que diga que no es as\u00ed es porque esa era su fuente de ingresos. Los \u00fanicos que lo dicen son los que no conocen o los que viv\u00edan de eso\u201d, a\u00f1adi\u00f3.<\/p>\n<p class=\"\">El mandatario asegur\u00f3 que las recientes cr\u00edticas a sus medidas punitivas y la persecuci\u00f3n a activistas son parte de una \u201cagenda globalista que tiene miedo a un efecto domin\u00f3\u201d. \u201cDicen que encarcelamos defensores de derechos humanos, disidentes, opositores al r\u00e9gimen. Yo me pongo a pensar, c\u00f3mo podemos combatir la corrupci\u00f3n si toda la oposici\u00f3n tiene inmunidad. Ahora algunos se pusieron el carn\u00e9 de perseguidos pol\u00edticos. Ser periodista del club les permite infringir la ley sin consecuencias\u201d, dijo.<\/p>\n<p class=\"\">\u201cEllos no est\u00e1n ah\u00ed para defender causas, est\u00e1n ah\u00ed para conseguir impunidad de la corrupci\u00f3n y del crimen para sus miembros. Ellos quieren imponer su narrativa, lo cual hacen todos los partidos pol\u00edticos del mundo\u201d, a\u00f1adi\u00f3.<\/p>\n<p class=\"\">Bukele adem\u00e1s asegur\u00f3 que la cobertura period\u00edstica internacional se trata de un \u201cataque coordinado\u201d y que hay \u201cfuerzas externas\u201d que lo patrocinan. \u201cEllos no son periodistas, son activistas pol\u00edticos que est\u00e1n haciendo negocio\u201d, dijo.<\/p>\n<p class=\"\">El mandatario tambi\u00e9n aprovech\u00f3 para justificar la<a title=\"https:\/\/elpais.com\/internacional\/2021-11-11\/bukele-emula-una-de-las-leyes-represivas-de-ortega-para-acallar-la-critica-en-el-salvador.html\" href=\"https:\/\/elpais.com\/internacional\/2021-11-11\/bukele-emula-una-de-las-leyes-represivas-de-ortega-para-acallar-la-critica-en-el-salvador.html\" target=\"_blank\" rel=\"noopener\" data-link-track-dtm=\"\" data-mrf-link=\"https:\/\/elpais.com\/internacional\/2021-11-11\/bukele-emula-una-de-las-leyes-represivas-de-ortega-para-acallar-la-critica-en-el-salvador.html\">\u00a0Ley de Agentes Extranjeros\u00a0<\/a>aprobada el pasado 20 de mayo, con la que su gobierno podr\u00e1 decidir qu\u00e9 organizaci\u00f3n puede trabajar en El Salvador y cu\u00e1l no, adem\u00e1s de cargar con un 30% de impuestos sobre sus ingresos a quienes \u00e9l mismo decida. \u201cCreo que (la supuesta injerencia extranjera) deber\u00eda estar prohibida en todos los pa\u00edses del mundo. Pero aun as\u00ed la vamos a permitir. Lo \u00fanico que le vamos a pedir es que paguen sus impuestos\u201d, dijo.<\/p>\n<p class=\"\">Adem\u00e1s, asegur\u00f3 que las organizaciones de ayuda humanitaria estar\u00e1n exentas de ese impuesto, pero las que realicen actividades \u201cpol\u00edticas\u201d deber\u00e1n pagar. La ley establece que ser\u00e1 el mismo presidente quien defina los \u201cconceptos\u201d de la ley, es decir, que ser\u00e1 \u00e9l quien determinar\u00e1 lo que significa hacer pol\u00edtica o no.<\/p>\n","protected":false},"excerpt":{"rendered":"<p>&nbsp; &nbsp; &#8211; El presidente salvadore\u00f1o carga contra las organizaciones de derechos humanos y la prensa en su discurso anual al pa\u00eds &nbsp; El presidente&hellip;<\/p>\n","protected":false},"author":99,"featured_media":532631,"comment_status":"open","ping_status":"open","sticky":false,"template":"","format":"standard","meta":{"footnotes":""},"categories":[23],"tags":[],"class_list":["post-532630","post","type-post","status-publish","format-standard","has-post-thumbnail","hentry","category-latinoamerica"],"_links":{"self":[{"href":"https:\/\/diarioelpopular.com\/index.php\/wp-json\/wp\/v2\/posts\/532630","targetHints":{"allow":["GET"]}}],"collection":[{"href":"https:\/\/diarioelpopular.com\/index.php\/wp-json\/wp\/v2\/posts"}],"about":[{"href":"https:\/\/diarioelpopular.com\/index.php\/wp-json\/wp\/v2\/types\/post"}],"author":[{"embeddable":true,"href":"https:\/\/diarioelpopular.com\/index.php\/wp-json\/wp\/v2\/users\/99"}],"replies":[{"embeddable":true,"href":"https:\/\/diarioelpopular.com\/index.php\/wp-json\/wp\/v2\/comments?post=532630"}],"version-history":[{"count":1,"href":"https:\/\/diarioelpopular.com\/index.php\/wp-json\/wp\/v2\/posts\/532630\/revisions"}],"predecessor-version":[{"id":532632,"href":"https:\/\/diarioelpopular.com\/index.php\/wp-json\/wp\/v2\/posts\/532630\/revisions\/532632"}],"wp:featuredmedia":[{"embeddable":true,"href":"https:\/\/diarioelpopular.com\/index.php\/wp-json\/wp\/v2\/media\/532631"}],"wp:attachment":[{"href":"https:\/\/diarioelpopular.com\/index.php\/wp-json\/wp\/v2\/media?parent=532630"}],"wp:term":[{"taxonomy":"category","embeddable":true,"href":"https:\/\/diarioelpopular.com\/index.php\/wp-json\/wp\/v2\/categories?post=532630"},{"taxonomy":"post_tag","embeddable":true,"href":"https:\/\/diarioelpopular.com\/index.php\/wp-json\/wp\/v2\/tags?post=532630"}],"curies":[{"name":"wp","href":"https:\/\/api.w.org\/{rel}","templated":true}]}}