{"id":532657,"date":"2025-06-03T08:15:12","date_gmt":"2025-06-03T12:15:12","guid":{"rendered":"https:\/\/diarioelpopular.com\/?p=532657"},"modified":"2025-06-03T08:15:12","modified_gmt":"2025-06-03T12:15:12","slug":"mujeres-han-sido-blanco-de-agresiones-por-odio-en-union-station","status":"publish","type":"post","link":"https:\/\/diarioelpopular.com\/index.php\/2025\/06\/03\/mujeres-han-sido-blanco-de-agresiones-por-odio-en-union-station\/","title":{"rendered":"Mujeres, han sido blanco de agresiones por odio en Union Station"},"content":{"rendered":"<div id=\"attachment_532658\" style=\"width: 646px\" class=\"wp-caption alignnone\"><img loading=\"lazy\" decoding=\"async\" aria-describedby=\"caption-attachment-532658\" class=\"wp-image-532658 size-custom-full-size\" src=\"https:\/\/diarioelpopular.com\/wp-content\/uploads\/2025\/06\/Screen-Shot-2025-06-03-at-8.12.49-AM-636x478.png\" alt=\"\" width=\"636\" height=\"478\" srcset=\"https:\/\/diarioelpopular.com\/wp-content\/uploads\/2025\/06\/Screen-Shot-2025-06-03-at-8.12.49-AM-636x478.png 636w, https:\/\/diarioelpopular.com\/wp-content\/uploads\/2025\/06\/Screen-Shot-2025-06-03-at-8.12.49-AM-300x226.png 300w, https:\/\/diarioelpopular.com\/wp-content\/uploads\/2025\/06\/Screen-Shot-2025-06-03-at-8.12.49-AM-97x73.png 97w, https:\/\/diarioelpopular.com\/wp-content\/uploads\/2025\/06\/Screen-Shot-2025-06-03-at-8.12.49-AM.png 750w\" sizes=\"auto, (max-width: 636px) 100vw, 636px\" \/><p id=\"caption-attachment-532658\" class=\"wp-caption-text\">Kevin Thomas Delgado Pina, 23. Foto TORONTO POLICE<\/p><\/div>\n<p>&nbsp;<\/p>\n<p>&nbsp;<\/p>\n<ul>\n<li><em><strong>Un sujeto de 23 a\u00f1os se encuentra bajo custodia policial y la polic\u00eda cree que podr\u00eda haber m\u00e1s v\u00edctimas en el marco de una investigaci\u00f3n por agresi\u00f3n por odio tras los incidentes del lunes en Union Station.<\/strong><\/em><\/li>\n<\/ul>\n<p>&nbsp;<\/p>\n<p>La Polic\u00eda de Toronto respondi\u00f3 a varias llamadas a las 8:50 a. m. Seg\u00fan la polic\u00eda, un hombre caminaba por la zona de cercan\u00edas del centro y se acerc\u00f3 a varias mujeres y las agredi\u00f3 sin provocaci\u00f3n.<\/p>\n<p>El hombre fue encontrado y arrestado por la polic\u00eda. Tras su arresto, la polic\u00eda dijo que hizo &#8220;comentarios antifemeninos&#8221;. Las v\u00edctimas sufrieron lesiones que no pusieron en peligro su vida.<\/p>\n<p>Kevin Thomas Delgado Pina fue acusado de 10 cargos de agresi\u00f3n.<\/p>\n<p>Cualquier persona con informaci\u00f3n puede contactar a la polic\u00eda al 416-808-5200 o a Crime Stoppers de forma an\u00f3nima al 416-222-8477 o a trav\u00e9s de 222tips.com.<\/p>\n<p><em><strong>Arrestado por agresi\u00f3n y robo de bandera<\/strong><\/em><\/p>\n<p>Un individuo de Toronto de 65 a\u00f1os enfrenta cargos por robo y posesi\u00f3n de armas tras intentar robar una bandera israel\u00ed en el centro de la ciudad.<\/p>\n<p>La Polic\u00eda de Toronto inform\u00f3 que la v\u00edctima sosten\u00eda una bandera israel\u00ed el domingo en la zona de Yonge-Dundas cuando un hombre presuntamente intent\u00f3 quit\u00e1rsela por la fuerza y \u200b\u200bagredirla. La polic\u00eda indic\u00f3 que el hombre blandi\u00f3 un arma, lo que provoc\u00f3 la intervenci\u00f3n de un transe\u00fante.<\/p>\n<p>La polic\u00eda lleg\u00f3 y detuvo al hombre. La v\u00edctima sufri\u00f3 heridas leves.<\/p>\n<p>A-lan Clarke fue acusado de intento de delito, robo con violencia, porte de arma oculta y armas peligrosas.<\/p>\n<p>Cualquier persona con informaci\u00f3n puede contactar a la polic\u00eda al 416-808-3500 o a Crime Stoppers de forma an\u00f3nima al 416-222-8477 o a trav\u00e9s de 222tips.com.<\/p>\n<p><em><strong>Sujeto de Mississauga acusado por agresi\u00f3n sexual<\/strong><\/em><\/p>\n<div id=\"attachment_532659\" style=\"width: 646px\" class=\"wp-caption alignnone\"><img loading=\"lazy\" decoding=\"async\" aria-describedby=\"caption-attachment-532659\" class=\"wp-image-532659 size-custom-full-size\" src=\"https:\/\/diarioelpopular.com\/wp-content\/uploads\/2025\/06\/Screen-Shot-2025-06-03-at-8.13.36-AM-636x477.png\" alt=\"\" width=\"636\" height=\"477\" srcset=\"https:\/\/diarioelpopular.com\/wp-content\/uploads\/2025\/06\/Screen-Shot-2025-06-03-at-8.13.36-AM-636x477.png 636w, https:\/\/diarioelpopular.com\/wp-content\/uploads\/2025\/06\/Screen-Shot-2025-06-03-at-8.13.36-AM-300x225.png 300w, https:\/\/diarioelpopular.com\/wp-content\/uploads\/2025\/06\/Screen-Shot-2025-06-03-at-8.13.36-AM-97x73.png 97w, https:\/\/diarioelpopular.com\/wp-content\/uploads\/2025\/06\/Screen-Shot-2025-06-03-at-8.13.36-AM.png 754w\" sizes=\"auto, (max-width: 636px) 100vw, 636px\" \/><p id=\"caption-attachment-532659\" class=\"wp-caption-text\">Ravinder Dhaliwal, 27. Foto PEEL REGIONAL POLICE<\/p><\/div>\n<p>&nbsp;<\/p>\n<p>Un hombre de 27 a\u00f1os de Mississauga ha sido acusado tras presuntamente agredir sexualmente a una mujer que fue contactada en l\u00ednea para prestar servicios de limpieza a domicilio.<\/p>\n<p>La Polic\u00eda Regional de Peel inform\u00f3 que la v\u00edctima acudi\u00f3 a la residencia del acusado el 6 de mayo para prestar servicios de limpieza, para lo cual fue contactada a trav\u00e9s de una plataforma en l\u00ednea.<\/p>\n<p>Una vez dentro, la polic\u00eda indic\u00f3 que la v\u00edctima fue agredida sexualmente y amenazada.<\/p>\n<p>Ravinder Dhaliwal fue arrestado el 7 de mayo y acusado de agresi\u00f3n, agresi\u00f3n sexual, agresi\u00f3n sexual con estrangulamiento, confinamiento forzoso y proferir amenazas de muerte o lesiones corporales.<\/p>\n<p>Los investigadores temen que pueda haber m\u00e1s v\u00edctimas e instan a cualquier persona que tenga informaci\u00f3n a contactar a la polic\u00eda al 905-453-2121, Ext. 3460, o a Peel Crime Stoppers al 1-800-222-8477 o a peelcrimestoppers.ca.<\/p>\n<p><em><strong>Ataque a comercio de Brampton<\/strong><\/em><\/p>\n<p>La polic\u00eda de la regi\u00f3n de Peel investiga lo que cree que fue un incendio provocado en un negocio de Brampton.<\/p>\n<p>La Polic\u00eda Regional de Peel inform\u00f3 que el domingo, alrededor de las 7 a. m., un negocio en la zona de Rutherford-Bramsteele Rds. fue incendiado intencionalmente, lo que caus\u00f3 da\u00f1os considerables. No hubo heridos.<\/p>\n<p>Se solicita a cualquier persona que tenga informaci\u00f3n sobre este incidente, incluyendo a quienes hayan estado en la zona y tengan grabaciones de video, que se comunique con la polic\u00eda al 905-453-2121, Ext. 2233, o con Peel Crime Stoppers al 1-800-222-8477 o visite peelcrimestoppers.ca.<\/p>\n","protected":false},"excerpt":{"rendered":"<p>&nbsp; &nbsp; Un sujeto de 23 a\u00f1os se encuentra bajo custodia policial y la polic\u00eda cree que podr\u00eda haber m\u00e1s v\u00edctimas en el marco de&hellip;<\/p>\n","protected":false},"author":99,"featured_media":532658,"comment_status":"open","ping_status":"open","sticky":false,"template":"","format":"standard","meta":{"footnotes":""},"categories":[11364],"tags":[],"class_list":["post-532657","post","type-post","status-publish","format-standard","has-post-thumbnail","hentry","category-toronto-gta"],"_links":{"self":[{"href":"https:\/\/diarioelpopular.com\/index.php\/wp-json\/wp\/v2\/posts\/532657","targetHints":{"allow":["GET"]}}],"collection":[{"href":"https:\/\/diarioelpopular.com\/index.php\/wp-json\/wp\/v2\/posts"}],"about":[{"href":"https:\/\/diarioelpopular.com\/index.php\/wp-json\/wp\/v2\/types\/post"}],"author":[{"embeddable":true,"href":"https:\/\/diarioelpopular.com\/index.php\/wp-json\/wp\/v2\/users\/99"}],"replies":[{"embeddable":true,"href":"https:\/\/diarioelpopular.com\/index.php\/wp-json\/wp\/v2\/comments?post=532657"}],"version-history":[{"count":1,"href":"https:\/\/diarioelpopular.com\/index.php\/wp-json\/wp\/v2\/posts\/532657\/revisions"}],"predecessor-version":[{"id":532660,"href":"https:\/\/diarioelpopular.com\/index.php\/wp-json\/wp\/v2\/posts\/532657\/revisions\/532660"}],"wp:featuredmedia":[{"embeddable":true,"href":"https:\/\/diarioelpopular.com\/index.php\/wp-json\/wp\/v2\/media\/532658"}],"wp:attachment":[{"href":"https:\/\/diarioelpopular.com\/index.php\/wp-json\/wp\/v2\/media?parent=532657"}],"wp:term":[{"taxonomy":"category","embeddable":true,"href":"https:\/\/diarioelpopular.com\/index.php\/wp-json\/wp\/v2\/categories?post=532657"},{"taxonomy":"post_tag","embeddable":true,"href":"https:\/\/diarioelpopular.com\/index.php\/wp-json\/wp\/v2\/tags?post=532657"}],"curies":[{"name":"wp","href":"https:\/\/api.w.org\/{rel}","templated":true}]}}