{"id":532690,"date":"2025-06-03T22:48:55","date_gmt":"2025-06-04T02:48:55","guid":{"rendered":"https:\/\/diarioelpopular.com\/?p=532690"},"modified":"2025-06-03T22:48:55","modified_gmt":"2025-06-04T02:48:55","slug":"judy-sgro-reelecta-en-la-camara-de-representantes-del-parlamento","status":"publish","type":"post","link":"https:\/\/diarioelpopular.com\/index.php\/2025\/06\/03\/judy-sgro-reelecta-en-la-camara-de-representantes-del-parlamento\/","title":{"rendered":"Judy Sgro reelecta en la C\u00e1mara de Representantes del Parlamento\u00a0"},"content":{"rendered":"<div class=\"page\" title=\"Page 1\">\n<div class=\"layoutArea\">\n<div class=\"column\">\n<p><img loading=\"lazy\" decoding=\"async\" class=\"alignnone size-custom-full-size wp-image-532691\" src=\"https:\/\/diarioelpopular.com\/wp-content\/uploads\/2025\/06\/Judy-Sgro-image.jpg\" alt=\"\" width=\"598\" height=\"593\" srcset=\"https:\/\/diarioelpopular.com\/wp-content\/uploads\/2025\/06\/Judy-Sgro-image.jpg 598w, https:\/\/diarioelpopular.com\/wp-content\/uploads\/2025\/06\/Judy-Sgro-image-300x297.jpg 300w, https:\/\/diarioelpopular.com\/wp-content\/uploads\/2025\/06\/Judy-Sgro-image-150x150.jpg 150w, https:\/\/diarioelpopular.com\/wp-content\/uploads\/2025\/06\/Judy-Sgro-image-74x73.jpg 74w\" sizes=\"auto, (max-width: 598px) 100vw, 598px\" \/><\/p>\n<p>&nbsp;<\/p>\n<p><em><strong>-La comunidad de habla hispana la aclam\u00f3 luego de su reelecci\u00f3n<\/strong><\/em><\/p>\n<p>&nbsp;<\/p>\n<p><em>Por : Carlos Enrique Terry<\/em><\/p>\n<p>Las pasadas elecciones del 28 de abril, fueron de triunfo para el Partido Liberal, la elecci\u00f3n de Mark Carney, mostr\u00f3 a la comunidad multicultural canadiense, la importancia de continuar por el camino del desarrollo, si bien es cierto las opiniones previas fueron desencadenando ciertas dudas en las intenciones de voto, se fue logrando el ideal trazado. Sabemos que los tiempos son bastante dif\u00edciles debido a las permanentes opiniones y presiones del presidente de los Estados Unidos &#8230; Canad\u00e1 mostr\u00f3 al mundo entero que es y ser\u00e1 un pa\u00eds soberano y que jamas aceptara ser furg\u00f3n de cola ni mucho menos el Estado 51 como lo sugiri\u00f3 Trump. En fin este comentario lo efectuamos como una nota previa a la aclamada elecci\u00f3n de Judy Sgro.<\/p>\n<p>Hablar de la experiencia, integridad y honestidad de Judy Sgro se convierte en un ac\u00e1pite especial para nuestra comunidad latinoamericana, tenemos como un gran logro el apoyo incondicional de esta digna representante, que en mas de veinticinco anos ha demostrado que juntos podemos lograr los objetivos anhelados, los cuales convierten su participaci\u00f3n en una permanente evoluci\u00f3n de objetivos por los cuales hemos venido luchando incansablemente a lo largo de los a\u00f1os. Lo cierto es que esta reelecci\u00f3n nos abriga esperanzas de recuperaci\u00f3n y creemos firmemente que su experiencia y la permanente cercan\u00eda con nuestra comunidad marcaran los hitos de nuevas y mejores glorias para todos.<\/p>\n<p>Entre los logros alcanzados por Judy Sgro podemos enumerar , la construccion de edificios cooperativos con la firme intencion de apoyar a las familias de escasos recursos . el corte de pagos de impuestos para las familias de clase media, la proteccion de tarifas buscando la igualdad en las importaciones y exportaciones con otros paises, la eliminacion del GST en los precios de las casas hasta por un millon de dolares a los compradores , apoyo permanente en la manufactura de automoviles en toda su extension sobre todo a nuestra industria nacional, el uso del acero, aluminio y minerales , para mostrar al mundo entero la gran economia de Canada en el G7<\/p>\n<p>Estos son algunos razgos de la reelecta representante por la zona de Humber River y Black Creek, en breve publicaremos una entrevista exclusiva a Judy Sgro tanto en su oficia de Ottawa como desde Toronto.. nuestra etnia asegura estar bien representada.<\/p>\n<p>Para cualquier consulta, su oficina esta situada en el 2201 Finch Ave West. Unidad 25 T:416-744-1882<\/p>\n<\/div>\n<\/div>\n<\/div>\n","protected":false},"excerpt":{"rendered":"<p>&nbsp; -La comunidad de habla hispana la aclam\u00f3 luego de su reelecci\u00f3n &nbsp; Por : Carlos Enrique Terry Las pasadas elecciones del 28 de abril,&hellip;<\/p>\n","protected":false},"author":99,"featured_media":532691,"comment_status":"open","ping_status":"open","sticky":false,"template":"","format":"standard","meta":{"footnotes":""},"categories":[11364],"tags":[],"class_list":["post-532690","post","type-post","status-publish","format-standard","has-post-thumbnail","hentry","category-toronto-gta"],"_links":{"self":[{"href":"https:\/\/diarioelpopular.com\/index.php\/wp-json\/wp\/v2\/posts\/532690","targetHints":{"allow":["GET"]}}],"collection":[{"href":"https:\/\/diarioelpopular.com\/index.php\/wp-json\/wp\/v2\/posts"}],"about":[{"href":"https:\/\/diarioelpopular.com\/index.php\/wp-json\/wp\/v2\/types\/post"}],"author":[{"embeddable":true,"href":"https:\/\/diarioelpopular.com\/index.php\/wp-json\/wp\/v2\/users\/99"}],"replies":[{"embeddable":true,"href":"https:\/\/diarioelpopular.com\/index.php\/wp-json\/wp\/v2\/comments?post=532690"}],"version-history":[{"count":1,"href":"https:\/\/diarioelpopular.com\/index.php\/wp-json\/wp\/v2\/posts\/532690\/revisions"}],"predecessor-version":[{"id":532692,"href":"https:\/\/diarioelpopular.com\/index.php\/wp-json\/wp\/v2\/posts\/532690\/revisions\/532692"}],"wp:featuredmedia":[{"embeddable":true,"href":"https:\/\/diarioelpopular.com\/index.php\/wp-json\/wp\/v2\/media\/532691"}],"wp:attachment":[{"href":"https:\/\/diarioelpopular.com\/index.php\/wp-json\/wp\/v2\/media?parent=532690"}],"wp:term":[{"taxonomy":"category","embeddable":true,"href":"https:\/\/diarioelpopular.com\/index.php\/wp-json\/wp\/v2\/categories?post=532690"},{"taxonomy":"post_tag","embeddable":true,"href":"https:\/\/diarioelpopular.com\/index.php\/wp-json\/wp\/v2\/tags?post=532690"}],"curies":[{"name":"wp","href":"https:\/\/api.w.org\/{rel}","templated":true}]}}