{"id":532764,"date":"2025-06-06T08:22:25","date_gmt":"2025-06-06T12:22:25","guid":{"rendered":"https:\/\/diarioelpopular.com\/?p=532764"},"modified":"2025-06-06T08:22:25","modified_gmt":"2025-06-06T12:22:25","slug":"carney-acuerda-regularizar-la-comunicacion-entre-canada-y-china","status":"publish","type":"post","link":"https:\/\/diarioelpopular.com\/index.php\/2025\/06\/06\/carney-acuerda-regularizar-la-comunicacion-entre-canada-y-china\/","title":{"rendered":"Carney acuerda regularizar la comunicaci\u00f3n entre Canad\u00e1 y China"},"content":{"rendered":"<p><img loading=\"lazy\" decoding=\"async\" class=\"alignnone size-custom-full-size wp-image-532765\" src=\"https:\/\/diarioelpopular.com\/wp-content\/uploads\/2025\/06\/Screen-Shot-2025-06-06-at-8.21.54-AM-636x335.png\" alt=\"\" width=\"636\" height=\"335\" srcset=\"https:\/\/diarioelpopular.com\/wp-content\/uploads\/2025\/06\/Screen-Shot-2025-06-06-at-8.21.54-AM-636x335.png 636w, https:\/\/diarioelpopular.com\/wp-content\/uploads\/2025\/06\/Screen-Shot-2025-06-06-at-8.21.54-AM-300x158.png 300w, https:\/\/diarioelpopular.com\/wp-content\/uploads\/2025\/06\/Screen-Shot-2025-06-06-at-8.21.54-AM-768x405.png 768w, https:\/\/diarioelpopular.com\/wp-content\/uploads\/2025\/06\/Screen-Shot-2025-06-06-at-8.21.54-AM-139x73.png 139w, https:\/\/diarioelpopular.com\/wp-content\/uploads\/2025\/06\/Screen-Shot-2025-06-06-at-8.21.54-AM.png 850w\" sizes=\"auto, (max-width: 636px) 100vw, 636px\" \/><\/p>\n<p>&nbsp;<\/p>\n<p>&nbsp;<\/p>\n<p>En una medida notable en medio de las recientes tensiones diplom\u00e1ticas y comerciales, el primer ministro Mark Carney acord\u00f3 regularizar los canales de comunicaci\u00f3n entre Canad\u00e1 y China tras conversar con un alto funcionario chino el jueves.<\/p>\n<p>&nbsp;<\/p>\n<p>Seg\u00fan un comunicado de la Oficina del Primer Ministro (OPM) publicado el jueves por la noche, Carney y el primer ministro chino, Li Qiang, tambi\u00e9n acordaron colaborar para abordar la crisis del fentanilo y abordaron el comercio entre ambos pa\u00edses.<\/p>\n<p>\u201cEl primer ministro Carney aprovech\u00f3 la oportunidad para plantear al primer ministro Li los problemas comerciales que afectan a la agricultura y los productos agroalimentarios, como la canola y los mariscos, as\u00ed como otros asuntos\u201d, indica el comunicado.<\/p>\n<p>\u201cAcogieron con satisfacci\u00f3n la reuni\u00f3n de sus ministros de comercio de esta semana, durante la cual Canad\u00e1 y China acordaron convocar la Comisi\u00f3n Econ\u00f3mica y Comercial Conjunta (CECC) lo antes posible para abordar los asuntos comerciales pendientes\u201d, contin\u00faa el comunicado.<\/p>\n<p>La OPM confirm\u00f3 que esta fue la primera conversaci\u00f3n de Carney con el primer ministro Li desde que asumi\u00f3 el cargo.<\/p>\n<p>En una entrevista con CTV Question Period en mayo, el embajador de China en Canad\u00e1, Wang Di, expres\u00f3 el deseo de China de reunirse con el gobierno de Carney &#8220;lo antes posible&#8221; para abordar los \u00faltimos asuntos comerciales entre ambos pa\u00edses.<\/p>\n<p>En octubre pasado, bajo el gobierno del ex primer ministro Justin Trudeau, Canad\u00e1 sigui\u00f3 el ejemplo de Estados Unidos e impuso un arancel del 100 % a los veh\u00edculos el\u00e9ctricos (VE) chinos, acusando a Pek\u00edn de &#8220;distorsionar el comercio mundial&#8221; al exportar VE a &#8220;precios injustamente bajos&#8221;.<\/p>\n<p>Canad\u00e1 tambi\u00e9n impuso a China un arancel del 25 % al acero y el aluminio chinos.<\/p>\n<p>Tras su propia investigaci\u00f3n antidiscriminaci\u00f3n, China respondi\u00f3 imponiendo un arancel del 100 % al aceite y la harina de canola canadienses, junto con otros aranceles a productos agr\u00edcolas canadienses.<\/p>\n<p>En 2024, las exportaciones totales de canola de Canad\u00e1 a China alcanzaron un valor de casi 5000 millones de d\u00f3lares. China es tambi\u00e9n el segundo mercado de productos del mar m\u00e1s grande de Canad\u00e1.<\/p>\n<p>Los primeros ministros han estado presionando a Carney para que mejore las relaciones comerciales con China y logre la eliminaci\u00f3n de dichos aranceles.<\/p>\n<p>En la Reuni\u00f3n de Premiers celebrada el lunes en Saskatoon, Carney afirm\u00f3 que el gobierno federal planeaba trabajar urgentemente para eliminar los aranceles chinos sobre los productos agr\u00edcolas y pesqueros canadienses afectados.<\/p>\n<p>&#8220;El gobierno canadiense est\u00e1 en contacto con sus hom\u00f3logos chinos a nivel ministerial y continuaremos esas conversaciones&#8221;, declar\u00f3 Carney a la prensa el lunes.<\/p>\n<p>La relaci\u00f3n entre Canad\u00e1 y China a\u00fan no se ha recuperado desde 2018, despu\u00e9s de que Canad\u00e1 arrestara a la ejecutiva de Huawei, Meng Wanzhou, en nombre de Estados Unidos, por cargos de fraude bancario. D\u00edas despu\u00e9s, China detuvo por separado a los canadienses Michael Kovrig y Michael Spavor por acusaciones de espionaje, acusaciones que ellos negaron. Ambos fueron finalmente liberados tras pasar m\u00e1s de 1.000 d\u00edas en una prisi\u00f3n china, poco despu\u00e9s de que la propia Meng fuera liberada de su arresto domiciliario.<\/p>\n<p>El embajador de China en Canad\u00e1, quien asumi\u00f3 su cargo en junio de 2024, reconoci\u00f3 esas tensiones pasadas al hablar en el Per\u00edodo de Preguntas de la CTV el mes pasado, pero insisti\u00f3 en que China est\u00e1 &#8220;lista para avanzar y mirar hacia el futuro&#8221;.<\/p>\n<p>&#8220;Estamos dispuestos a colaborar con Canad\u00e1 para encaminar nuestra relaci\u00f3n de nuevo hacia el buen camino&#8221;, afirm\u00f3 Wang.<\/p>\n","protected":false},"excerpt":{"rendered":"<p>&nbsp; &nbsp; En una medida notable en medio de las recientes tensiones diplom\u00e1ticas y comerciales, el primer ministro Mark Carney acord\u00f3 regularizar los canales de&hellip;<\/p>\n","protected":false},"author":99,"featured_media":532765,"comment_status":"open","ping_status":"open","sticky":false,"template":"","format":"standard","meta":{"footnotes":""},"categories":[21,11364],"tags":[],"class_list":["post-532764","post","type-post","status-publish","format-standard","has-post-thumbnail","hentry","category-canada","category-toronto-gta"],"_links":{"self":[{"href":"https:\/\/diarioelpopular.com\/index.php\/wp-json\/wp\/v2\/posts\/532764","targetHints":{"allow":["GET"]}}],"collection":[{"href":"https:\/\/diarioelpopular.com\/index.php\/wp-json\/wp\/v2\/posts"}],"about":[{"href":"https:\/\/diarioelpopular.com\/index.php\/wp-json\/wp\/v2\/types\/post"}],"author":[{"embeddable":true,"href":"https:\/\/diarioelpopular.com\/index.php\/wp-json\/wp\/v2\/users\/99"}],"replies":[{"embeddable":true,"href":"https:\/\/diarioelpopular.com\/index.php\/wp-json\/wp\/v2\/comments?post=532764"}],"version-history":[{"count":1,"href":"https:\/\/diarioelpopular.com\/index.php\/wp-json\/wp\/v2\/posts\/532764\/revisions"}],"predecessor-version":[{"id":532766,"href":"https:\/\/diarioelpopular.com\/index.php\/wp-json\/wp\/v2\/posts\/532764\/revisions\/532766"}],"wp:featuredmedia":[{"embeddable":true,"href":"https:\/\/diarioelpopular.com\/index.php\/wp-json\/wp\/v2\/media\/532765"}],"wp:attachment":[{"href":"https:\/\/diarioelpopular.com\/index.php\/wp-json\/wp\/v2\/media?parent=532764"}],"wp:term":[{"taxonomy":"category","embeddable":true,"href":"https:\/\/diarioelpopular.com\/index.php\/wp-json\/wp\/v2\/categories?post=532764"},{"taxonomy":"post_tag","embeddable":true,"href":"https:\/\/diarioelpopular.com\/index.php\/wp-json\/wp\/v2\/tags?post=532764"}],"curies":[{"name":"wp","href":"https:\/\/api.w.org\/{rel}","templated":true}]}}