{"id":532768,"date":"2025-06-06T08:46:10","date_gmt":"2025-06-06T12:46:10","guid":{"rendered":"https:\/\/diarioelpopular.com\/?p=532768"},"modified":"2025-06-06T08:46:10","modified_gmt":"2025-06-06T12:46:10","slug":"retiran-el-cafe-folgers-de-los-estantes-por-aumentos-de-precio-injustificados","status":"publish","type":"post","link":"https:\/\/diarioelpopular.com\/index.php\/2025\/06\/06\/retiran-el-cafe-folgers-de-los-estantes-por-aumentos-de-precio-injustificados\/","title":{"rendered":"Retiran el caf\u00e9 Folgers de los estantes por aumentos de precio injustificados"},"content":{"rendered":"<p><img loading=\"lazy\" decoding=\"async\" class=\"alignnone size-custom-full-size wp-image-532769\" src=\"https:\/\/diarioelpopular.com\/wp-content\/uploads\/2025\/06\/Screen-Shot-2025-06-06-at-8.45.37-AM-636x484.png\" alt=\"\" width=\"636\" height=\"484\" srcset=\"https:\/\/diarioelpopular.com\/wp-content\/uploads\/2025\/06\/Screen-Shot-2025-06-06-at-8.45.37-AM-636x484.png 636w, https:\/\/diarioelpopular.com\/wp-content\/uploads\/2025\/06\/Screen-Shot-2025-06-06-at-8.45.37-AM-300x228.png 300w, https:\/\/diarioelpopular.com\/wp-content\/uploads\/2025\/06\/Screen-Shot-2025-06-06-at-8.45.37-AM-96x73.png 96w, https:\/\/diarioelpopular.com\/wp-content\/uploads\/2025\/06\/Screen-Shot-2025-06-06-at-8.45.37-AM.png 746w\" sizes=\"auto, (max-width: 636px) 100vw, 636px\" \/><\/p>\n<p>&nbsp;<\/p>\n<p>Los clientes de varios supermercados pronto ya no podr\u00e1n disfrutar de su caf\u00e9 Folgers, despu\u00e9s de que una disputa de precios obligara a ser a retirarlos de sus estantes.<\/p>\n<p>En un correo electr\u00f3nico enviado a los minoristas el mi\u00e9rcoles, Loblaws inform\u00f3 que decidi\u00f3 retirar todos los productos Folgers despu\u00e9s de que las conversaciones con el fabricante de la cafetera no resolvieran el impasse.<\/p>\n<p>&#8220;Tras varias semanas de negociaciones, no pudimos llegar a un acuerdo con los fabricantes de caf\u00e9 Folgers respecto a sus significativos e injustificados aumentos de precio propuestos&#8221;, afirma el correo electr\u00f3nico, firmado por el director de categor\u00eda de Loblaw, Suren Theivakadacham, y obtenido por The Canadian Press.<\/p>\n<p>El correo electr\u00f3nico inclu\u00eda una lista adjunta de productos de caf\u00e9 alternativos que ofrece la tienda, mientras las tiendas se preparan para renovar sus estantes.<\/p>\n<p>Esta medida se produce en un momento en que los precios del caf\u00e9 siguen subiendo en Canad\u00e1.<\/p>\n<p>El mes pasado, Statistics Canada inform\u00f3 que el precio del caf\u00e9 y el t\u00e9 subi\u00f3 un 13,4 % interanual en abril, superando tanto el aumento del 3,8 % en el costo de los alimentos ese mes como la tasa de inflaci\u00f3n general de Canad\u00e1 del 1,7 %.<\/p>\n<p>Los expertos afirman que el aumento de los precios del caf\u00e9 se debe en parte a las recientes condiciones clim\u00e1ticas extremas y a los cambios de temperatura, que han provocado que algunos productores experimenten menores rendimientos.<\/p>\n<p>Otras presiones incluyen la debilidad del d\u00f3lar canadiense, que encarece la importaci\u00f3n de caf\u00e9 a Canad\u00e1 desde otros pa\u00edses, adem\u00e1s de que el caf\u00e9 es uno de los productos que a\u00fan est\u00e1n sujetos a los aranceles de represalia de Canad\u00e1 contra Estados Unidos.<\/p>\n<p>Si bien Estados Unidos no es un productor importante de caf\u00e9, los distribuidores canadienses suelen comprarlo a intermediarios estadounidenses.<\/p>\n<p>Los productos Folgers son fabricados por J.M. Smucker Co., con sede en Orrville, Ohio, que aument\u00f3 los precios de su caf\u00e9 tanto en junio como en octubre pasados \u200b\u200ben respuesta al aumento de costos que enfrenta.<\/p>\n<p>El presidente y director ejecutivo, Mark Smucker, inform\u00f3 a los analistas durante la presentaci\u00f3n trimestral de resultados de la compa\u00f1\u00eda en febrero que probablemente se avecinan m\u00e1s aumentos en los precios del caf\u00e9. A\u00f1adi\u00f3 que las decisiones sobre precios est\u00e1n condicionadas por los costos que enfrenta.<\/p>\n<p>&#8220;Aunque no hemos anunciado cu\u00e1ndo se implementar\u00e1n otros ajustes de precios, esperamos que ocurran en el pr\u00f3ximo a\u00f1o fiscal, probablemente en el primer semestre&#8221;, declar\u00f3 Smucker en ese momento.<\/p>\n<p>En un comunicado, la compa\u00f1\u00eda afirm\u00f3 haber experimentado precios r\u00e9cord y sostenidos para el caf\u00e9 sin tostar.<\/p>\n<p>\u201cHemos gestionado nuestras medidas de precios con prudencia y responsabilidad, y solo las hemos aplicado cuando los costos lo justifican\u201d, declar\u00f3 Frank Cirillo, portavoz de Smucker&#8217;s, en un correo electr\u00f3nico el jueves.<\/p>\n<p>\u201cSeguimos comprometidos a trabajar con todos nuestros socios minoristas para gestionar el aumento de los costos de los insumos y, al mismo tiempo, ofrecer valor a nuestros consumidores en com\u00fan\u201d.<\/p>\n<p>Sin embargo, Catherine Thomas, portavoz de Loblaw, afirm\u00f3 que los aumentos de costos propuestos por Folgers eran \u201cirrazonables e injustificados en funci\u00f3n de los costos subyacentes\u201d y que la cadena de supermercados consider\u00f3 importante oponerse, ya que muchos canadienses siguen luchando contra la asequibilidad.<\/p>\n<p>\u201cA pesar de varios intentos de abordar esto con el fabricante, no tuvimos \u00e9xito\u201d, declar\u00f3 Thomas en un comunicado.<\/p>\n","protected":false},"excerpt":{"rendered":"<p>&nbsp; Los clientes de varios supermercados pronto ya no podr\u00e1n disfrutar de su caf\u00e9 Folgers, despu\u00e9s de que una disputa de precios obligara a ser&hellip;<\/p>\n","protected":false},"author":99,"featured_media":532769,"comment_status":"open","ping_status":"open","sticky":false,"template":"","format":"standard","meta":{"footnotes":""},"categories":[21],"tags":[],"class_list":["post-532768","post","type-post","status-publish","format-standard","has-post-thumbnail","hentry","category-canada"],"_links":{"self":[{"href":"https:\/\/diarioelpopular.com\/index.php\/wp-json\/wp\/v2\/posts\/532768","targetHints":{"allow":["GET"]}}],"collection":[{"href":"https:\/\/diarioelpopular.com\/index.php\/wp-json\/wp\/v2\/posts"}],"about":[{"href":"https:\/\/diarioelpopular.com\/index.php\/wp-json\/wp\/v2\/types\/post"}],"author":[{"embeddable":true,"href":"https:\/\/diarioelpopular.com\/index.php\/wp-json\/wp\/v2\/users\/99"}],"replies":[{"embeddable":true,"href":"https:\/\/diarioelpopular.com\/index.php\/wp-json\/wp\/v2\/comments?post=532768"}],"version-history":[{"count":1,"href":"https:\/\/diarioelpopular.com\/index.php\/wp-json\/wp\/v2\/posts\/532768\/revisions"}],"predecessor-version":[{"id":532770,"href":"https:\/\/diarioelpopular.com\/index.php\/wp-json\/wp\/v2\/posts\/532768\/revisions\/532770"}],"wp:featuredmedia":[{"embeddable":true,"href":"https:\/\/diarioelpopular.com\/index.php\/wp-json\/wp\/v2\/media\/532769"}],"wp:attachment":[{"href":"https:\/\/diarioelpopular.com\/index.php\/wp-json\/wp\/v2\/media?parent=532768"}],"wp:term":[{"taxonomy":"category","embeddable":true,"href":"https:\/\/diarioelpopular.com\/index.php\/wp-json\/wp\/v2\/categories?post=532768"},{"taxonomy":"post_tag","embeddable":true,"href":"https:\/\/diarioelpopular.com\/index.php\/wp-json\/wp\/v2\/tags?post=532768"}],"curies":[{"name":"wp","href":"https:\/\/api.w.org\/{rel}","templated":true}]}}