{"id":532785,"date":"2025-06-06T09:22:56","date_gmt":"2025-06-06T13:22:56","guid":{"rendered":"https:\/\/diarioelpopular.com\/?p=532785"},"modified":"2025-06-06T09:22:56","modified_gmt":"2025-06-06T13:22:56","slug":"nino-de-6-anos-hospitalizado-con-lesiones-graves-tras-caerse-del-decimo-de-un-apartamento","status":"publish","type":"post","link":"https:\/\/diarioelpopular.com\/index.php\/2025\/06\/06\/nino-de-6-anos-hospitalizado-con-lesiones-graves-tras-caerse-del-decimo-de-un-apartamento\/","title":{"rendered":"Ni\u00f1o de 6 a\u00f1os hospitalizado con lesiones graves tras caerse del d\u00e9cimo de un apartamento"},"content":{"rendered":"<div id=\"attachment_532786\" style=\"width: 646px\" class=\"wp-caption alignnone\"><img loading=\"lazy\" decoding=\"async\" aria-describedby=\"caption-attachment-532786\" class=\"wp-image-532786 size-custom-full-size\" src=\"https:\/\/diarioelpopular.com\/wp-content\/uploads\/2025\/06\/Screen-Shot-2025-06-06-at-9.21.51-AM-636x392.png\" alt=\"\" width=\"636\" height=\"392\" srcset=\"https:\/\/diarioelpopular.com\/wp-content\/uploads\/2025\/06\/Screen-Shot-2025-06-06-at-9.21.51-AM-636x392.png 636w, https:\/\/diarioelpopular.com\/wp-content\/uploads\/2025\/06\/Screen-Shot-2025-06-06-at-9.21.51-AM-300x185.png 300w, https:\/\/diarioelpopular.com\/wp-content\/uploads\/2025\/06\/Screen-Shot-2025-06-06-at-9.21.51-AM-768x474.png 768w, https:\/\/diarioelpopular.com\/wp-content\/uploads\/2025\/06\/Screen-Shot-2025-06-06-at-9.21.51-AM-118x73.png 118w, https:\/\/diarioelpopular.com\/wp-content\/uploads\/2025\/06\/Screen-Shot-2025-06-06-at-9.21.51-AM.png 840w\" sizes=\"auto, (max-width: 636px) 100vw, 636px\" \/><p id=\"caption-attachment-532786\" class=\"wp-caption-text\">Arbustos que amortiguaron la ca\u00edda del ni\u00f1o<\/p><\/div>\n<p>&nbsp;<\/p>\n<p>&nbsp;<\/p>\n<ul>\n<li><em><strong>Un ni\u00f1o de seis a\u00f1os fue hospitalizado con lesiones graves tras caerse de un edificio de apartamentos el jueves por la tarde en el oeste de la ciudad.<\/strong><\/em><\/li>\n<\/ul>\n<p>&nbsp;<\/p>\n<p>La Polic\u00eda de Toronto inform\u00f3 que sus agentes respondieron alrededor de las 2 p. m. a reportes de un ni\u00f1o que se cay\u00f3 del d\u00e9cimo piso de un complejo de apartamentos en Weston Rd. y Humber Blvd., cerca de Black Creek Dr.<\/p>\n<p>La polic\u00eda indic\u00f3 que el ni\u00f1o fue trasladado de emergencia al hospital por m\u00e9dicos.<\/p>\n<p>Se est\u00e1n investigando las circunstancias de la ca\u00edda, agreg\u00f3 la polic\u00eda. No se han revelado m\u00e1s detalles del incidente.<\/p>\n","protected":false},"excerpt":{"rendered":"<p>&nbsp; &nbsp; Un ni\u00f1o de seis a\u00f1os fue hospitalizado con lesiones graves tras caerse de un edificio de apartamentos el jueves por la tarde en&hellip;<\/p>\n","protected":false},"author":99,"featured_media":532786,"comment_status":"open","ping_status":"open","sticky":false,"template":"","format":"standard","meta":{"footnotes":""},"categories":[11364],"tags":[],"class_list":["post-532785","post","type-post","status-publish","format-standard","has-post-thumbnail","hentry","category-toronto-gta"],"_links":{"self":[{"href":"https:\/\/diarioelpopular.com\/index.php\/wp-json\/wp\/v2\/posts\/532785","targetHints":{"allow":["GET"]}}],"collection":[{"href":"https:\/\/diarioelpopular.com\/index.php\/wp-json\/wp\/v2\/posts"}],"about":[{"href":"https:\/\/diarioelpopular.com\/index.php\/wp-json\/wp\/v2\/types\/post"}],"author":[{"embeddable":true,"href":"https:\/\/diarioelpopular.com\/index.php\/wp-json\/wp\/v2\/users\/99"}],"replies":[{"embeddable":true,"href":"https:\/\/diarioelpopular.com\/index.php\/wp-json\/wp\/v2\/comments?post=532785"}],"version-history":[{"count":1,"href":"https:\/\/diarioelpopular.com\/index.php\/wp-json\/wp\/v2\/posts\/532785\/revisions"}],"predecessor-version":[{"id":532787,"href":"https:\/\/diarioelpopular.com\/index.php\/wp-json\/wp\/v2\/posts\/532785\/revisions\/532787"}],"wp:featuredmedia":[{"embeddable":true,"href":"https:\/\/diarioelpopular.com\/index.php\/wp-json\/wp\/v2\/media\/532786"}],"wp:attachment":[{"href":"https:\/\/diarioelpopular.com\/index.php\/wp-json\/wp\/v2\/media?parent=532785"}],"wp:term":[{"taxonomy":"category","embeddable":true,"href":"https:\/\/diarioelpopular.com\/index.php\/wp-json\/wp\/v2\/categories?post=532785"},{"taxonomy":"post_tag","embeddable":true,"href":"https:\/\/diarioelpopular.com\/index.php\/wp-json\/wp\/v2\/tags?post=532785"}],"curies":[{"name":"wp","href":"https:\/\/api.w.org\/{rel}","templated":true}]}}