{"id":532796,"date":"2025-06-06T09:41:27","date_gmt":"2025-06-06T13:41:27","guid":{"rendered":"https:\/\/diarioelpopular.com\/?p=532796"},"modified":"2025-06-06T09:41:27","modified_gmt":"2025-06-06T13:41:27","slug":"sujeto-de-brampton-arrestado-y-acusado-de-agresion","status":"publish","type":"post","link":"https:\/\/diarioelpopular.com\/index.php\/2025\/06\/06\/sujeto-de-brampton-arrestado-y-acusado-de-agresion\/","title":{"rendered":"Sujeto de Brampton arrestado y acusado de agresi\u00f3n"},"content":{"rendered":"<p><img loading=\"lazy\" decoding=\"async\" class=\"alignnone size-custom-full-size wp-image-532772\" src=\"https:\/\/diarioelpopular.com\/wp-content\/uploads\/2025\/06\/Screen-Shot-2025-06-06-at-8.52.45-AM-636x479.png\" alt=\"\" width=\"636\" height=\"479\" srcset=\"https:\/\/diarioelpopular.com\/wp-content\/uploads\/2025\/06\/Screen-Shot-2025-06-06-at-8.52.45-AM-636x479.png 636w, https:\/\/diarioelpopular.com\/wp-content\/uploads\/2025\/06\/Screen-Shot-2025-06-06-at-8.52.45-AM-300x226.png 300w, https:\/\/diarioelpopular.com\/wp-content\/uploads\/2025\/06\/Screen-Shot-2025-06-06-at-8.52.45-AM-97x73.png 97w, https:\/\/diarioelpopular.com\/wp-content\/uploads\/2025\/06\/Screen-Shot-2025-06-06-at-8.52.45-AM.png 746w\" sizes=\"auto, (max-width: 636px) 100vw, 636px\" \/><\/p>\n<p>&nbsp;<\/p>\n<p><em><strong>-Un individuo de 32 a\u00f1os de Brampton est\u00e1 acusado de dos incidentes criminales separados en Caledon a principios de esta semana.<\/strong><\/em><\/p>\n<p>&nbsp;<\/p>\n<p>La OPP inform\u00f3 que oficiales del Destacamento de Caledon determinaron que el mismo hombre responsable de un ataque violento y un incidente por emitir informaci\u00f3n falsa ocurridos durante dos d\u00edas.<\/p>\n<p>El primer incidente fue una agresi\u00f3n que ocurri\u00f3 en un supermercado cerca de la autopista 50 y Queensgate Blvd. alrededor de las 2:30 p. m. del lunes.<\/p>\n<p>&#8220;Los oficiales acudieron y, tras una investigaci\u00f3n exhaustiva, determinaron que la v\u00edctima fue agredida con un arma por un individuo desconocido&#8221;, declar\u00f3 la OPP en un comunicado emitido el jueves. &#8220;El sospechoso fue descrito como un hombre cauc\u00e1sico con cabello corto y oscuro, que vest\u00eda pantalones oscuros, una sudadera roja y gris, una mochila negra y portaba una bolsa verde&#8221;.<\/p>\n<p>Poco m\u00e1s de 24 horas despu\u00e9s, alrededor de las 3 p. m. El martes, los agentes respondieron a un reporte de da\u00f1os en un estacionamiento en la zona de McEwan Dr. E.-Hwy. 50.<\/p>\n<p>\u201cLos investigadores descubrieron que un individuo desconocido se acerc\u00f3 al veh\u00edculo de la v\u00edctima, le cort\u00f3 una llanta y huy\u00f3 del lugar\u201d, inform\u00f3 la OPP. \u201cLa descripci\u00f3n del sospechoso proporcionada en este reporte era similar a la obtenida en el incidente del d\u00eda anterior\u201d.<\/p>\n<p>Devon Alamina fue arrestado el mi\u00e9rcoles y enfrenta cargos que incluyen agresi\u00f3n con arma, da\u00f1os por menos de $5,000, posesi\u00f3n de una sustancia de la Lista III y dos cargos por incumplimiento de una orden de liberaci\u00f3n bajo fianza.<\/p>\n","protected":false},"excerpt":{"rendered":"<p>&nbsp; -Un individuo de 32 a\u00f1os de Brampton est\u00e1 acusado de dos incidentes criminales separados en Caledon a principios de esta semana. &nbsp; La OPP&hellip;<\/p>\n","protected":false},"author":99,"featured_media":532772,"comment_status":"open","ping_status":"open","sticky":false,"template":"","format":"standard","meta":{"footnotes":""},"categories":[11364],"tags":[],"class_list":["post-532796","post","type-post","status-publish","format-standard","has-post-thumbnail","hentry","category-toronto-gta"],"_links":{"self":[{"href":"https:\/\/diarioelpopular.com\/index.php\/wp-json\/wp\/v2\/posts\/532796","targetHints":{"allow":["GET"]}}],"collection":[{"href":"https:\/\/diarioelpopular.com\/index.php\/wp-json\/wp\/v2\/posts"}],"about":[{"href":"https:\/\/diarioelpopular.com\/index.php\/wp-json\/wp\/v2\/types\/post"}],"author":[{"embeddable":true,"href":"https:\/\/diarioelpopular.com\/index.php\/wp-json\/wp\/v2\/users\/99"}],"replies":[{"embeddable":true,"href":"https:\/\/diarioelpopular.com\/index.php\/wp-json\/wp\/v2\/comments?post=532796"}],"version-history":[{"count":1,"href":"https:\/\/diarioelpopular.com\/index.php\/wp-json\/wp\/v2\/posts\/532796\/revisions"}],"predecessor-version":[{"id":532797,"href":"https:\/\/diarioelpopular.com\/index.php\/wp-json\/wp\/v2\/posts\/532796\/revisions\/532797"}],"wp:featuredmedia":[{"embeddable":true,"href":"https:\/\/diarioelpopular.com\/index.php\/wp-json\/wp\/v2\/media\/532772"}],"wp:attachment":[{"href":"https:\/\/diarioelpopular.com\/index.php\/wp-json\/wp\/v2\/media?parent=532796"}],"wp:term":[{"taxonomy":"category","embeddable":true,"href":"https:\/\/diarioelpopular.com\/index.php\/wp-json\/wp\/v2\/categories?post=532796"},{"taxonomy":"post_tag","embeddable":true,"href":"https:\/\/diarioelpopular.com\/index.php\/wp-json\/wp\/v2\/tags?post=532796"}],"curies":[{"name":"wp","href":"https:\/\/api.w.org\/{rel}","templated":true}]}}