{"id":532799,"date":"2025-06-06T09:45:20","date_gmt":"2025-06-06T13:45:20","guid":{"rendered":"https:\/\/diarioelpopular.com\/?p=532799"},"modified":"2025-06-06T09:45:20","modified_gmt":"2025-06-06T13:45:20","slug":"el-gobierno-boliviano-denuncia-a-evo-morales-por-intentar-un-golpe-de-estado","status":"publish","type":"post","link":"https:\/\/diarioelpopular.com\/index.php\/2025\/06\/06\/el-gobierno-boliviano-denuncia-a-evo-morales-por-intentar-un-golpe-de-estado\/","title":{"rendered":"El Gobierno boliviano denuncia a Evo Morales por \u201cintentar un golpe de Estado\u201d"},"content":{"rendered":"<div id=\"attachment_532800\" style=\"width: 646px\" class=\"wp-caption alignnone\"><img loading=\"lazy\" decoding=\"async\" aria-describedby=\"caption-attachment-532800\" class=\"wp-image-532800 size-custom-full-size\" src=\"https:\/\/diarioelpopular.com\/wp-content\/uploads\/2025\/06\/Screen-Shot-2025-06-06-at-9.44.29-AM-636x417.png\" alt=\"\" width=\"636\" height=\"417\" srcset=\"https:\/\/diarioelpopular.com\/wp-content\/uploads\/2025\/06\/Screen-Shot-2025-06-06-at-9.44.29-AM-636x417.png 636w, https:\/\/diarioelpopular.com\/wp-content\/uploads\/2025\/06\/Screen-Shot-2025-06-06-at-9.44.29-AM-300x197.png 300w, https:\/\/diarioelpopular.com\/wp-content\/uploads\/2025\/06\/Screen-Shot-2025-06-06-at-9.44.29-AM-768x504.png 768w, https:\/\/diarioelpopular.com\/wp-content\/uploads\/2025\/06\/Screen-Shot-2025-06-06-at-9.44.29-AM-85x55.png 85w, https:\/\/diarioelpopular.com\/wp-content\/uploads\/2025\/06\/Screen-Shot-2025-06-06-at-9.44.29-AM-1200x787.png 1200w, https:\/\/diarioelpopular.com\/wp-content\/uploads\/2025\/06\/Screen-Shot-2025-06-06-at-9.44.29-AM-111x73.png 111w, https:\/\/diarioelpopular.com\/wp-content\/uploads\/2025\/06\/Screen-Shot-2025-06-06-at-9.44.29-AM.png 1024w\" sizes=\"auto, (max-width: 636px) 100vw, 636px\" \/><p id=\"caption-attachment-532800\" class=\"wp-caption-text\">Agentes de la polic\u00eda contienen una protesta de simpatizantes de Evo Morales contra la inhabilitaci\u00f3n del expresidente, el pasado 30 de mayo en La Paz.\u00a0 Foto LUIS GANDARILLAS (EFE)<\/p><\/div>\n<p>&nbsp;<\/p>\n<p>&nbsp;<\/p>\n<h4 class=\"a_st\"><em>&#8211; El Ejecutivo de Luis Arce acusa al expresidente de terrorismo, instigaci\u00f3n p\u00fablica a delinquir y obstaculizaci\u00f3n de procesos electorales, entre otros delitos<\/em><\/h4>\n<p>&nbsp;<\/p>\n<p class=\"\">Dos importantes ciudades bolivianas, Cochabamba y Santa Cruz de la Sierra, est\u00e1n aisladas desde el lunes por m\u00faltiples bloqueos de carreteras de campesinos que exigen la renuncia del presidente Luis Arce. En todo el pa\u00eds hay un ambiente de convulsi\u00f3n social por\u00a0<a title=\"https:\/\/elpais.com\/internacional\/2025-03-14\/la-escasez-de-combustible-en-bolivia-alienta-las-protestas-de-los-transportistas-contra-arce.html\" href=\"https:\/\/elpais.com\/internacional\/2025-03-14\/la-escasez-de-combustible-en-bolivia-alienta-las-protestas-de-los-transportistas-contra-arce.html\" target=\"_self\" rel=\"\" data-link-track-dtm=\"\" data-mrf-link=\"https:\/\/elpais.com\/internacional\/2025-03-14\/la-escasez-de-combustible-en-bolivia-alienta-las-protestas-de-los-transportistas-contra-arce.html\">la aguda escasez de combustibles<\/a>\u00a0y una inflaci\u00f3n cada vez m\u00e1s acelerada. El Gobierno ha respondido con un juicio contra quien considera el instigador de los conflictos, el expresidente Evo Morales, quien\u00a0<a title=\"https:\/\/elpais.com\/america\/2025-05-18\/evo-morales-presiona-por-su-candidatura-electoral-con-una-gran-marcha-en-la-paz.html\" href=\"https:\/\/elpais.com\/america\/2025-05-18\/evo-morales-presiona-por-su-candidatura-electoral-con-una-gran-marcha-en-la-paz.html\" target=\"_self\" rel=\"\" data-link-track-dtm=\"\" data-mrf-link=\"https:\/\/elpais.com\/america\/2025-05-18\/evo-morales-presiona-por-su-candidatura-electoral-con-una-gran-marcha-en-la-paz.html\">convoc\u00f3 a sus bases a resistir la eliminaci\u00f3n de su candidatura en las elecciones de agosto<\/a>, pero no est\u00e1 asociado a todos los brotes de indignaci\u00f3n. \u201cNo le permitiremos intentar un golpe de Estado\u201d, se\u00f1al\u00f3 el ministro de Gobierno (Seguridad), Roberto Siles.<\/p>\n<p class=\"\">Siles ha anunciado que demandar\u00e1 a Morales por \u201cterrorismo, instigaci\u00f3n p\u00fablica a delinquir, obstaculizaci\u00f3n de procesos electorales, atentados contra la libertad de locomoci\u00f3n y la libertad de expresi\u00f3n\u201d. La acusaci\u00f3n se basa en un audio presentado a la prensa por un dirigente campesino en el que supuestamente est\u00e1 grabada la voz del exmandatario pidi\u00e9ndole extender las protestas a La Paz, coraz\u00f3n de la pol\u00edtica boliviana. La voz atribuida a Morales alerta de que si los bloqueos se limitasen a Cochabamba, como ocurri\u00f3 en octubre de 2024, no lograr\u00edan su prop\u00f3sito. Tambi\u00e9n calcula que la crisis pol\u00edtica se agravar\u00e1 cada vez m\u00e1s porque \u201cLucho\u201d (Arce) no es moralmente confiable para la poblaci\u00f3n. \u201cEs con todo hermanos. Es la batalla final\u201d, se le escucha decir. El expresidente calific\u00f3 esta grabaci\u00f3n como un \u201cmontaje\u201d.<\/p>\n<p class=\"\">\u201cLas movilizaciones no son por una persona ni por una candidatura. Son el grito del pueblo que ya no puede esperar, que clama por pan y justicia. Porque cuando un gobierno que fue elegido con el 55% de apoyo, hoy apenas tiene el 2%, no es una oposici\u00f3n la que habla: es el pueblo que se levanta\u201d, escribi\u00f3 en X.<\/p>\n<p>&nbsp;<\/p>\n<figure class=\"a_m a_m-h \">\n<p><div style=\"width: 424px\" class=\"wp-caption alignnone\"><img loading=\"lazy\" decoding=\"async\" class=\"_re lazyload a_m-h\" src=\"https:\/\/imagenes.elpais.com\/resizer\/v2\/JLS3CQBXI7H6CYXO5IYALIEESY.jpg?auth=0b05c1beb524a49211c9b283b4b7da6ee96a1ca0a0f1cef53832e6d2ef5fb0b1&amp;width=414\" sizes=\"auto, (min-width:1199px) 1155px,(min-width:1001px) calc(100vw - 44px),(min-width:768px) 767px, 100vw\" srcset=\"https:\/\/imagenes.elpais.com\/resizer\/v2\/JLS3CQBXI7H6CYXO5IYALIEESY.jpg?auth=0b05c1beb524a49211c9b283b4b7da6ee96a1ca0a0f1cef53832e6d2ef5fb0b1&amp;width=414 414w,https:\/\/imagenes.elpais.com\/resizer\/v2\/JLS3CQBXI7H6CYXO5IYALIEESY.jpg?auth=0b05c1beb524a49211c9b283b4b7da6ee96a1ca0a0f1cef53832e6d2ef5fb0b1&amp;width=828 640w,https:\/\/imagenes.elpais.com\/resizer\/v2\/JLS3CQBXI7H6CYXO5IYALIEESY.jpg?auth=0b05c1beb524a49211c9b283b4b7da6ee96a1ca0a0f1cef53832e6d2ef5fb0b1&amp;width=980 1000w,https:\/\/imagenes.elpais.com\/resizer\/v2\/JLS3CQBXI7H6CYXO5IYALIEESY.jpg?auth=0b05c1beb524a49211c9b283b4b7da6ee96a1ca0a0f1cef53832e6d2ef5fb0b1&amp;width=1960 1960w\" alt=\"Seguidores de Evo Morales bloquean una carretera, este mi\u00e9rcoles en Cochabamba (Bolivia). \" width=\"414\" height=\"278\" \/><p class=\"wp-caption-text\">Seguidores de Evo Morales bloquean una carretera, este mi\u00e9rcoles en Cochabamba. Foto JORGE ABREGO (EFE)<\/p><\/div><figcaption class=\"a_m_p\" aria-hidden=\"true\"><\/figcaption><\/figure>\n<p>&nbsp;<\/p>\n<p class=\"\">Esta demanda judicial se suma a las varias que ha acumulado Morales desde que rompi\u00f3 con\u00a0<a title=\"https:\/\/elpais.com\/noticias\/luis-alberto-arce-catacora\/\" href=\"https:\/\/elpais.com\/noticias\/luis-alberto-arce-catacora\/\" target=\"_self\" rel=\"\" data-link-track-dtm=\"\" data-mrf-link=\"https:\/\/elpais.com\/noticias\/luis-alberto-arce-catacora\/\">Arce, su antiguo ministro y el candidato que promovi\u00f3 en los comicios de 2020<\/a>. La m\u00e1s grave de ellas es una acusaci\u00f3n de estupro a una adolescente de 15 a\u00f1os con la que supuestamente tuvo un hijo en 2016. Por este caso\u00a0<a title=\"https:\/\/elpais.com\/america\/2024-12-18\/la-fiscalia-de-bolivia-pide-la-prision-preventiva-de-evo-morales-en-una-causa-por-presunto-abuso.html\" href=\"https:\/\/elpais.com\/america\/2024-12-18\/la-fiscalia-de-bolivia-pide-la-prision-preventiva-de-evo-morales-en-una-causa-por-presunto-abuso.html\" target=\"_self\" rel=\"\" data-link-track-dtm=\"\" data-mrf-link=\"https:\/\/elpais.com\/america\/2024-12-18\/la-fiscalia-de-bolivia-pide-la-prision-preventiva-de-evo-morales-en-una-causa-por-presunto-abuso.html\">existe una orden de aprehensi\u00f3n en su contra<\/a>\u00a0que no puede ejecutarse porque el l\u00edder ind\u00edgena se ha refugiado en la zona cocalera del Chapare, donde cuenta con una \u201cguardia sindical\u201d que lo acompa\u00f1a y protege.<\/p>\n<p class=\"\">No est\u00e1 claro c\u00f3mo espera Morales ser aceptado como candidato, ya que no se ha inscrito a tiempo ante el Tribunal Electoral por falta de un partido pol\u00edtico propio, luego de que el suyo, el Movimiento al Socialismo, pasara a manos de Arce por una decisi\u00f3n judicial. Adem\u00e1s, el Tribunal Constitucional ha establecido en varias ocasiones que, de acuerdo con su interpretaci\u00f3n de la Constituci\u00f3n,\u00a0<a title=\"https:\/\/elpais.com\/argentina\/2025-05-14\/el-tribunal-constitucional-de-bolivia-confirma-la-inhabilitacion-de-morales-para-las-elecciones.html\" href=\"https:\/\/elpais.com\/argentina\/2025-05-14\/el-tribunal-constitucional-de-bolivia-confirma-la-inhabilitacion-de-morales-para-las-elecciones.html\" target=\"_self\" rel=\"\" data-link-track-dtm=\"\" data-mrf-link=\"https:\/\/elpais.com\/argentina\/2025-05-14\/el-tribunal-constitucional-de-bolivia-confirma-la-inhabilitacion-de-morales-para-las-elecciones.html\">Morales no puede postularse nunca m\u00e1s<\/a>.<\/p>\n<p class=\"\">El oficialismo piensa que busca imponer su candidatura derribando toda la institucionalidad boliviana, derrocando a Arce y deteniendo las elecciones en curso. \u201cEvo miente cuando dice que su acci\u00f3n es por el bienestar de las familias bolivianas. Miente cuando dice que su protesta es por la econom\u00eda, contra la inflaci\u00f3n\u2026 persigue mi renuncia y esto solamente para habilitar su candidatura por la fuerza&#8221; public\u00f3 el presidente en sus redes sociales.<\/p>\n<p class=\"\">En un gesto inusual en una campa\u00f1a electoral, los candidatos de oposici\u00f3n se reunir\u00e1n este fin de semana en Cochabamba, el epicentro del conflicto social, para discutir la situaci\u00f3n pol\u00edtica y econ\u00f3mica del pa\u00eds.<\/p>\n<p class=\"\">Los cortes de ruta, la desaparici\u00f3n de las reservas de d\u00f3lares y ciertos problemas log\u00edsticos han causado que en estos d\u00edas falte combustible para el funcionamiento del aparato productivo y del parque automotor. Las filas de autom\u00f3viles que buscan aprovisionarse son tan grandes que taponan el tr\u00e1fico de las grandes ciudades.<\/p>\n<p class=\"\">De vivir de la exportaci\u00f3n de hidrocarburos, el pa\u00eds se ha convertido en importador neto de estos. La econom\u00eda se est\u00e1 ajustando a esta nueva realidad por s\u00ed misma, pues Arce se ha negado a tomar medidas correctivas.<\/p>\n<p class=\"\">La carencia de d\u00f3lares tambi\u00e9n ha devaluado la moneda nacional y aumentado los precios de los bienes importados. Estos fen\u00f3menos\u00a0<a title=\"https:\/\/elpais.com\/america\/2025-05-06\/bolivia-entra-al-club-sudamericano-de-los-paises-con-mayor-inflacion.html\" href=\"https:\/\/elpais.com\/america\/2025-05-06\/bolivia-entra-al-club-sudamericano-de-los-paises-con-mayor-inflacion.html\" target=\"_self\" rel=\"\" data-link-track-dtm=\"\" data-mrf-link=\"https:\/\/elpais.com\/america\/2025-05-06\/bolivia-entra-al-club-sudamericano-de-los-paises-con-mayor-inflacion.html\">han desencadenado una inflaci\u00f3n interanual de 15% y un alza de los alimentos del 24%<\/a>, cifras que Bolivia no registraba desde fines de los a\u00f1os ochenta del siglo pasado.<\/p>\n","protected":false},"excerpt":{"rendered":"<p>&nbsp; &nbsp; &#8211; El Ejecutivo de Luis Arce acusa al expresidente de terrorismo, instigaci\u00f3n p\u00fablica a delinquir y obstaculizaci\u00f3n de procesos electorales, entre otros delitos&hellip;<\/p>\n","protected":false},"author":99,"featured_media":532800,"comment_status":"open","ping_status":"open","sticky":false,"template":"","format":"standard","meta":{"footnotes":""},"categories":[23],"tags":[],"class_list":["post-532799","post","type-post","status-publish","format-standard","has-post-thumbnail","hentry","category-latinoamerica"],"_links":{"self":[{"href":"https:\/\/diarioelpopular.com\/index.php\/wp-json\/wp\/v2\/posts\/532799","targetHints":{"allow":["GET"]}}],"collection":[{"href":"https:\/\/diarioelpopular.com\/index.php\/wp-json\/wp\/v2\/posts"}],"about":[{"href":"https:\/\/diarioelpopular.com\/index.php\/wp-json\/wp\/v2\/types\/post"}],"author":[{"embeddable":true,"href":"https:\/\/diarioelpopular.com\/index.php\/wp-json\/wp\/v2\/users\/99"}],"replies":[{"embeddable":true,"href":"https:\/\/diarioelpopular.com\/index.php\/wp-json\/wp\/v2\/comments?post=532799"}],"version-history":[{"count":1,"href":"https:\/\/diarioelpopular.com\/index.php\/wp-json\/wp\/v2\/posts\/532799\/revisions"}],"predecessor-version":[{"id":532801,"href":"https:\/\/diarioelpopular.com\/index.php\/wp-json\/wp\/v2\/posts\/532799\/revisions\/532801"}],"wp:featuredmedia":[{"embeddable":true,"href":"https:\/\/diarioelpopular.com\/index.php\/wp-json\/wp\/v2\/media\/532800"}],"wp:attachment":[{"href":"https:\/\/diarioelpopular.com\/index.php\/wp-json\/wp\/v2\/media?parent=532799"}],"wp:term":[{"taxonomy":"category","embeddable":true,"href":"https:\/\/diarioelpopular.com\/index.php\/wp-json\/wp\/v2\/categories?post=532799"},{"taxonomy":"post_tag","embeddable":true,"href":"https:\/\/diarioelpopular.com\/index.php\/wp-json\/wp\/v2\/tags?post=532799"}],"curies":[{"name":"wp","href":"https:\/\/api.w.org\/{rel}","templated":true}]}}