{"id":532815,"date":"2025-06-06T10:40:08","date_gmt":"2025-06-06T14:40:08","guid":{"rendered":"https:\/\/diarioelpopular.com\/?p=532815"},"modified":"2025-06-06T10:40:08","modified_gmt":"2025-06-06T14:40:08","slug":"hemos-pasado-de-ser-un-pais-poderoso-a-ser-la-escoria-la-rabia-y-frustracion-de-los-venezolanos-al-ver-restringida-su-entrada-a-ee-uu","status":"publish","type":"post","link":"https:\/\/diarioelpopular.com\/index.php\/2025\/06\/06\/hemos-pasado-de-ser-un-pais-poderoso-a-ser-la-escoria-la-rabia-y-frustracion-de-los-venezolanos-al-ver-restringida-su-entrada-a-ee-uu\/","title":{"rendered":"&#8220;Hemos pasado de ser un pa\u00eds poderoso a ser la escoria&#8221;: la rabia y frustraci\u00f3n de los venezolanos al ver restringida su entrada a EE.UU."},"content":{"rendered":"<p><img loading=\"lazy\" decoding=\"async\" class=\"alignnone size-custom-full-size wp-image-532816\" src=\"https:\/\/diarioelpopular.com\/wp-content\/uploads\/2025\/06\/Screen-Shot-2025-06-06-at-10.39.38-AM-636x353.png\" alt=\"\" width=\"636\" height=\"353\" srcset=\"https:\/\/diarioelpopular.com\/wp-content\/uploads\/2025\/06\/Screen-Shot-2025-06-06-at-10.39.38-AM-636x353.png 636w, https:\/\/diarioelpopular.com\/wp-content\/uploads\/2025\/06\/Screen-Shot-2025-06-06-at-10.39.38-AM-300x166.png 300w, https:\/\/diarioelpopular.com\/wp-content\/uploads\/2025\/06\/Screen-Shot-2025-06-06-at-10.39.38-AM-768x426.png 768w, https:\/\/diarioelpopular.com\/wp-content\/uploads\/2025\/06\/Screen-Shot-2025-06-06-at-10.39.38-AM-132x73.png 132w, https:\/\/diarioelpopular.com\/wp-content\/uploads\/2025\/06\/Screen-Shot-2025-06-06-at-10.39.38-AM.png 862w\" sizes=\"auto, (max-width: 636px) 100vw, 636px\" \/><\/p>\n<p>&nbsp;<\/p>\n<div class=\"bbc-19j92fr ebmt73l0\" dir=\"ltr\">\n<ul>\n<li class=\"bbc-hhl7in e17g058b0\" dir=\"ltr\"><em><b>Incertidumbre, rabia, tristeza o impotencia.<\/b><\/em><\/li>\n<\/ul>\n<\/div>\n<div class=\"bbc-19j92fr ebmt73l0\" dir=\"ltr\">\n<p dir=\"ltr\">\n<p class=\"bbc-hhl7in e17g058b0\" dir=\"ltr\">Los venezolanos vuelven a sentir un nuevo golpe del gobierno de Estados Unidos, que este mi\u00e9rcoles restringi\u00f3 la entrada de los ciudadanos de ese pa\u00eds, medida que se suma a otras con las que creen que Donald Trump est\u00e1 estigmatizando a toda la poblaci\u00f3n.<\/p>\n<\/div>\n<div class=\"bbc-19j92fr ebmt73l0\" dir=\"ltr\">\n<p class=\"bbc-hhl7in e17g058b0\" dir=\"ltr\">En la nueva normativa, que entrar\u00e1 en vigor a partir del 9 de junio, se restringe la entrada a ciudadanos de Cuba y Venezuela y se proh\u00edbe la de una docena de otros pa\u00edses, sobre todo de \u00c1frica y Medio Oriente.<\/p>\n<\/div>\n<div class=\"bbc-19j92fr ebmt73l0\" dir=\"ltr\">\n<p class=\"bbc-hhl7in e17g058b0\" dir=\"ltr\">Esto cay\u00f3 como una losa, otra m\u00e1s, sobre la comunidad venezolana, fuertemente se\u00f1alada por Trump tras la llegada a Estados Unidos de miles de migrantes venezolanos por la crisis en su pa\u00eds.<\/p>\n<\/div>\n<div class=\"bbc-19j92fr ebmt73l0\" dir=\"ltr\">\n<p class=\"bbc-hhl7in e17g058b0\" dir=\"ltr\">Muchos creen que, a pesar de las exenciones, las autoridades migratorias pueden actuar &#8220;de modo discrecional&#8221; y &#8220;no dejar entrar a venezolanos&#8221; a EE.UU.<\/p>\n<\/div>\n<div class=\"bbc-19j92fr ebmt73l0\" dir=\"ltr\">\n<p class=\"bbc-hhl7in e17g058b0\" dir=\"ltr\">La medida ha generado enormes dudas y una mayor sensaci\u00f3n de inseguridad sobre todo para los venezolanos que esperaban ir a Estados Unidos, la mayor\u00eda para reencontrarse con amigos y familiares, pero tambi\u00e9n a los que viven dentro.<\/p>\n<\/div>\n<div class=\"bbc-19j92fr ebmt73l0\" dir=\"ltr\">\n<h2 id=\"Esto-nos-estigmatiza-m\u00e1s\" class=\"bbc-1lgzob2 eglt09e0\" tabindex=\"-1\">&#8220;Esto nos estigmatiza m\u00e1s&#8221;<\/h2>\n<\/div>\n<div class=\"bbc-19j92fr ebmt73l0\" dir=\"ltr\">\n<p class=\"bbc-hhl7in e17g058b0\" dir=\"ltr\">&#8220;Hemos pasado de ser un pa\u00eds poderoso a ser la escoria. No somos delincuentes. Qu\u00e9 golpe es esta medida. Es horrible. Nada me sorprende, pero cada d\u00eda se cruza una nueva l\u00ednea&#8221;, me dice un amigo venezolano que abandon\u00f3 su pa\u00eds hace ocho a\u00f1os y que no quiere dar su nombre.<\/p>\n<p dir=\"ltr\">\n<\/div>\n<figure class=\"bbc-1qn0xuy\">\n<div class=\"bbc-18ywsw9\">\n<div style=\"width: 1034px\" class=\"wp-caption alignnone\"><img loading=\"lazy\" decoding=\"async\" class=\"bbc-139onq\" src=\"https:\/\/ichef.bbci.co.uk\/ace\/ws\/640\/cpsprodpb\/9d89\/live\/22c0c310-4215-11f0-b6e6-4ddb91039da1.jpg.webp\" alt=\"Una mujer sostiene un cartel que dice que migrar no es un delito.\" width=\"1024\" height=\"683\" \/><p class=\"wp-caption-text\">Fuente de la imagen,Ivan McGregor\/Anadolu via Getty Images.\u00a0 Venezuela es uno de los pa\u00edses m\u00e1s afectados por las medidas antiinmigraci\u00f3n que ha adoptado Donald Trump desde su regreso a la Casa Blanca.<\/p><\/div>\n<p class=\"bbc-by8ykd\" role=\"text\">\n<\/div>\n<\/figure>\n<div class=\"bbc-19j92fr ebmt73l0\" dir=\"ltr\">\n<p dir=\"ltr\">\n<p class=\"bbc-hhl7in e17g058b0\" dir=\"ltr\">&#8220;La medida me duele en el alma. El pa\u00eds me duele. Estoy destrozada&#8221;, me escribe otra amiga venezolana que vive en Espa\u00f1a.<\/p>\n<\/div>\n<div class=\"bbc-19j92fr ebmt73l0\" dir=\"ltr\">\n<p class=\"bbc-hhl7in e17g058b0\" dir=\"ltr\">ACNUR, la agencia de la ONU para los Refugiados, estima que unas 7,89 millones de personas emigraron de Venezuela durante la \u00faltima d\u00e9cada, el mayor \u00e9xodo en la historia de la regi\u00f3n, fruto de una combinaci\u00f3n de factores pol\u00edticos, econ\u00f3micos y sociales.<\/p>\n<\/div>\n<div class=\"bbc-19j92fr ebmt73l0\" dir=\"ltr\">\n<p class=\"bbc-hhl7in e17g058b0\" dir=\"ltr\">Estados Unidos ha sido uno de los principales pa\u00edses receptores de esa migraci\u00f3n.<\/p>\n<\/div>\n<div class=\"bbc-19j92fr ebmt73l0\" dir=\"ltr\">\n<p class=\"bbc-hhl7in e17g058b0\" dir=\"ltr\">El gobierno de Trump justifica su decisi\u00f3n en que Venezuela &#8220;carece de una autoridad central competente o cooperativa para la emisi\u00f3n de pasaportes o documentos civiles, y no cuenta con medidas adecuadas de selecci\u00f3n e investigaci\u00f3n (de solicitantes de visados)&#8221;, adem\u00e1s de que &#8220;se ha negado hist\u00f3ricamente a aceptar el regreso de sus nacionales sujetos a deportaci\u00f3n&#8221;.<\/p>\n<\/div>\n<div class=\"bbc-19j92fr ebmt73l0\" dir=\"ltr\">\n<p class=\"bbc-hhl7in e17g058b0\" dir=\"ltr\">Son muchos los venezolanos que creen que la medida no afecta en nada al presidente venezolano Nicol\u00e1s Maduro, con el que EE.UU. no mantiene relaciones, y s\u00ed a los ciudadanos.<\/p>\n<\/div>\n<div class=\"bbc-19j92fr ebmt73l0\" dir=\"ltr\">\n<p class=\"bbc-hhl7in e17g058b0\" dir=\"ltr\">&#8220;Que el gobierno de Estados Unidos proh\u00edba el ingreso de venezolanos con visas legales no solo es injusto, es profundamente incoherente (\u2026) muchos venezolanos han debido emigrar precisamente porque sus derechos y libertades fueron arrebatados por el r\u00e9gimen que este mismo gobierno dice combatir. Castigar a las v\u00edctimas mientras se condena a sus victimarios es una contradicci\u00f3n moral&#8221;, escribi\u00f3 la periodista venezolana Alejandra Ora\u00e1, residente en Estados Unidos, en su cuenta de X.<\/p>\n<\/div>\n<div class=\"bbc-19j92fr ebmt73l0\" dir=\"ltr\">\n<p class=\"bbc-hhl7in e17g058b0\" dir=\"ltr\">&#8220;Muchos de los afectados son j\u00f3venes con becas, familias que visitan a sus seres queridos o personas que solo quieren estudiar, trabajar o conocer otro pa\u00eds. Es indignante que se utilice la narrativa de la seguridad nacional&#8221;, agreg\u00f3.<\/p>\n<\/div>\n","protected":false},"excerpt":{"rendered":"<p>&nbsp; Incertidumbre, rabia, tristeza o impotencia. Los venezolanos vuelven a sentir un nuevo golpe del gobierno de Estados Unidos, que este mi\u00e9rcoles restringi\u00f3 la entrada&hellip;<\/p>\n","protected":false},"author":99,"featured_media":532816,"comment_status":"open","ping_status":"open","sticky":false,"template":"","format":"standard","meta":{"footnotes":""},"categories":[23],"tags":[],"class_list":["post-532815","post","type-post","status-publish","format-standard","has-post-thumbnail","hentry","category-latinoamerica"],"_links":{"self":[{"href":"https:\/\/diarioelpopular.com\/index.php\/wp-json\/wp\/v2\/posts\/532815","targetHints":{"allow":["GET"]}}],"collection":[{"href":"https:\/\/diarioelpopular.com\/index.php\/wp-json\/wp\/v2\/posts"}],"about":[{"href":"https:\/\/diarioelpopular.com\/index.php\/wp-json\/wp\/v2\/types\/post"}],"author":[{"embeddable":true,"href":"https:\/\/diarioelpopular.com\/index.php\/wp-json\/wp\/v2\/users\/99"}],"replies":[{"embeddable":true,"href":"https:\/\/diarioelpopular.com\/index.php\/wp-json\/wp\/v2\/comments?post=532815"}],"version-history":[{"count":1,"href":"https:\/\/diarioelpopular.com\/index.php\/wp-json\/wp\/v2\/posts\/532815\/revisions"}],"predecessor-version":[{"id":532817,"href":"https:\/\/diarioelpopular.com\/index.php\/wp-json\/wp\/v2\/posts\/532815\/revisions\/532817"}],"wp:featuredmedia":[{"embeddable":true,"href":"https:\/\/diarioelpopular.com\/index.php\/wp-json\/wp\/v2\/media\/532816"}],"wp:attachment":[{"href":"https:\/\/diarioelpopular.com\/index.php\/wp-json\/wp\/v2\/media?parent=532815"}],"wp:term":[{"taxonomy":"category","embeddable":true,"href":"https:\/\/diarioelpopular.com\/index.php\/wp-json\/wp\/v2\/categories?post=532815"},{"taxonomy":"post_tag","embeddable":true,"href":"https:\/\/diarioelpopular.com\/index.php\/wp-json\/wp\/v2\/tags?post=532815"}],"curies":[{"name":"wp","href":"https:\/\/api.w.org\/{rel}","templated":true}]}}