{"id":532853,"date":"2025-06-08T10:42:26","date_gmt":"2025-06-08T14:42:26","guid":{"rendered":"https:\/\/diarioelpopular.com\/?p=532853"},"modified":"2025-06-08T10:42:26","modified_gmt":"2025-06-08T14:42:26","slug":"un-muerto-tras-tiroteo-en-el-area-de-jane-y-weston-rd","status":"publish","type":"post","link":"https:\/\/diarioelpopular.com\/index.php\/2025\/06\/08\/un-muerto-tras-tiroteo-en-el-area-de-jane-y-weston-rd\/","title":{"rendered":"Un muerto tras tiroteo en el \u00e1rea de Jane y Weston Rd"},"content":{"rendered":"<div id=\"attachment_532854\" style=\"width: 646px\" class=\"wp-caption alignnone\"><img loading=\"lazy\" decoding=\"async\" aria-describedby=\"caption-attachment-532854\" class=\"wp-image-532854 size-custom-full-size\" src=\"https:\/\/diarioelpopular.com\/wp-content\/uploads\/2025\/06\/Screen-Shot-2025-06-08-at-10.41.12-AM-636x361.png\" alt=\"\" width=\"636\" height=\"361\" srcset=\"https:\/\/diarioelpopular.com\/wp-content\/uploads\/2025\/06\/Screen-Shot-2025-06-08-at-10.41.12-AM-636x361.png 636w, https:\/\/diarioelpopular.com\/wp-content\/uploads\/2025\/06\/Screen-Shot-2025-06-08-at-10.41.12-AM-300x170.png 300w, https:\/\/diarioelpopular.com\/wp-content\/uploads\/2025\/06\/Screen-Shot-2025-06-08-at-10.41.12-AM-768x436.png 768w, https:\/\/diarioelpopular.com\/wp-content\/uploads\/2025\/06\/Screen-Shot-2025-06-08-at-10.41.12-AM-129x73.png 129w, https:\/\/diarioelpopular.com\/wp-content\/uploads\/2025\/06\/Screen-Shot-2025-06-08-at-10.41.12-AM.png 852w\" sizes=\"auto, (max-width: 636px) 100vw, 636px\" \/><p id=\"caption-attachment-532854\" class=\"wp-caption-text\">Jane y Emmett Ave<\/p><\/div>\n<p>&nbsp;<\/p>\n<ul>\n<li><em><strong>Un hombre falleci\u00f3 en el hospital tras un tiroteo en el barrio de Mount Dennis el s\u00e1bado por la noche.<\/strong><\/em><\/li>\n<\/ul>\n<p>&nbsp;<\/p>\n<p>La polic\u00eda acudi\u00f3 a la zona de Jane Street y Emmett Avenue, al sur de Weston Road, poco despu\u00e9s de las 22:00 h, tras reportes de disparos. Al llegar, encontraron a un hombre con una herida de bala.<\/p>\n<p>Los param\u00e9dicos informaron que trasladaron a un hombre a un centro de traumatolog\u00eda con heridas graves que posteriormente fue declarado muerto.<\/p>\n<p>La polic\u00eda afirma que el atacante huy\u00f3 del lugar; sin embargo, no se dispuso de una descripci\u00f3n inmediata y piden la colaboraci\u00f3n del peublico.<\/p>\n","protected":false},"excerpt":{"rendered":"<p>&nbsp; Un hombre falleci\u00f3 en el hospital tras un tiroteo en el barrio de Mount Dennis el s\u00e1bado por la noche. &nbsp; La polic\u00eda acudi\u00f3&hellip;<\/p>\n","protected":false},"author":99,"featured_media":532854,"comment_status":"open","ping_status":"open","sticky":false,"template":"","format":"standard","meta":{"footnotes":""},"categories":[11364],"tags":[],"class_list":["post-532853","post","type-post","status-publish","format-standard","has-post-thumbnail","hentry","category-toronto-gta"],"_links":{"self":[{"href":"https:\/\/diarioelpopular.com\/index.php\/wp-json\/wp\/v2\/posts\/532853","targetHints":{"allow":["GET"]}}],"collection":[{"href":"https:\/\/diarioelpopular.com\/index.php\/wp-json\/wp\/v2\/posts"}],"about":[{"href":"https:\/\/diarioelpopular.com\/index.php\/wp-json\/wp\/v2\/types\/post"}],"author":[{"embeddable":true,"href":"https:\/\/diarioelpopular.com\/index.php\/wp-json\/wp\/v2\/users\/99"}],"replies":[{"embeddable":true,"href":"https:\/\/diarioelpopular.com\/index.php\/wp-json\/wp\/v2\/comments?post=532853"}],"version-history":[{"count":1,"href":"https:\/\/diarioelpopular.com\/index.php\/wp-json\/wp\/v2\/posts\/532853\/revisions"}],"predecessor-version":[{"id":532855,"href":"https:\/\/diarioelpopular.com\/index.php\/wp-json\/wp\/v2\/posts\/532853\/revisions\/532855"}],"wp:featuredmedia":[{"embeddable":true,"href":"https:\/\/diarioelpopular.com\/index.php\/wp-json\/wp\/v2\/media\/532854"}],"wp:attachment":[{"href":"https:\/\/diarioelpopular.com\/index.php\/wp-json\/wp\/v2\/media?parent=532853"}],"wp:term":[{"taxonomy":"category","embeddable":true,"href":"https:\/\/diarioelpopular.com\/index.php\/wp-json\/wp\/v2\/categories?post=532853"},{"taxonomy":"post_tag","embeddable":true,"href":"https:\/\/diarioelpopular.com\/index.php\/wp-json\/wp\/v2\/tags?post=532853"}],"curies":[{"name":"wp","href":"https:\/\/api.w.org\/{rel}","templated":true}]}}