{"id":532862,"date":"2025-06-08T11:06:17","date_gmt":"2025-06-08T15:06:17","guid":{"rendered":"https:\/\/diarioelpopular.com\/?p=532862"},"modified":"2025-06-08T11:06:17","modified_gmt":"2025-06-08T15:06:17","slug":"trump-envia-2-000-soldados-a-los-angeles-tras-dos-dias-de-protestas-por-la-caza-de-indocumentados","status":"publish","type":"post","link":"https:\/\/diarioelpopular.com\/index.php\/2025\/06\/08\/trump-envia-2-000-soldados-a-los-angeles-tras-dos-dias-de-protestas-por-la-caza-de-indocumentados\/","title":{"rendered":"Trump env\u00eda 2.000 soldados a Los \u00c1ngeles tras dos d\u00edas de protestas por la \u2018caza\u2019 de indocumentados"},"content":{"rendered":"<div id=\"attachment_532863\" style=\"width: 1210px\" class=\"wp-caption alignnone\"><img loading=\"lazy\" decoding=\"async\" aria-describedby=\"caption-attachment-532863\" class=\"wp-image-532863 size-custom-big-size\" src=\"https:\/\/diarioelpopular.com\/wp-content\/uploads\/2025\/06\/Screen-Shot-2025-06-08-at-11.02.55-AM-1200x558.png\" alt=\"\" width=\"1200\" height=\"558\" srcset=\"https:\/\/diarioelpopular.com\/wp-content\/uploads\/2025\/06\/Screen-Shot-2025-06-08-at-11.02.55-AM-1200x558.png 1200w, https:\/\/diarioelpopular.com\/wp-content\/uploads\/2025\/06\/Screen-Shot-2025-06-08-at-11.02.55-AM-300x140.png 300w, https:\/\/diarioelpopular.com\/wp-content\/uploads\/2025\/06\/Screen-Shot-2025-06-08-at-11.02.55-AM-768x357.png 768w, https:\/\/diarioelpopular.com\/wp-content\/uploads\/2025\/06\/Screen-Shot-2025-06-08-at-11.02.55-AM-1536x714.png 1536w, https:\/\/diarioelpopular.com\/wp-content\/uploads\/2025\/06\/Screen-Shot-2025-06-08-at-11.02.55-AM-636x296.png 636w, https:\/\/diarioelpopular.com\/wp-content\/uploads\/2025\/06\/Screen-Shot-2025-06-08-at-11.02.55-AM-146x68.png 146w, https:\/\/diarioelpopular.com\/wp-content\/uploads\/2025\/06\/Screen-Shot-2025-06-08-at-11.02.55-AM.png 1024w\" sizes=\"auto, (max-width: 1200px) 100vw, 1200px\" \/><p id=\"caption-attachment-532863\" class=\"wp-caption-text\">Manifestantes patean un veh\u00edculo de la Patrulla Fronteriza en la ciudad de Paramount, California. Foto: Eric Thayer<\/p><\/div>\n<p>&nbsp;<\/p>\n<p>&nbsp;<\/p>\n<div class=\"a_e_txt _df\">\n<h4 class=\"a_st\"><em>&#8211; Los operativos realizados por las autoridades migratorias de EE UU en varios puntos de la ciudad provocan choques con manifestantes. El gobernador de California, dem\u00f3crata, asegura que la maniobra solo escalar\u00e1 la tensi\u00f3n<\/em><\/h4>\n<p>&nbsp;<\/p>\n<\/div>\n<div class=\"a_e_m\">\n<figure class=\"a_m\">\n<div class=\"videoTop videoTop-v\">\n<div class=\"core_cover_container\">\n<p class=\"\">La Administraci\u00f3n de Donald Trump ha decidido movilizar a la Guardia Nacional a Los \u00c1ngeles para frenar las protestas por sus pol\u00edticas migratorias. La ciudad californiana suma ya dos d\u00edas de caos provocado por las operaciones de\u00a0<i>caza<\/i>\u00a0de indocumentados. Este s\u00e1bado, agentes del Servicio de Inmigraci\u00f3n y Control de Aduanas (ICE, por las siglas en ingl\u00e9s) se han enfrentado con un grupo de manifestantes en Paramount, una ciudad a media hora del sur del centro angelino. Esto\u00a0<a title=\"https:\/\/t.co\/IsIAgA6iSo\" href=\"https:\/\/t.co\/IsIAgA6iSo\" target=\"_blank\" rel=\"noopener noreferrer\" data-link-track-dtm=\"\" data-mrf-link=\"https:\/\/t.co\/IsIAgA6iSo\">ocurre horas despu\u00e9s de que los agentes federales realizaran cuatro operativos<\/a>\u00a0en la ciudad, en los que fueron detenidos casi 50 indocumentados, la mayor\u00eda de ellos de nacionalidad mexicana.<\/p>\n<p class=\"\">Algunas versiones indican que los agentes llevaron a cabo una redada en un sitio de trabajo y la operaci\u00f3n se encontr\u00f3 con la resistencia de activistas y defensores de derechos humanos. La agencia, no obstante, rechaza haber hecho un operativo en la localidad. El choque ha dejado nuevas escenas de tensi\u00f3n que obligaron a las autoridades a emplear gas lacrim\u00f3geno y granadas aturdidoras.<\/p>\n<p class=\"\">Gavin Newsom, gobernador de California, ha confirmado que Washington ha activado a 2.000 soldados reservistas destacados en el Estado. \u201cEsta maniobra solo escalar\u00e1 las tensiones\u201d, asegur\u00f3 en las redes sociales el mandatario dem\u00f3crata, uno de los principales cr\u00edticos a las pol\u00edticas de Washington. El cuerpo militar de seguridad auxili\u00f3 a Los \u00c1ngeles durante varias semanas,\u00a0<a title=\"https:\/\/elpais.com\/us\/2025-01-18\/el-infierno-en-el-que-ardio-los-angeles-cronica-de-dias-de-fuego-cenizas-y-caos.html\" href=\"https:\/\/elpais.com\/us\/2025-01-18\/el-infierno-en-el-que-ardio-los-angeles-cronica-de-dias-de-fuego-cenizas-y-caos.html\" target=\"_blank\" rel=\"noopener noreferrer\" data-link-track-dtm=\"\" data-mrf-link=\"https:\/\/elpais.com\/us\/2025-01-18\/el-infierno-en-el-que-ardio-los-angeles-cronica-de-dias-de-fuego-cenizas-y-caos.html\">tras los incendios<\/a>\u00a0sufridos a inicio de 2025. \u201cEsta misi\u00f3n est\u00e1 equivocada y solo erosionar\u00e1 la confianza del p\u00fablico\u201d, a\u00f1adi\u00f3 Newsom.<\/p>\n<p class=\"\">Algunas versiones en las redes sociales indicaron que los agentes del ICE estaba deteniendo migrantes sin papeles en una tienda Home Depot de Paramount, localidad de 51.000 personas en la que ocho de cada diez personas son de origen latino. Este tipo de establecimientos son utilizados por algunos inmigrantes para ofrecer sus servicios a la industria de la construcci\u00f3n. Una de las redadas del viernes se hizo en uno de estos comercios.<\/p>\n<p class=\"\">\u201cOperaciones federales se est\u00e1n llevando a cabo este fin de semana en Los \u00c1ngeles\u201d,\u00a0<a title=\"https:\/\/x.com\/USAttyEssayli\/status\/1931423064098816241\" href=\"https:\/\/x.com\/USAttyEssayli\/status\/1931423064098816241\" target=\"_blank\" rel=\"noopener noreferrer\" data-link-track-dtm=\"\" data-mrf-link=\"https:\/\/x.com\/USAttyEssayli\/status\/1931423064098816241\">asegur\u00f3 Bill Essayli<\/a>, el fiscal federal nombrado por Trump hace unas semanas. El ICE, no obstante, neg\u00f3 el operativo del s\u00e1bado en Home Depot. El aparcamiento del establecimiento estaba siendo utilizado por algunos agentes, lo que llam\u00f3 la atenci\u00f3n de la comunidad. Un grupo de personas acudi\u00f3 al sitio y comenz\u00f3 a protestar por las redadas de la v\u00edspera y por la presencia de estos agentes en la ciudad.<\/p>\n<p class=\"\">El pulso entre los manifestantes y los agentes federales se extendi\u00f3 durante unas cinco horas entre gritos de \u201cFuera ICE\u201d y \u201c<i>Fuck ICE<\/i>\u201d. Varios de los presentes han ondeado la bandera mexicana (Los \u00c1ngeles es la segunda ciudad con m\u00e1s mexicanos del mundo, por detr\u00e1s de Ciudad de M\u00e9xico). El mundo MAGA [acr\u00f3nimo del lema trumpista\u00a0<i>Make America Great Again<\/i>]<i>\u00a0<\/i>y Karoline Leavitt han considerado la presencia de la bandera extranjera como una provocaci\u00f3n.<\/p>\n<p class=\"\">Los manifestantes formaron barricadas con los coches de la tienda y prendieron fuego a pedazos de madera y basura. Tambi\u00e9n fue incendiada una bandera de Estados Unidos. Algunos lanzaron pedradas y golpearon las patrullas y veh\u00edculos oficiales en la zona.<\/p>\n<p>&nbsp;<\/p>\n<figure class=\"a_m a_m-h \">\n<p><div style=\"width: 424px\" class=\"wp-caption alignnone\"><img loading=\"lazy\" decoding=\"async\" class=\"_re lazyload a_m-h\" src=\"https:\/\/imagenes.elpais.com\/resizer\/v2\/RAVIU5TKCWMV35N5HV7SXEEEIA.jpg?auth=7e7a9c5aa17698450212e5cf2d9aa7a1daa853899e69ab163b09508bbffc85fd&amp;width=414\" sizes=\"auto, (min-width:1199px) 1155px,(min-width:1001px) calc(100vw - 44px),(min-width:768px) 767px, 100vw\" srcset=\"https:\/\/imagenes.elpais.com\/resizer\/v2\/RAVIU5TKCWMV35N5HV7SXEEEIA.jpg?auth=7e7a9c5aa17698450212e5cf2d9aa7a1daa853899e69ab163b09508bbffc85fd&amp;width=414 414w,https:\/\/imagenes.elpais.com\/resizer\/v2\/RAVIU5TKCWMV35N5HV7SXEEEIA.jpg?auth=7e7a9c5aa17698450212e5cf2d9aa7a1daa853899e69ab163b09508bbffc85fd&amp;width=828 640w,https:\/\/imagenes.elpais.com\/resizer\/v2\/RAVIU5TKCWMV35N5HV7SXEEEIA.jpg?auth=7e7a9c5aa17698450212e5cf2d9aa7a1daa853899e69ab163b09508bbffc85fd&amp;width=980 1000w,https:\/\/imagenes.elpais.com\/resizer\/v2\/RAVIU5TKCWMV35N5HV7SXEEEIA.jpg?auth=7e7a9c5aa17698450212e5cf2d9aa7a1daa853899e69ab163b09508bbffc85fd&amp;width=1960 1960w\" alt=\"Agentes federales lanzan proyectiles contra los manifestantes la ma\u00f1ana de este s\u00e1bado en Paramount, California.\" width=\"414\" height=\"276\" \/><p class=\"wp-caption-text\">Agentes federales lanzan proyectiles contra los manifestantes la ma\u00f1ana de este s\u00e1bado en Paramount, California.\u00a0 \u00a0 \u00a0 \u00a0 \u00a0 \u00a0 \u00a0 \u00a0 \u00a0 \u00a0 \u00a0 \u00a0 Foto ALLISON DINNER (EFE)<\/p><\/div><figcaption class=\"a_m_p\" aria-hidden=\"true\"><\/figcaption><\/figure>\n<p>&nbsp;<\/p>\n<p class=\"\">La situaci\u00f3n escal\u00f3, lo que oblig\u00f3 a la movilizaci\u00f3n de una fuerza de \u00e9lite de la Patrulla Fronteriza. Esta apareci\u00f3 armada con equipos t\u00e1cticos antidisturbios, y fue la que comenz\u00f3 a disparar armas no letales. Michael Banks, el director de la fuerza, asegur\u00f3 que fueron detenidas varias personas \u201cpor golpear agentes federales\u201d. \u201cNing\u00fan ataque a nuestros agentes ser\u00e1 tolerado\u201d, asegur\u00f3\u00a0<a title=\"https:\/\/x.com\/USBPChief\/status\/1931459382400688168\" href=\"https:\/\/x.com\/USBPChief\/status\/1931459382400688168\" target=\"_blank\" rel=\"noopener noreferrer\" data-link-track-dtm=\"\" data-mrf-link=\"https:\/\/x.com\/USBPChief\/status\/1931459382400688168\">en las redes sociales<\/a>.<\/p>\n<p class=\"\">Una mujer que formaba parte del grupo de manifestantes fue herida con el lanzamiento de un proyectil de las autoridades. Otra persona tambi\u00e9n fue atendida en el lugar tras haber sido lastimado por las armas empleadas para dispersar a los manifestantes.<\/p>\n<p class=\"\">\u201cUn mensaje a quienes llevan a cabo los disturbios de Los \u00c1ngeles: No nos van a frenar ni a detener\u201d, asegur\u00f3 Kristi Noem, la secretaria de Seguridad Interior de Trump. De acuerdo a la Administraci\u00f3n, los agentes del ICE han detenido a unos 2.000 indocumentados a diario esta semana en todo el pa\u00eds.<\/p>\n<p class=\"\">Seguridad Interior asegur\u00f3 a trav\u00e9s de un comunicado que en Los \u00c1ngeles se han arrestado a 118 indocumentados esta semana. Entre estas hay cinco integrantes de pandillas transnacionales y personas con antecedentes penales por tr\u00e1fico de drogas, violencia intrafamiliar, robo y tr\u00e1fico de personas.<\/p>\n<h2 class=\"\">Mexicanos detenidos<\/h2>\n<p class=\"\">Carlos Gonz\u00e1lez, el c\u00f3nsul de M\u00e9xico en Los \u00c1ngeles, asegura que unas dos terceras partes de los casi 50 indocumentados detenidos el viernes durante las redadas son ciudadanos mexicanos. El diplom\u00e1tico ha afirmado este s\u00e1bado que a\u00fan est\u00e1 a la espera de que las autoridades migratorias estadounidenses especifiquen el n\u00famero exacto de nacionalidades involucradas en las operaciones. \u201cEste tipo de redadas no tienen precedentes recientes\u201d, apunta Gonz\u00e1lez, subrayando que las capturas se hicieron en sitios de trabajo.<\/p>\n<p class=\"\">Los detalles de los operativos del viernes son pocos. Sin embargo, se puede afirmar que la mayor\u00eda de los obreros detenidos en la f\u00e1brica de Ambiance Apparel, en el distrito de la moda angelino, eran mexicanos originarios de los Estados de Veracruz, Puebla e Hidalgo. No se trataba de reci\u00e9n llegados, sino de personas que ya hab\u00edan echado ra\u00edces en este pa\u00eds desde hace muchos a\u00f1os. Algunos incluso tienen hijos que son ciudadanos estadounidenses.<\/p>\n<p class=\"\">En cambio, los indocumentados detenidos el viernes afuera de la tienda Home Depot en el barrio de Cypress Park eran de otras nacionalidades diferentes a la mexicana.<\/p>\n<p class=\"\">El arresto de estas 44 personas provoc\u00f3 la movilizaci\u00f3n de algo m\u00e1s de mil manifestantes, quienes se plantaron frente al centro federal de detenci\u00f3n migratoria ubicado al centro de Los \u00c1ngeles. La protesta deriv\u00f3 en enfrentamientos con agentes federales, quienes usaron gases y balas de goma para repeler las agresiones. Los agentes federales tambi\u00e9n se vieron obligados a trasladar a los detenidos a otras prisiones migratorias fuera de la zona metropolitana.<\/p>\n<p class=\"\">El Gobierno de Trump se ha quejado este s\u00e1bado de la falta de apoyo de las autoridades locales. \u201cTom\u00f3 m\u00e1s de dos horas para que el Departamento de Polic\u00eda respondiera\u201d, asegur\u00f3 Seguridad Interior en un comunicado. La Administraci\u00f3n asegura que la violencia contra los agentes del ICE se ha elevado un 400% en las \u00faltimas semanas.<\/p>\n<p class=\"\">La polic\u00eda angelina rechaza las cr\u00edticas. Dicen haber estado en el lugar 55 minutos despu\u00e9s de haber recibido la llamada de las agencias federales. La tardanza, argumentaron, fue por el tr\u00e1fico en el \u00e1rea y \u201cpor el uso de gas irritante de los federales para dispersar a los manifestantes\u201d. \u201cEsto cre\u00f3 un peligroso entorno para las fuerzas de seguridad\u201d,<a title=\"https:\/\/x.com\/LAPDPIO\/status\/1931498850344382771\" href=\"https:\/\/x.com\/LAPDPIO\/status\/1931498850344382771\" target=\"_blank\" rel=\"noopener noreferrer\" data-link-track-dtm=\"\" data-mrf-link=\"https:\/\/x.com\/LAPDPIO\/status\/1931498850344382771\">\u00a0asegura la fuerza<\/a>.<\/p>\n<p class=\"\">En parte, responsabilizan de la escalada de violencia a los pol\u00edticos dem\u00f3cratas como el congresista Hakeem Jeffries, la alcaldesa de Boston Michelle Wu, el gobernador de Minnesota Tim Walz y Karen Bass, la alcaldesa de Los \u00c1ngeles. Estos, dicen los funcionarios trumpistas, \u201chan convertido en villanos y demonios\u201d a los responsables de la polic\u00eda migratoria.<\/p>\n<\/div>\n<\/div>\n<\/figure>\n<\/div>\n","protected":false},"excerpt":{"rendered":"<p>&nbsp; &nbsp; &#8211; Los operativos realizados por las autoridades migratorias de EE UU en varios puntos de la ciudad provocan choques con manifestantes. El gobernador&hellip;<\/p>\n","protected":false},"author":99,"featured_media":532863,"comment_status":"open","ping_status":"open","sticky":false,"template":"","format":"standard","meta":{"footnotes":""},"categories":[24],"tags":[],"class_list":["post-532862","post","type-post","status-publish","format-standard","has-post-thumbnail","hentry","category-mundo"],"_links":{"self":[{"href":"https:\/\/diarioelpopular.com\/index.php\/wp-json\/wp\/v2\/posts\/532862","targetHints":{"allow":["GET"]}}],"collection":[{"href":"https:\/\/diarioelpopular.com\/index.php\/wp-json\/wp\/v2\/posts"}],"about":[{"href":"https:\/\/diarioelpopular.com\/index.php\/wp-json\/wp\/v2\/types\/post"}],"author":[{"embeddable":true,"href":"https:\/\/diarioelpopular.com\/index.php\/wp-json\/wp\/v2\/users\/99"}],"replies":[{"embeddable":true,"href":"https:\/\/diarioelpopular.com\/index.php\/wp-json\/wp\/v2\/comments?post=532862"}],"version-history":[{"count":1,"href":"https:\/\/diarioelpopular.com\/index.php\/wp-json\/wp\/v2\/posts\/532862\/revisions"}],"predecessor-version":[{"id":532864,"href":"https:\/\/diarioelpopular.com\/index.php\/wp-json\/wp\/v2\/posts\/532862\/revisions\/532864"}],"wp:featuredmedia":[{"embeddable":true,"href":"https:\/\/diarioelpopular.com\/index.php\/wp-json\/wp\/v2\/media\/532863"}],"wp:attachment":[{"href":"https:\/\/diarioelpopular.com\/index.php\/wp-json\/wp\/v2\/media?parent=532862"}],"wp:term":[{"taxonomy":"category","embeddable":true,"href":"https:\/\/diarioelpopular.com\/index.php\/wp-json\/wp\/v2\/categories?post=532862"},{"taxonomy":"post_tag","embeddable":true,"href":"https:\/\/diarioelpopular.com\/index.php\/wp-json\/wp\/v2\/tags?post=532862"}],"curies":[{"name":"wp","href":"https:\/\/api.w.org\/{rel}","templated":true}]}}