{"id":532871,"date":"2025-06-08T18:36:55","date_gmt":"2025-06-08T22:36:55","guid":{"rendered":"https:\/\/diarioelpopular.com\/?p=532871"},"modified":"2025-06-08T18:36:55","modified_gmt":"2025-06-08T22:36:55","slug":"colombia-revive-la-pesadilla-de-los-magnicidios-con-el-atentado-contra-miguel-uribe","status":"publish","type":"post","link":"https:\/\/diarioelpopular.com\/index.php\/2025\/06\/08\/colombia-revive-la-pesadilla-de-los-magnicidios-con-el-atentado-contra-miguel-uribe\/","title":{"rendered":"Colombia revive la pesadilla de los magnicidios con el atentado contra Miguel Uribe"},"content":{"rendered":"<div id=\"attachment_532872\" style=\"width: 1210px\" class=\"wp-caption alignnone\"><img loading=\"lazy\" decoding=\"async\" aria-describedby=\"caption-attachment-532872\" class=\"wp-image-532872 size-custom-big-size\" src=\"https:\/\/diarioelpopular.com\/wp-content\/uploads\/2025\/06\/Screen-Shot-2025-06-08-at-6.35.58-PM-1200x563.png\" alt=\"\" width=\"1200\" height=\"563\" srcset=\"https:\/\/diarioelpopular.com\/wp-content\/uploads\/2025\/06\/Screen-Shot-2025-06-08-at-6.35.58-PM-1200x563.png 1200w, https:\/\/diarioelpopular.com\/wp-content\/uploads\/2025\/06\/Screen-Shot-2025-06-08-at-6.35.58-PM-300x141.png 300w, https:\/\/diarioelpopular.com\/wp-content\/uploads\/2025\/06\/Screen-Shot-2025-06-08-at-6.35.58-PM-768x360.png 768w, https:\/\/diarioelpopular.com\/wp-content\/uploads\/2025\/06\/Screen-Shot-2025-06-08-at-6.35.58-PM-1536x720.png 1536w, https:\/\/diarioelpopular.com\/wp-content\/uploads\/2025\/06\/Screen-Shot-2025-06-08-at-6.35.58-PM-636x298.png 636w, https:\/\/diarioelpopular.com\/wp-content\/uploads\/2025\/06\/Screen-Shot-2025-06-08-at-6.35.58-PM-146x68.png 146w, https:\/\/diarioelpopular.com\/wp-content\/uploads\/2025\/06\/Screen-Shot-2025-06-08-at-6.35.58-PM.png 1024w\" sizes=\"auto, (max-width: 1200px) 100vw, 1200px\" \/><p id=\"caption-attachment-532872\" class=\"wp-caption-text\">El senador Miguel Uribe asiste a un debate en el Congreso colombiano, el 20 de junio de 2024.\u00a0 \u00a0 \u00a0 \u00a0 \u00a0 \u00a0 \u00a0 \u00a0 \u00a0 \u00a0 \u00a0 \u00a0 \u00a0 \u00a0 \u00a0 \u00a0 \u00a0 \u00a0 \u00a0 Foto: Carlos Ortega (EPA) EFE)<\/p><\/div>\n<p>&nbsp;<\/p>\n<h4 class=\"a_st\"><em>&#8211; El ataque contra el senador y precandidato de la derecha, cuyo estado \u201creviste la m\u00e1xima gravedad\u201d, recuerda los asesinatos de cinco candidatos presidenciales entre 1986 y 1990<\/em><\/h4>\n<p>&nbsp;<\/p>\n<p class=\"\">Un hombre de unos 40 a\u00f1os hace campa\u00f1a pol\u00edtica. Un\u00a0<a title=\"https:\/\/elpais.com\/america-colombia\/2025-06-08\/en-video-asi-fue-el-atentado-contra-miguel-uribe-turbay.html\" href=\"https:\/\/elpais.com\/america-colombia\/2025-06-08\/en-video-asi-fue-el-atentado-contra-miguel-uribe-turbay.html\" target=\"_self\" rel=\"\" data-link-track-dtm=\"\" data-mrf-link=\"https:\/\/elpais.com\/america-colombia\/2025-06-08\/en-video-asi-fue-el-atentado-contra-miguel-uribe-turbay.html\">v\u00eddeo<\/a>\u00a0muestra c\u00f3mo, en un espacio p\u00fablico, se dirige a sus seguidores. De repente su cuerpo se agita, sacudido por las balas. La c\u00e1mara cae, pierde el foco, la gente corre. Puede ser Soacha, el 18 de agosto de 1989 y el pol\u00edtico llamarse\u00a0<a title=\"https:\/\/elpais.com\/diario\/1989\/08\/21\/internacional\/619653607_850215.html\" href=\"https:\/\/elpais.com\/diario\/1989\/08\/21\/internacional\/619653607_850215.html\" target=\"_self\" rel=\"\" data-link-track-dtm=\"\" data-mrf-link=\"https:\/\/elpais.com\/diario\/1989\/08\/21\/internacional\/619653607_850215.html\">Luis Carlos Gal\u00e1n<\/a>. O Bogot\u00e1, el 7 de junio de 2025, y tratarse de\u00a0<a title=\"https:\/\/elpais.com\/america-colombia\/2025-06-08\/quien-es-miguel-uribe-turbay-el-senador-y-precandidato-presidencial-herido-en-un-atentado.html\" href=\"https:\/\/elpais.com\/america-colombia\/2025-06-08\/quien-es-miguel-uribe-turbay-el-senador-y-precandidato-presidencial-herido-en-un-atentado.html\" target=\"_self\" rel=\"\" data-link-track-dtm=\"\" data-mrf-link=\"https:\/\/elpais.com\/america-colombia\/2025-06-08\/quien-es-miguel-uribe-turbay-el-senador-y-precandidato-presidencial-herido-en-un-atentado.html\">Miguel Uribe Turbay<\/a>.<\/p>\n<p class=\"\">El atentado que ha sufrido este s\u00e1bado el precandidato presidencial del Centro Democr\u00e1tico, el principal partido opositor del izquierdista Petro, ha conmocionado a Colombia, como ocurrir\u00eda en cualquier lugar ante un intento de asesinar a un aspirante al mayor cargo del Estado, pero adem\u00e1s ha revivido una pesadilla de hace 35 a\u00f1os: en la campa\u00f1a previa a las elecciones presidenciales de 1990 no fue uno, sino tres, los candidatos presidenciales asesinados, como parte de la violencia criminal que se ceb\u00f3 con el pa\u00eds.<\/p>\n<p class=\"\">Los hechos de este s\u00e1bado a\u00fan no est\u00e1n del todo claros. Uribe, uno de las decenas de aspirantes en una contienda con un panorama muy abierto, acudi\u00f3 a un barrio de clase media de la capital. Varias decenas de personas acudieron a un mitin que no se puede calificar de multitudinario. La campa\u00f1a apenas inicia: la primera vuelta ser\u00e1 el 31 de mayo de 2026. Ning\u00fan medio asisti\u00f3.<\/p>\n<p class=\"\">Tras los\u00a0<a title=\"https:\/\/elpais.com\/america-colombia\/2025-06-07\/el-senador-colombiano-miguel-uribe-turbay-es-victima-de-un-atentado-en-un-evento-publico-en-bogota.html\" href=\"https:\/\/elpais.com\/america-colombia\/2025-06-07\/el-senador-colombiano-miguel-uribe-turbay-es-victima-de-un-atentado-en-un-evento-publico-en-bogota.html\" target=\"_self\" rel=\"\" data-link-track-dtm=\"\" data-mrf-link=\"https:\/\/elpais.com\/america-colombia\/2025-06-07\/el-senador-colombiano-miguel-uribe-turbay-es-victima-de-un-atentado-en-un-evento-publico-en-bogota.html\">dos disparos<\/a> que recibi\u00f3 de un sicario a contrato que, seg\u00fan las autoridades, tiene 15 a\u00f1os, los escoltas del tambi\u00e9n senador reaccionaron. Lo llevaron a la cl\u00ednica m\u00e1s cercana y capturaron al atacante, que intent\u00f3 escapar a pie. En la ma\u00f1ana de este domingo, la Fundaci\u00f3n Santa Fe de Bogot\u00e1, a donde lo trasladaron despu\u00e9s para ser operado, anunci\u00f3 en un comunicado de prensa que el estado de salud de Uribe Turbay \u201creviste la m\u00e1xima gravedad\u201d y que su pron\u00f3stico es \u201creservado\u201d. Desde la tarde del s\u00e1bado, los principales actores pol\u00edticos lamentaron lo ocurrido, pidieron investigaciones inmediatas, exhortaron a la uni\u00f3n nacional. Mientras que Petro sali\u00f3 diciendo que intentaron matar al &#8220;hijo de un Arabe&#8221;<\/p>\n<p class=\"\">En agosto de 1989, un Gal\u00e1n gravemente herido tard\u00f3 en llegar hasta el hospital de Kennedy, en Bogot\u00e1, y all\u00ed los m\u00e9dicos lo encontraron ya muerto. Aunque las elecciones estaban casi tan lejos como ahora, se trataba del aspirante del que era el partido pol\u00edtico mayoritario, el Liberal, y un pol\u00edtico archiconocido, virtual presidente. Ese asesinato recib\u00eda ecos de otro, el del tambi\u00e9n liberal\u00a0<a title=\"https:\/\/elpais.com\/internacional\/2018\/04\/08\/colombia\/1523216245_924526.html\" href=\"https:\/\/elpais.com\/internacional\/2018\/04\/08\/colombia\/1523216245_924526.html\" target=\"_self\" rel=\"\" data-link-track-dtm=\"\" data-mrf-link=\"https:\/\/elpais.com\/internacional\/2018\/04\/08\/colombia\/1523216245_924526.html\">Jorge Eli\u00e9cer Gait\u00e1n<\/a>, que el 9 de abril de 1948 se convirti\u00f3 en un catalizador de una enorme violencia entre conservadores y liberales. Tras el crimen contra Gal\u00e1n no se repiti\u00f3 esa guerra civil no declarada, pero s\u00ed continuaron los ataques criminales de los capos narcotraficantes liderados por\u00a0<a title=\"https:\/\/elpais.com\/america-colombia\/2023-12-02\/pablo-escobar-entre-el-mito-y-la-verguenza.html\" href=\"https:\/\/elpais.com\/america-colombia\/2023-12-02\/pablo-escobar-entre-el-mito-y-la-verguenza.html\" target=\"_self\" rel=\"\" data-link-track-dtm=\"\" data-mrf-link=\"https:\/\/elpais.com\/america-colombia\/2023-12-02\/pablo-escobar-entre-el-mito-y-la-verguenza.html\">Pablo Escobar<\/a>.<\/p>\n<p>&nbsp;<\/p>\n<figure class=\"a_m a_m-h \">\n<p><div style=\"width: 424px\" class=\"wp-caption alignnone\"><img loading=\"lazy\" decoding=\"async\" class=\"_re lazyload a_m-h\" src=\"https:\/\/imagenes.elpais.com\/resizer\/v2\/PFMJCQVE4ZA7FJAPLD7XOXTAMI.jpg?auth=654742836bf71a4a0a2f79e09bf8b9fa50e2fcd079dc1b75897a1eabdc989cb9&amp;width=414\" sizes=\"auto, (min-width:1199px) 1155px,(min-width:1001px) calc(100vw - 44px),(min-width:768px) 767px, 100vw\" srcset=\"https:\/\/imagenes.elpais.com\/resizer\/v2\/PFMJCQVE4ZA7FJAPLD7XOXTAMI.jpg?auth=654742836bf71a4a0a2f79e09bf8b9fa50e2fcd079dc1b75897a1eabdc989cb9&amp;width=414 414w,https:\/\/imagenes.elpais.com\/resizer\/v2\/PFMJCQVE4ZA7FJAPLD7XOXTAMI.jpg?auth=654742836bf71a4a0a2f79e09bf8b9fa50e2fcd079dc1b75897a1eabdc989cb9&amp;width=828 640w,https:\/\/imagenes.elpais.com\/resizer\/v2\/PFMJCQVE4ZA7FJAPLD7XOXTAMI.jpg?auth=654742836bf71a4a0a2f79e09bf8b9fa50e2fcd079dc1b75897a1eabdc989cb9&amp;width=980 1000w,https:\/\/imagenes.elpais.com\/resizer\/v2\/PFMJCQVE4ZA7FJAPLD7XOXTAMI.jpg?auth=654742836bf71a4a0a2f79e09bf8b9fa50e2fcd079dc1b75897a1eabdc989cb9&amp;width=1960 1960w\" alt=\"Im\u00e1genes del momento en que Miguel Uribe es auxiliado tras sufrir el atentado.\" width=\"414\" height=\"273\" \/><p class=\"wp-caption-text\">Im\u00e1genes del momento en que Miguel Uribe es auxiliado tras sufrir el atentado.<\/p><\/div><figcaption class=\"a_m_p\" aria-hidden=\"true\"><\/figcaption><\/figure>\n<p>&nbsp;<\/p>\n<p class=\"\">La violencia creci\u00f3. En marzo de 1990 fue asesinado Bernardo Jaramillo, el candidato de la izquierdista Uni\u00f3n Patri\u00f3tica, en el aeropuerto de Bogot\u00e1. Ya su antecesor, Jaime Pardo Leal, hab\u00eda muerto bajo balas criminales en 1987. A\u00f1os m\u00e1s tarde se aclar\u00f3 que los responsables de la muerte de Jaramillo fueron los paramilitares, pero la vor\u00e1gine era tal que se debati\u00f3 si hab\u00edan sido Escobar y sus socios, o incluso las guerrillas terroristas de las FARC. Al mes siguiente el asesinado fue <a title=\"https:\/\/elpais.com\/diario\/1990\/04\/28\/portada\/641253601_850215.html\" href=\"https:\/\/elpais.com\/diario\/1990\/04\/28\/portada\/641253601_850215.html\" target=\"_self\" rel=\"\" data-link-track-dtm=\"\" data-mrf-link=\"https:\/\/elpais.com\/diario\/1990\/04\/28\/portada\/641253601_850215.html\">Carlos Pizarro<\/a>, quien hab\u00eda llevado a la guerrilla del M-19 a desmovilizarse. La muerte lleg\u00f3 de manos de un sicario suicida: le dispar\u00f3 en pleno vuelo, y era seguro que los escoltas del candidato presidencial responder\u00edan. As\u00ed fue.<\/p>\n<p class=\"\">Esas muertes, sumadas a decenas de bombas contra civiles, secuestros y asesinatos, configuran la pesadilla que Colombia enfrenta de nuevo. En 1989, el hijo mayor de Gal\u00e1n, el hoy precandidato Juan Manuel, design\u00f3 a C\u00e9sar Gaviria como heredero de su padre. Antonio Navarro Wolff mantuvo al M-19 en la paz, reemplaz\u00f3 a Pizarro, y logr\u00f3 la mejor votaci\u00f3n de la izquierda hasta entonces. Gaviria gan\u00f3 las elecciones, sac\u00f3 adelante una nueva y m\u00e1s plural Constituci\u00f3n y venci\u00f3 a Escobar, quien termin\u00f3 muerto en 1993, no sin antes secuestrar a decenas de personas, incluyendo a Diana Turbay, una reconocida periodista y madre de Miguel. Ella nunca regres\u00f3: muri\u00f3 en un intento de rescate cuando su hijo tan solo ten\u00eda cuatro a\u00f1os, la misma edad que hoy tiene el hijo menor del precandidato que se debate entre la vida y la muerte.<\/p>\n<p class=\"\">Las secuelas de esa estela de muerte fueron m\u00e1s all\u00e1. No todo termin\u00f3 con Escobar (a los magnicidios se puede sumar el del conservador \u00c1lvaro G\u00f3mez, candidato en 1990 asesinado en 1995); la violencia guerrillera y paramilitar solo se increment\u00f3 en las dos d\u00e9cadas siguientes. Y sus consecuencias siguen vivas. El narcotr\u00e1fico sigue siendo muy poderoso, se multiplican y ganan fuerza los grupos armados, el Gobierno y la oposici\u00f3n est\u00e9n enfrentados en un choque tan enconado que se han se\u00f1alado mutuamente de violar la Constituci\u00f3n y hacer un \u201cgolpe de Estado\u201d, y el presidente incluso ha enarbolado la bandera de la \u201cguerra a muerte de Bol\u00edvar\u201d.<\/p>\n<p class=\"\">Adem\u00e1s, las v\u00edctimas de esa violencia de hace 35 a\u00f1os est\u00e1n en el centro del debate. El alcalde de Bogot\u00e1 es hoy otro hijo de Gal\u00e1n, Carlos Fernando; entre los precandidatos de la izquierda est\u00e1 la senadora Mar\u00eda Jos\u00e9 Pizarro, hija del candidato asesinado en 1990. Ella ha\u00a0<a title=\"https:\/\/elpais.com\/america-colombia\/2025-06-07\/la-clase-politica-repudia-el-atentado-contra-miguel-uribe-turbay.html\" href=\"https:\/\/elpais.com\/america-colombia\/2025-06-07\/la-clase-politica-repudia-el-atentado-contra-miguel-uribe-turbay.html\" target=\"_self\" rel=\"\" data-link-track-dtm=\"\" data-mrf-link=\"https:\/\/elpais.com\/america-colombia\/2025-06-07\/la-clase-politica-repudia-el-atentado-contra-miguel-uribe-turbay.html\">se\u00f1alado el despertar del fantasma<\/a>: \u201dSoy hija de un candidato presidencial asesinado en 1990 y esta historia no se puede repetir\u201c, ha escrito en X en su primera reacci\u00f3n al atentado. Colombia ya ha vivido varios reciclajes de la violencia. Lo que ocurra en las pr\u00f3ximas horas ser\u00e1 fundamental para saber si este s\u00e1bado inici\u00f3, o lleg\u00f3 a un nivel m\u00e1s alto, un nuevo ciclo.<\/p>\n","protected":false},"excerpt":{"rendered":"<p>&nbsp; &#8211; El ataque contra el senador y precandidato de la derecha, cuyo estado \u201creviste la m\u00e1xima gravedad\u201d, recuerda los asesinatos de cinco candidatos presidenciales&hellip;<\/p>\n","protected":false},"author":99,"featured_media":532872,"comment_status":"open","ping_status":"open","sticky":false,"template":"","format":"standard","meta":{"footnotes":""},"categories":[23],"tags":[],"class_list":["post-532871","post","type-post","status-publish","format-standard","has-post-thumbnail","hentry","category-latinoamerica"],"_links":{"self":[{"href":"https:\/\/diarioelpopular.com\/index.php\/wp-json\/wp\/v2\/posts\/532871","targetHints":{"allow":["GET"]}}],"collection":[{"href":"https:\/\/diarioelpopular.com\/index.php\/wp-json\/wp\/v2\/posts"}],"about":[{"href":"https:\/\/diarioelpopular.com\/index.php\/wp-json\/wp\/v2\/types\/post"}],"author":[{"embeddable":true,"href":"https:\/\/diarioelpopular.com\/index.php\/wp-json\/wp\/v2\/users\/99"}],"replies":[{"embeddable":true,"href":"https:\/\/diarioelpopular.com\/index.php\/wp-json\/wp\/v2\/comments?post=532871"}],"version-history":[{"count":1,"href":"https:\/\/diarioelpopular.com\/index.php\/wp-json\/wp\/v2\/posts\/532871\/revisions"}],"predecessor-version":[{"id":532873,"href":"https:\/\/diarioelpopular.com\/index.php\/wp-json\/wp\/v2\/posts\/532871\/revisions\/532873"}],"wp:featuredmedia":[{"embeddable":true,"href":"https:\/\/diarioelpopular.com\/index.php\/wp-json\/wp\/v2\/media\/532872"}],"wp:attachment":[{"href":"https:\/\/diarioelpopular.com\/index.php\/wp-json\/wp\/v2\/media?parent=532871"}],"wp:term":[{"taxonomy":"category","embeddable":true,"href":"https:\/\/diarioelpopular.com\/index.php\/wp-json\/wp\/v2\/categories?post=532871"},{"taxonomy":"post_tag","embeddable":true,"href":"https:\/\/diarioelpopular.com\/index.php\/wp-json\/wp\/v2\/tags?post=532871"}],"curies":[{"name":"wp","href":"https:\/\/api.w.org\/{rel}","templated":true}]}}