{"id":533099,"date":"2025-06-14T09:44:03","date_gmt":"2025-06-14T13:44:03","guid":{"rendered":"https:\/\/diarioelpopular.com\/?p=533099"},"modified":"2025-06-14T09:44:03","modified_gmt":"2025-06-14T13:44:03","slug":"las-autoridades-de-florida-amenazan-a-quienes-participen-en-las-protestas-te-vamos-a-matar","status":"publish","type":"post","link":"https:\/\/diarioelpopular.com\/index.php\/2025\/06\/14\/las-autoridades-de-florida-amenazan-a-quienes-participen-en-las-protestas-te-vamos-a-matar\/","title":{"rendered":"Las autoridades de Florida amenazan a quienes participen en las protestas: \u201cTe vamos a matar\u201d"},"content":{"rendered":"<div id=\"attachment_533100\" style=\"width: 1210px\" class=\"wp-caption alignnone\"><img loading=\"lazy\" decoding=\"async\" aria-describedby=\"caption-attachment-533100\" class=\"wp-image-533100 size-custom-big-size\" src=\"https:\/\/diarioelpopular.com\/wp-content\/uploads\/2025\/06\/Screen-Shot-2025-06-14-at-9.43.14-AM-1200x654.png\" alt=\"\" width=\"1200\" height=\"654\" srcset=\"https:\/\/diarioelpopular.com\/wp-content\/uploads\/2025\/06\/Screen-Shot-2025-06-14-at-9.43.14-AM-1200x654.png 1200w, https:\/\/diarioelpopular.com\/wp-content\/uploads\/2025\/06\/Screen-Shot-2025-06-14-at-9.43.14-AM-300x163.png 300w, https:\/\/diarioelpopular.com\/wp-content\/uploads\/2025\/06\/Screen-Shot-2025-06-14-at-9.43.14-AM-768x418.png 768w, https:\/\/diarioelpopular.com\/wp-content\/uploads\/2025\/06\/Screen-Shot-2025-06-14-at-9.43.14-AM-1536x837.png 1536w, https:\/\/diarioelpopular.com\/wp-content\/uploads\/2025\/06\/Screen-Shot-2025-06-14-at-9.43.14-AM-636x347.png 636w, https:\/\/diarioelpopular.com\/wp-content\/uploads\/2025\/06\/Screen-Shot-2025-06-14-at-9.43.14-AM-134x73.png 134w, https:\/\/diarioelpopular.com\/wp-content\/uploads\/2025\/06\/Screen-Shot-2025-06-14-at-9.43.14-AM.png 1024w\" sizes=\"auto, (max-width: 1200px) 100vw, 1200px\" \/><p id=\"caption-attachment-533100\" class=\"wp-caption-text\">Polic\u00eda Federal lanzan gas lacrim\u00f3geno a manifestantes, en California, el 9 de junio de 2025. Foto Jeff Gritchen (AP)<\/p><\/div>\n<p>&nbsp;<\/p>\n<p>&nbsp;<\/p>\n<h4 class=\"a_st\"><em>&#8211; El gobernador da permiso a los conductores de \u201catropellar\u201d a los manifestantes si se les interpongan en el camino<\/em><\/h4>\n<p>&nbsp;<\/p>\n<p class=\"\">Con un tono marcial y amenazante, Wayne Ivey, el sheriff del condado de Brevard, en Florida, agarr\u00f3 el micr\u00f3fono para comunicar a los residentes del Estado lo que pod\u00eda sucederles si se suman a\u00a0<a title=\"https:\/\/elpais.com\/us\/migracion\/2025-06-11\/la-ofensiva-contra-trump-toma-forma-en-las-calles-de-una-veintena-de-ciudades-de-estados-unidos.html\" href=\"https:\/\/elpais.com\/us\/migracion\/2025-06-11\/la-ofensiva-contra-trump-toma-forma-en-las-calles-de-una-veintena-de-ciudades-de-estados-unidos.html\" target=\"_self\" rel=\"\" data-link-track-dtm=\"\" data-mrf-link=\"https:\/\/elpais.com\/us\/migracion\/2025-06-11\/la-ofensiva-contra-trump-toma-forma-en-las-calles-de-una-veintena-de-ciudades-de-estados-unidos.html\">las protestas contra el Gobierno<\/a>\u00a0convocadas para este s\u00e1bado. El jefe de la polic\u00eda fue tajante al informar de que no solo piensan enviar a la c\u00e1rcel a los manifestantes violentos, sino que no dudar\u00e1n en acabar con su vida. \u201cSi lanzas un ladrillo, una bomba incendiaria o apuntas con un arma a uno de nuestros agentes, notificaremos a tu familia d\u00f3nde pueden recoger tus restos. Porque te vamos a matar. Muerto y enterrado. No vamos a jugar con esto. Esto tiene que parar\u201d,\u00a0<a title=\"https:\/\/www.instagram.com\/reel\/DK2P21TPB8B\/\" href=\"https:\/\/www.instagram.com\/reel\/DK2P21TPB8B\/\" target=\"_blank\" rel=\"noopener\" data-link-track-dtm=\"\" data-mrf-link=\"https:\/\/www.instagram.com\/reel\/DK2P21TPB8B\/\">dijo este jueves en una conferencia de prensa<\/a>.<\/p>\n<p class=\"\">Las autoridades floridanas tienen claro que su Estado no se va a convertir en el nuevo\u00a0<a title=\"https:\/\/elpais.com\/us\/migracion\/2025-06-12\/las-protestas-de-los-angeles-por-la-politica-migratoria-despiertan-la-resistencia-dormida-contra-trump.html\" href=\"https:\/\/elpais.com\/us\/migracion\/2025-06-12\/las-protestas-de-los-angeles-por-la-politica-migratoria-despiertan-la-resistencia-dormida-contra-trump.html\" target=\"_self\" rel=\"\" data-link-track-dtm=\"\" data-mrf-link=\"https:\/\/elpais.com\/us\/migracion\/2025-06-12\/las-protestas-de-los-angeles-por-la-politica-migratoria-despiertan-la-resistencia-dormida-contra-trump.html\">California<\/a>. Por eso, antes de que la gente se decida o no a tomar las calles en protesta por la cruzada anti-inmigrante y la pol\u00edtica de mano dura de la Administraci\u00f3n republicana, las autoridades locales se han adelantado a dictar las reglas del juego. Y esas reglas, seg\u00fan Ivey, son las siguientes.<\/p>\n<p class=\"\">\u201cSi desobedeces las \u00f3rdenes legales, vas a ir a la c\u00e1rcel. Quiero ser muy claro con eso. Si bloqueas una intersecci\u00f3n o una carretera en el condado de Brevard, vas a ir a la c\u00e1rcel. Si huyes al momento del arresto, vas a ir a la c\u00e1rcel\u201d, advirti\u00f3. Luego a\u00f1adi\u00f3: \u201cSi intentas rodear un autom\u00f3vil en grupo en el condado de Brevard, impidiendo que el conductor se marche, en nuestro condado lo m\u00e1s probable es que te atropellen y te arrastren por la calle. Si nos escupes, vas al hospital y luego a la c\u00e1rcel. Si golpeas a uno de nosotros, vas al hospital y luego a la c\u00e1rcel, y lo m\u00e1s probable es que uno de nuestros perros grandes y hermosos te muerda\u201d.<\/p>\n<p class=\"\">El mensaje del sheriff encontr\u00f3 respaldo en el discurso de otras autoridades como el fiscal general del Estado, James Uthemer, ambos en la trinchera pol\u00edtica del gobernador<a title=\"https:\/\/elpais.com\/us\/migracion\/2025-02-14\/desantis-propone-la-pena-de-muerte-obligatoria-para-los-indocumentados-culpables-de-delitos-capitales.html\" href=\"https:\/\/elpais.com\/us\/migracion\/2025-02-14\/desantis-propone-la-pena-de-muerte-obligatoria-para-los-indocumentados-culpables-de-delitos-capitales.html\" target=\"_self\" rel=\"\" data-link-track-dtm=\"\" data-mrf-link=\"https:\/\/elpais.com\/us\/migracion\/2025-02-14\/desantis-propone-la-pena-de-muerte-obligatoria-para-los-indocumentados-culpables-de-delitos-capitales.html\">\u00a0Ron DeSantis<\/a>, un veterano en el discurso anti-inmigrante, anterior incluso a la segunda era Trump. El gobernador, que ha colaborado como ning\u00fan otro en redadas que ya se agencian\u00a0<a title=\"https:\/\/elpais.com\/us\/migracion\/2025-05-29\/la-ofensiva-antimigratoria-desata-el-panico-y-la-rabia-en-la-comunidad-hispana-de-florida.html\" href=\"https:\/\/elpais.com\/us\/migracion\/2025-05-29\/la-ofensiva-antimigratoria-desata-el-panico-y-la-rabia-en-la-comunidad-hispana-de-florida.html\" target=\"_self\" rel=\"\" data-link-track-dtm=\"\" data-mrf-link=\"https:\/\/elpais.com\/us\/migracion\/2025-05-29\/la-ofensiva-antimigratoria-desata-el-panico-y-la-rabia-en-la-comunidad-hispana-de-florida.html\">la detenci\u00f3n de unos 2.000 migrantes en el Estado<\/a>, ha dado permiso a los conductores de veh\u00edculos para \u201catropellar\u201d a los manifestantes que se les interpongan en el camino.<\/p>\n<p class=\"\">\u201cSi est\u00e1s conduciendo por una calle y una multitud rodea tu veh\u00edculo y te amenaza, tienes derecho a huir para tu seguridad. Y si al hacerlo atropellas a alguien, es su culpa por obstaculizarte\u201d, dijo DeSantis durante una entrevista en el programa\u00a0<i>The Rubin Report<\/i>. Por su parte, su portavos adjunta, Molly Best, comunic\u00f3 que \u201cen Florida la violencia no se tolera, pero la defensa personal s\u00ed est\u00e1 garantizada\u201d. Las autoridades de la Florida se han encargado de convertir en ley cualquier castigo que pretendan implementar ante manifestaciones consideradas como \u201cviolentas\u201d. En 2021, el gobernador firm\u00f3 la ley HB 1, que sanciona a manifestantes por \u201cintimidaci\u00f3n colectiva\u201d y por da\u00f1ar o derribar objetos hist\u00f3ricos.<\/p>\n<p class=\"\">Las declaraciones de las autoridades del Estado han encontrado el rechazo de parte de la comunidad. La Uni\u00f3n Americana por las Libertades Civiles (ACLU, por sus siglas en ingl\u00e9s) calific\u00f3 las amenazas de \u201cviolenta y provocativa\u201d. En la red social X, ACLU recuerda a los manifestantes \u201cque ejercen sus derechos amparados por la Primera Enmienda\u201d y consideran las amenazas \u201cextremadamente antiamericanas e impropias de un l\u00edder electo que ha jurado proteger\u201d a la gente.<\/p>\n<p class=\"\">Pero si ya los pol\u00edticos de Florida ven\u00edan asediando desde antes a la comunidad migrante, ahora se sienten doblemente respaldados por el discurso que llega desde la Casa Blanca. La advertencia de ir contra los manifestantes sigue la l\u00ednea de las amenazas del presidente Donald Trump, que este 14 junio,\u00a0<a title=\"https:\/\/elpais.com\/internacional\/2025-06-11\/cuenta-atras-para-el-desfile-de-cumpleanos-de-trump.html\" href=\"https:\/\/elpais.com\/internacional\/2025-06-11\/cuenta-atras-para-el-desfile-de-cumpleanos-de-trump.html\" target=\"_self\" rel=\"\" data-link-track-dtm=\"\" data-mrf-link=\"https:\/\/elpais.com\/internacional\/2025-06-11\/cuenta-atras-para-el-desfile-de-cumpleanos-de-trump.html\">d\u00eda de su 79 cumplea\u00f1os<\/a>\u00a0y D\u00eda de la Bandera, presentar\u00e1 en las calles de Washington un despliegue militar para el que ha movilizado a unos 6.000 soldados, 50 helic\u00f3pteros y 150 veh\u00edculos blindados.<\/p>\n<p class=\"\">A la vez, parte del pa\u00eds tomar\u00e1 la iniciativa de salir a las calles bajo el lema \u201cNo Kings\u201d o \u201cNo Reyes\u201d, el nombre del grupo que est\u00e1 articulando las protestas nacionales del s\u00e1bado. Seg\u00fan los organizadores, la previsi\u00f3n es que salgan millones de personas en m\u00e1s de 1.500 ciudades de los 50 Estados en rechazo al \u201cautoritarismo, la pol\u00edtica que antepone a los multimillonarios y la militarizaci\u00f3n de la democracia\u201d. Trump advirti\u00f3 hace unos d\u00edas desde el Despacho Oval que \u201caquellos que quieran protestar se encontrar\u00e1n con una enorme fuerza\u201d. \u201cSe trata de personas que odian a nuestro pa\u00eds, pero se encontrar\u00e1n con una fuerza muy contundente\u201d, a\u00f1adi\u00f3.<\/p>\n","protected":false},"excerpt":{"rendered":"<p>&nbsp; &nbsp; &#8211; El gobernador da permiso a los conductores de \u201catropellar\u201d a los manifestantes si se les interpongan en el camino &nbsp; Con un&hellip;<\/p>\n","protected":false},"author":99,"featured_media":533100,"comment_status":"open","ping_status":"open","sticky":false,"template":"","format":"standard","meta":{"footnotes":""},"categories":[24],"tags":[],"class_list":["post-533099","post","type-post","status-publish","format-standard","has-post-thumbnail","hentry","category-mundo"],"_links":{"self":[{"href":"https:\/\/diarioelpopular.com\/index.php\/wp-json\/wp\/v2\/posts\/533099","targetHints":{"allow":["GET"]}}],"collection":[{"href":"https:\/\/diarioelpopular.com\/index.php\/wp-json\/wp\/v2\/posts"}],"about":[{"href":"https:\/\/diarioelpopular.com\/index.php\/wp-json\/wp\/v2\/types\/post"}],"author":[{"embeddable":true,"href":"https:\/\/diarioelpopular.com\/index.php\/wp-json\/wp\/v2\/users\/99"}],"replies":[{"embeddable":true,"href":"https:\/\/diarioelpopular.com\/index.php\/wp-json\/wp\/v2\/comments?post=533099"}],"version-history":[{"count":1,"href":"https:\/\/diarioelpopular.com\/index.php\/wp-json\/wp\/v2\/posts\/533099\/revisions"}],"predecessor-version":[{"id":533101,"href":"https:\/\/diarioelpopular.com\/index.php\/wp-json\/wp\/v2\/posts\/533099\/revisions\/533101"}],"wp:featuredmedia":[{"embeddable":true,"href":"https:\/\/diarioelpopular.com\/index.php\/wp-json\/wp\/v2\/media\/533100"}],"wp:attachment":[{"href":"https:\/\/diarioelpopular.com\/index.php\/wp-json\/wp\/v2\/media?parent=533099"}],"wp:term":[{"taxonomy":"category","embeddable":true,"href":"https:\/\/diarioelpopular.com\/index.php\/wp-json\/wp\/v2\/categories?post=533099"},{"taxonomy":"post_tag","embeddable":true,"href":"https:\/\/diarioelpopular.com\/index.php\/wp-json\/wp\/v2\/tags?post=533099"}],"curies":[{"name":"wp","href":"https:\/\/api.w.org\/{rel}","templated":true}]}}