{"id":533124,"date":"2025-06-15T13:30:07","date_gmt":"2025-06-15T17:30:07","guid":{"rendered":"https:\/\/diarioelpopular.com\/?p=533124"},"modified":"2025-06-15T13:30:07","modified_gmt":"2025-06-15T17:30:07","slug":"criminal-es-arrestado-y-otro-buscado-por-asesinato-selectivo-en-scarborough","status":"publish","type":"post","link":"https:\/\/diarioelpopular.com\/index.php\/2025\/06\/15\/criminal-es-arrestado-y-otro-buscado-por-asesinato-selectivo-en-scarborough\/","title":{"rendered":"Criminal es arrestado y otro buscado por asesinato selectivo en Scarborough"},"content":{"rendered":"<div id=\"attachment_533125\" style=\"width: 646px\" class=\"wp-caption alignnone\"><img loading=\"lazy\" decoding=\"async\" aria-describedby=\"caption-attachment-533125\" class=\"wp-image-533125 size-custom-full-size\" src=\"https:\/\/diarioelpopular.com\/wp-content\/uploads\/2025\/06\/Screen-Shot-2025-06-15-at-1.29.16-PM-636x362.png\" alt=\"\" width=\"636\" height=\"362\" srcset=\"https:\/\/diarioelpopular.com\/wp-content\/uploads\/2025\/06\/Screen-Shot-2025-06-15-at-1.29.16-PM-636x362.png 636w, https:\/\/diarioelpopular.com\/wp-content\/uploads\/2025\/06\/Screen-Shot-2025-06-15-at-1.29.16-PM-300x171.png 300w, https:\/\/diarioelpopular.com\/wp-content\/uploads\/2025\/06\/Screen-Shot-2025-06-15-at-1.29.16-PM-768x438.png 768w, https:\/\/diarioelpopular.com\/wp-content\/uploads\/2025\/06\/Screen-Shot-2025-06-15-at-1.29.16-PM-128x73.png 128w, https:\/\/diarioelpopular.com\/wp-content\/uploads\/2025\/06\/Screen-Shot-2025-06-15-at-1.29.16-PM.png 860w\" sizes=\"auto, (max-width: 636px) 100vw, 636px\" \/><p id=\"caption-attachment-533125\" class=\"wp-caption-text\">Tamah McLean, buscada por asesinato en segundo grado en relaci\u00f3n con un tiroteo mortal en Scarborough. TPS\/HO<\/p><\/div>\n<p>&nbsp;<\/p>\n<p>&nbsp;<\/p>\n<ul>\n<li><em><strong>La polic\u00eda arrest\u00f3 a un criminal y busca a otro en relaci\u00f3n con lo que, seg\u00fan afirman, fue un tiroteo selectivo ocurrido en Scarborough la semana pasada.<\/strong><\/em><\/li>\n<\/ul>\n<p>&nbsp;<\/p>\n<p>Jelani DeJonge-Reece, de 24 a\u00f1os y residente de Toronto, fue arrestado el s\u00e1bado y acusado de asesinato en segundo grado por la muerte a tiros de Jordan Thompson, de 33 a\u00f1os.<\/p>\n<p>La polic\u00eda afirma haber encontrado a Thompson con una herida de bala en la acera, en la zona este de Cedar Drive y Eglinton Avenue, alrededor de las 8:30 p. m. del 9 de junio. Fue trasladado al hospital por param\u00e9dicos, donde fue declarado muerto.<\/p>\n<p>El detective Rodney Benson indic\u00f3 que el altercado comenz\u00f3 en una plaza cerca de Markham Road y Eglinton y termin\u00f3 en la calle, cerca de donde se encontr\u00f3 a Thompson. Sin embargo, no especific\u00f3 si el tiroteo ocurri\u00f3 en la plaza.<\/p>\n<p>Los investigadores han emitido una orden de arresto en todo Canad\u00e1 por asesinato en segundo grado contra un segundo sospechoso, identificado como Tamah McLean, de 31 a\u00f1os.<\/p>\n<p>&nbsp;<\/p>\n","protected":false},"excerpt":{"rendered":"<p>&nbsp; &nbsp; La polic\u00eda arrest\u00f3 a un criminal y busca a otro en relaci\u00f3n con lo que, seg\u00fan afirman, fue un tiroteo selectivo ocurrido en&hellip;<\/p>\n","protected":false},"author":99,"featured_media":533125,"comment_status":"open","ping_status":"open","sticky":false,"template":"","format":"standard","meta":{"footnotes":""},"categories":[11364],"tags":[],"class_list":["post-533124","post","type-post","status-publish","format-standard","has-post-thumbnail","hentry","category-toronto-gta"],"_links":{"self":[{"href":"https:\/\/diarioelpopular.com\/index.php\/wp-json\/wp\/v2\/posts\/533124","targetHints":{"allow":["GET"]}}],"collection":[{"href":"https:\/\/diarioelpopular.com\/index.php\/wp-json\/wp\/v2\/posts"}],"about":[{"href":"https:\/\/diarioelpopular.com\/index.php\/wp-json\/wp\/v2\/types\/post"}],"author":[{"embeddable":true,"href":"https:\/\/diarioelpopular.com\/index.php\/wp-json\/wp\/v2\/users\/99"}],"replies":[{"embeddable":true,"href":"https:\/\/diarioelpopular.com\/index.php\/wp-json\/wp\/v2\/comments?post=533124"}],"version-history":[{"count":1,"href":"https:\/\/diarioelpopular.com\/index.php\/wp-json\/wp\/v2\/posts\/533124\/revisions"}],"predecessor-version":[{"id":533126,"href":"https:\/\/diarioelpopular.com\/index.php\/wp-json\/wp\/v2\/posts\/533124\/revisions\/533126"}],"wp:featuredmedia":[{"embeddable":true,"href":"https:\/\/diarioelpopular.com\/index.php\/wp-json\/wp\/v2\/media\/533125"}],"wp:attachment":[{"href":"https:\/\/diarioelpopular.com\/index.php\/wp-json\/wp\/v2\/media?parent=533124"}],"wp:term":[{"taxonomy":"category","embeddable":true,"href":"https:\/\/diarioelpopular.com\/index.php\/wp-json\/wp\/v2\/categories?post=533124"},{"taxonomy":"post_tag","embeddable":true,"href":"https:\/\/diarioelpopular.com\/index.php\/wp-json\/wp\/v2\/tags?post=533124"}],"curies":[{"name":"wp","href":"https:\/\/api.w.org\/{rel}","templated":true}]}}