{"id":533128,"date":"2025-06-15T13:47:10","date_gmt":"2025-06-15T17:47:10","guid":{"rendered":"https:\/\/diarioelpopular.com\/?p=533128"},"modified":"2025-06-15T13:47:10","modified_gmt":"2025-06-15T17:47:10","slug":"las-imagenes-del-desfile-militar-de-trump-y-de-las-protestas-mas-grandes-en-su-contra-desde-que-volvio-al-poder","status":"publish","type":"post","link":"https:\/\/diarioelpopular.com\/index.php\/2025\/06\/15\/las-imagenes-del-desfile-militar-de-trump-y-de-las-protestas-mas-grandes-en-su-contra-desde-que-volvio-al-poder\/","title":{"rendered":"Las im\u00e1genes del desfile militar de Trump y de las protestas m\u00e1s grandes en su contra desde que volvi\u00f3 al poder"},"content":{"rendered":"<div id=\"attachment_533129\" style=\"width: 646px\" class=\"wp-caption alignnone\"><img loading=\"lazy\" decoding=\"async\" aria-describedby=\"caption-attachment-533129\" class=\"wp-image-533129 size-custom-full-size\" src=\"https:\/\/diarioelpopular.com\/wp-content\/uploads\/2025\/06\/Screen-Shot-2025-06-15-at-1.46.07-PM-636x426.png\" alt=\"\" width=\"636\" height=\"426\" srcset=\"https:\/\/diarioelpopular.com\/wp-content\/uploads\/2025\/06\/Screen-Shot-2025-06-15-at-1.46.07-PM-636x426.png 636w, https:\/\/diarioelpopular.com\/wp-content\/uploads\/2025\/06\/Screen-Shot-2025-06-15-at-1.46.07-PM-300x201.png 300w, https:\/\/diarioelpopular.com\/wp-content\/uploads\/2025\/06\/Screen-Shot-2025-06-15-at-1.46.07-PM-768x514.png 768w, https:\/\/diarioelpopular.com\/wp-content\/uploads\/2025\/06\/Screen-Shot-2025-06-15-at-1.46.07-PM-80x55.png 80w, https:\/\/diarioelpopular.com\/wp-content\/uploads\/2025\/06\/Screen-Shot-2025-06-15-at-1.46.07-PM-109x73.png 109w, https:\/\/diarioelpopular.com\/wp-content\/uploads\/2025\/06\/Screen-Shot-2025-06-15-at-1.46.07-PM.png 866w\" sizes=\"auto, (max-width: 636px) 100vw, 636px\" \/><p id=\"caption-attachment-533129\" class=\"wp-caption-text\">El desfile circul\u00f3 por las principales calles de Washington D.C., la capital de EE.UU.<\/p><\/div>\n<p>&nbsp;<\/p>\n<p>&nbsp;<\/p>\n<div class=\"bbc-19j92fr ebmt73l0\" dir=\"ltr\">\n<ul>\n<li class=\"bbc-hhl7in e17g058b0\" dir=\"ltr\"><em><b>El Ej\u00e9rcito estadounidense desfil\u00f3 este s\u00e1bado en Washington DC para celebrar su 250\u00ba aniversario en lo que muchos vieron como una rara exhibici\u00f3n de fuerza p\u00fablica en el pa\u00eds.<\/b><\/em><\/li>\n<\/ul>\n<\/div>\n<div class=\"bbc-19j92fr ebmt73l0\" dir=\"ltr\">\n<p dir=\"ltr\">\n<p class=\"bbc-hhl7in e17g058b0\" dir=\"ltr\">Donald Trump, quien desde hace tiempo expresa su deseo de agradar a\u00fan su ego, el organizar un evento de este tipo, fue parte de un desfile donde participaron m\u00e1s de 6.000 soldados, 150 veh\u00edculos y 50 aviones que cruzaron la Avenida Pensilvania, cerca de la Casa Blanca.<\/p>\n<\/div>\n<div class=\"bbc-19j92fr ebmt73l0\" dir=\"ltr\">\n<p class=\"bbc-hhl7in e17g058b0\" dir=\"ltr\">El desfile tuvo lugar en el contexto de un a jornada de masivas protestas bajo el lema &#8220;No Kings&#8221; (&#8220;No a los reyes&#8221;), que se llevaron a cabo en decenas de ciudades y poblaciones del pa\u00eds, consideradas por muchos como las mayores que se han visto desde que Trump regres\u00f3 al poder.<\/p>\n<\/div>\n<div class=\"bbc-19j92fr ebmt73l0\" dir=\"ltr\">\n<p class=\"bbc-hhl7in e17g058b0\" dir=\"ltr\">El desfile de Washington DC ha mantenido una narrativa en la que se honra el papel del Ej\u00e9rcito estadounidense en importantes victorias hist\u00f3ricas y, a la vez, coincidi\u00f3 con el cumplea\u00f1os n\u00famero 79 del presidente.<\/p>\n<p class=\"bbc-hhl7in e17g058b0\" dir=\"ltr\">Pero el evento de un d\u00eda, que seg\u00fan el Ej\u00e9rcito podr\u00eda costar hasta US$45 millones, ha recibido cr\u00edticas que lo consideran un proyecto de vanidad y un mal uso del dinero de los contribuyentes.<\/p>\n<\/div>\n<div class=\"bbc-19j92fr ebmt73l0\" dir=\"ltr\">\n<p class=\"bbc-hhl7in e17g058b0\" dir=\"ltr\">Las tensiones del d\u00eda aumentaron a\u00fan m\u00e1s cuando se conoci\u00f3 que un hombre hab\u00eda asesinado a una legisladora estatal de Minnesota, en lo que seg\u00fan dijo el gobernador Tim Waltz hab\u00eda sido un acto &#8220;motivado pol\u00edticamente&#8221;.<\/p>\n<\/div>\n<div class=\"bbc-19j92fr ebmt73l0\" dir=\"ltr\">\n<p class=\"bbc-hhl7in e17g058b0\" dir=\"ltr\">Avanzado del desfile, Trump subi\u00f3 al podio y tom\u00f3 juramento de un grupo de 250 reclutas que acaban de ingresar al ej\u00e9rcito.<\/p>\n<\/div>\n<div class=\"bbc-19j92fr ebmt73l0\" dir=\"ltr\">\n<p class=\"bbc-hhl7in e17g058b0\" dir=\"ltr\">En su discurso, envi\u00f3 una advertencia a los que \u00e9l define &#8220;enemigos&#8221; de su pa\u00eds.: &#8220;Una y otra vez los enemigos de Estados Unidos han aprendido que si amenazas al pueblo estadounidense, nuestros soldados vendr\u00e1n a por ti&#8221;, afirma.<\/p>\n<\/div>\n<div class=\"bbc-19j92fr ebmt73l0\" dir=\"ltr\">\n<p class=\"bbc-hhl7in e17g058b0\" dir=\"ltr\">&#8220;Su derrota ser\u00e1 segura. Su ca\u00edda ser\u00e1 total y completa.&#8221;<\/p>\n<p dir=\"ltr\">\n<\/div>\n<figure class=\"bbc-1qn0xuy\">\n<div class=\"bbc-18ywsw9\"><img loading=\"lazy\" decoding=\"async\" class=\"bbc-139onq\" src=\"https:\/\/ichef.bbci.co.uk\/ace\/ws\/640\/cpsprodpb\/fb5f\/live\/bf0e5e00-4970-11f0-9471-e380f647874e.jpg.webp\" sizes=\"auto, (min-width: 1008px) 760px, 100vw\" srcset=\"https:\/\/ichef.bbci.co.uk\/ace\/ws\/240\/cpsprodpb\/fb5f\/live\/bf0e5e00-4970-11f0-9471-e380f647874e.jpg.webp 240w, https:\/\/ichef.bbci.co.uk\/ace\/ws\/320\/cpsprodpb\/fb5f\/live\/bf0e5e00-4970-11f0-9471-e380f647874e.jpg.webp 320w, https:\/\/ichef.bbci.co.uk\/ace\/ws\/480\/cpsprodpb\/fb5f\/live\/bf0e5e00-4970-11f0-9471-e380f647874e.jpg.webp 480w, https:\/\/ichef.bbci.co.uk\/ace\/ws\/624\/cpsprodpb\/fb5f\/live\/bf0e5e00-4970-11f0-9471-e380f647874e.jpg.webp 624w, https:\/\/ichef.bbci.co.uk\/ace\/ws\/800\/cpsprodpb\/fb5f\/live\/bf0e5e00-4970-11f0-9471-e380f647874e.jpg.webp 800w\" alt=\"El Presidente de EE.UU. Donald Trump saluda el desfile militar, acompa\u00f1ado por su esposa Melania, y su Secretario de Defensa Pete Hegeseth\" width=\"1024\" height=\"683\" \/><\/p>\n<p class=\"bbc-by8ykd\" role=\"text\">\n<\/div>\n<\/figure>\n<figure class=\"bbc-1qn0xuy\">\n<div class=\"bbc-18ywsw9\">\n<div style=\"width: 5510px\" class=\"wp-caption alignnone\"><img loading=\"lazy\" decoding=\"async\" class=\"bbc-139onq\" src=\"https:\/\/ichef.bbci.co.uk\/ace\/ws\/640\/cpsprodpb\/1a17\/live\/8916f5f0-4975-11f0-84b6-6bf0f66205f1.jpg.webp\" alt=\"Un hombre disfrazado de padre fundador sostiene un letrero que dice &quot;Sin Reyes desde 1776&quot;\" width=\"5500\" height=\"3667\" \/><p class=\"wp-caption-text\">Fuente de la imagen,Reuters. Varios miles de personas salieron a protestar en San Francisco, reiterando que EE.UU. vive &#8220;sin reyes&#8221; desde 1776, a\u00f1o de su independencia.<\/p><\/div>\n<p class=\"bbc-by8ykd\" role=\"text\">\n<\/div>\n<\/figure>\n<figure class=\"bbc-1qn0xuy\">\n<div class=\"bbc-18ywsw9\">\n<div style=\"width: 1034px\" class=\"wp-caption alignnone\"><img loading=\"lazy\" decoding=\"async\" class=\"bbc-139onq\" src=\"https:\/\/ichef.bbci.co.uk\/ace\/ws\/640\/cpsprodpb\/96c4\/live\/94d30db0-497b-11f0-84b6-6bf0f66205f1.jpg.webp\" alt=\"La tarima desde donde el presidente Trump y sus ministros vieron el desfile\" width=\"1024\" height=\"683\" \/><p class=\"wp-caption-text\">Fuente de la imagen,Doug Mills &#8211; Pool\/Getty Images.\u00a0 Mientras tanto, la capital del pa\u00eds se preparaba para uno de los desfiles militares m\u00e1s grandes que haya visto la capital.<\/p><\/div>\n<p class=\"bbc-by8ykd\" role=\"text\">\n<\/div>\n<\/figure>\n<figure class=\"bbc-1qn0xuy\">\n<div class=\"bbc-18ywsw9\">\n<div style=\"width: 6010px\" class=\"wp-caption alignnone\"><img loading=\"lazy\" decoding=\"async\" class=\"bbc-139onq\" src=\"https:\/\/ichef.bbci.co.uk\/ace\/ws\/640\/cpsprodpb\/003a\/live\/0f7a8930-4977-11f0-bbaa-4bc03e0665b7.jpg.webp\" alt=\"Un joven con un letrero parado encima de un sem\u00e1foro en Los \u00c1ngeles\" width=\"6000\" height=\"4000\" \/><p class=\"wp-caption-text\">Fuente de la imagen,Reuters.\u00a0 En Los \u00c1ngeles, donde las manifestaciones en la semana se han tornado violentas, las personas piden el fin a las redadas contra indocumentados.<\/p><\/div>\n<p class=\"bbc-by8ykd\" role=\"text\">\n<\/div>\n<\/figure>\n<figure class=\"bbc-1qn0xuy\">\n<div class=\"bbc-18ywsw9\">\n<div style=\"width: 6010px\" class=\"wp-caption alignnone\"><img loading=\"lazy\" decoding=\"async\" class=\"bbc-139onq\" src=\"https:\/\/ichef.bbci.co.uk\/ace\/ws\/640\/cpsprodpb\/4e1b\/live\/980fc650-4974-11f0-84b6-6bf0f66205f1.jpg.webp\" alt=\"Un grupo de polic\u00eda est\u00e1 inmovilizando a un manifestante en el piso en las calles de Nueva York.\" width=\"6000\" height=\"4000\" \/><p class=\"wp-caption-text\">Fuente de la imagen,Reuters.\u00a0 En algunas ciudades, las protestas No King terminaron en arrestos y encontronazos entre manifestantes y polic\u00eda.<\/p><\/div>\n<p class=\"bbc-by8ykd\" role=\"text\">\n<\/div>\n<\/figure>\n<figure class=\"bbc-1qn0xuy\">\n<div class=\"bbc-18ywsw9\">\n<div style=\"width: 6010px\" class=\"wp-caption alignnone\"><img loading=\"lazy\" decoding=\"async\" class=\"bbc-139onq\" src=\"https:\/\/ichef.bbci.co.uk\/ace\/ws\/640\/cpsprodpb\/1f4c\/live\/8916b260-4976-11f0-bbaa-4bc03e0665b7.jpg.webp\" alt=\"Una fila de Jeeps antiguos transita por un puente de Washington DC\" width=\"6000\" height=\"4000\" \/><p class=\"wp-caption-text\">Fuente de la imagen,Allison Dinner\/EPA\/Bloomberg.\u00a0 Las calles de Washington vieron todo tipo de artefactos hist\u00f3ricos del ej\u00e9rcito estadounidense.<\/p><\/div>\n<p class=\"bbc-by8ykd\" role=\"text\">\n<\/div>\n<\/figure>\n<figure class=\"bbc-1qn0xuy\">\n<div class=\"bbc-18ywsw9\">\n<div style=\"width: 1034px\" class=\"wp-caption alignnone\"><img loading=\"lazy\" decoding=\"async\" class=\"bbc-139onq\" src=\"https:\/\/ichef.bbci.co.uk\/ace\/ws\/640\/cpsprodpb\/dd2a\/live\/93304840-497d-11f0-9471-e380f647874e.jpg.webp\" alt=\"Miles de manifestantes inundan las calles de Charlotte, Carolina del Norte, en el D\u00eda de la Bandera, que tambi\u00e9n marca el 250 aniversario de los Estados Unidos. El Ej\u00e9rcito protestar\u00e1 contra el expresidente Donald Trump\" width=\"1024\" height=\"683\" \/><p class=\"wp-caption-text\">Fuente de la imagen,Peter Zay\/Anadolu via Getty Images.\u00a0 Las manifestaciones tambi\u00e9n se vivieron en Charlotte, en Carolina del Norte.<\/p><\/div>\n<p class=\"bbc-by8ykd\" role=\"text\">\n<\/div>\n<\/figure>\n<figure class=\"bbc-1qn0xuy\">\n<div class=\"bbc-18ywsw9\">\n<div style=\"width: 1034px\" class=\"wp-caption alignnone\"><img loading=\"lazy\" decoding=\"async\" class=\"bbc-139onq\" src=\"https:\/\/ichef.bbci.co.uk\/ace\/ws\/640\/cpsprodpb\/ae27\/live\/39ea4740-497d-11f0-84b6-6bf0f66205f1.jpg.webp\" alt=\"Un miembro del Equipo de Paracaidistas del Ej\u00e9rcito de EE. UU., tambi\u00e9n conocido como los Caballeros Dorados, se lanza en paraca\u00eddas cerca de la Casa Blanca.\" width=\"1024\" height=\"683\" \/><p class=\"wp-caption-text\">Fuente de la imagen,Andrew Harnik\/Getty Images.\u00a0 En su recorrido hist\u00f3rico por los 250 a\u00f1os del ej\u00e9rcito, el desfile dej\u00f3 ver las capacidades militares del pa\u00eds considerado el &#8220;m\u00e1s poderoso del mundo&#8221;.<\/p><\/div>\n<p class=\"bbc-by8ykd\" role=\"text\">\n<\/div>\n<\/figure>\n<figure class=\"bbc-1qn0xuy\">\n<div class=\"bbc-18ywsw9\">\n<div style=\"width: 1034px\" class=\"wp-caption alignnone\"><img loading=\"lazy\" decoding=\"async\" class=\"bbc-139onq\" src=\"https:\/\/ichef.bbci.co.uk\/ace\/ws\/640\/cpsprodpb\/1842\/live\/7ae0e3e0-4977-11f0-84b6-6bf0f66205f1.jpg.webp\" alt=\"Personas en un carro con un letrero en el que dicen que Elvis es el \u00fanico rey de EE.UU.\" width=\"1024\" height=\"683\" \/><p class=\"wp-caption-text\">Fuente de la imagen,Getty Images.\u00a0 Las m\u00faltiples protestas que se vieron alrededor del pa\u00eds criticaban actitudes de Trump que consideran como &#8220;autocr\u00e1ticas&#8221;.<\/p><\/div>\n<p class=\"bbc-by8ykd\" role=\"text\">\n<\/div>\n<\/figure>\n<figure class=\"bbc-1qn0xuy\">\n<div class=\"bbc-18ywsw9\">\n<div style=\"width: 1034px\" class=\"wp-caption alignnone\"><img loading=\"lazy\" decoding=\"async\" class=\"bbc-139onq\" src=\"https:\/\/ichef.bbci.co.uk\/ace\/ws\/640\/cpsprodpb\/dc6b\/live\/1fb60400-497c-11f0-9471-e380f647874e.jpg.webp\" alt=\"Cuerpo de p\u00edfanos y tambores de la Vieja Guardia del Ej\u00e9rcito de EE. UU., parte del 3.er Regimiento de Infanter\u00eda de EE. UU., tambi\u00e9n conocido como La Vieja Guardia, vestidos con uniformes de la Guerra de la Independencia marchando en el desfile militar.\" width=\"1024\" height=\"683\" \/><p class=\"wp-caption-text\">Fuente de la imagen,Andrew Leyden\/Getty Images.\u00a0 Aunque no es usual ver este tipo de desfiles militares en Washington D.C., no es la primera vez que se dan.<\/p><\/div>\n<p class=\"bbc-by8ykd\" role=\"text\">\n<\/div>\n<\/figure>\n<figure class=\"bbc-1qn0xuy\">\n<div class=\"bbc-18ywsw9\">\n<div style=\"width: 810px\" class=\"wp-caption alignnone\"><img loading=\"lazy\" decoding=\"async\" class=\"bbc-139onq\" src=\"https:\/\/ichef.bbci.co.uk\/ace\/ws\/640\/cpsprodpb\/61e2\/live\/f0642fd0-497e-11f0-9471-e380f647874e.jpg.webp\" alt=\"Una persona disfrazada de un monarca decr\u00e9pito\" width=\"800\" height=\"533\" \/><p class=\"wp-caption-text\">Fuente de la imagen,Getty Images.\u00a0 Las cr\u00edticas contra las ideas &#8220;mon\u00e1rquicas&#8221; de Trump dieron pie a imaginativos disfraces.<\/p><\/div>\n<p class=\"bbc-by8ykd\" role=\"text\">\n<\/div>\n<\/figure>\n<figure class=\"bbc-1qn0xuy\">\n<div class=\"bbc-18ywsw9\">\n<div style=\"width: 1034px\" class=\"wp-caption alignnone\"><img loading=\"lazy\" decoding=\"async\" class=\"bbc-139onq\" src=\"https:\/\/ichef.bbci.co.uk\/ace\/ws\/640\/cpsprodpb\/f7d9\/live\/4742c760-4977-11f0-bbaa-4bc03e0665b7.jpg.webp\" alt=\"Aviones de guerra sobre el espacio a\u00e9reo de Washington D.C.\" width=\"1024\" height=\"683\" \/><p class=\"wp-caption-text\">Fuente de la imagen,Kevin Dietsch\/Getty Images.\u00a0 El desfile incluy\u00f3 demostraciones a\u00e9reas sobre el cielo de la capital de EE.UU.<\/p><\/div>\n<p class=\"bbc-by8ykd\" role=\"text\">\n<\/div>\n<\/figure>\n<figure class=\"bbc-1qn0xuy\">\n<div class=\"bbc-18ywsw9\">\n<div style=\"width: 1034px\" class=\"wp-caption alignnone\"><img loading=\"lazy\" decoding=\"async\" class=\"bbc-139onq\" src=\"https:\/\/ichef.bbci.co.uk\/ace\/ws\/640\/cpsprodpb\/2976\/live\/3b185510-497f-11f0-9471-e380f647874e.jpg.webp\" alt=\"Cientos de manifestantes en las calles de Nueva York.\" width=\"1024\" height=\"683\" \/><p class=\"wp-caption-text\">Fuente de la imagen,Alex Kent\/Getty Images. En varias ciudades, las manifestaciones en contra de Trump fueron las m\u00e1s grandes que se han visto en su contra desde que volvi\u00f3 al poder.<\/p><\/div>\n<p class=\"bbc-by8ykd\" role=\"text\">\n<\/div>\n<\/figure>\n<figure class=\"bbc-1qn0xuy\">\n<div class=\"bbc-18ywsw9\">\n<div style=\"width: 1034px\" class=\"wp-caption alignnone\"><img loading=\"lazy\" decoding=\"async\" class=\"bbc-139onq\" src=\"https:\/\/ichef.bbci.co.uk\/ace\/ws\/640\/cpsprodpb\/e11b\/live\/c9091280-497d-11f0-bbaa-4bc03e0665b7.jpg.webp\" alt=\"La gente observa el desfile del 250\u00ba aniversario del ej\u00e9rcito en Washington, DC, el 14 de junio de 2025.\" width=\"1024\" height=\"683\" \/><p class=\"wp-caption-text\">Fuente de la imagen,MANDEL NGAN\/AFP via Getty Images. Frante a la plataforma presidencia, la imagen era de escasa personas disfrutando del desfile militar.<\/p><\/div>\n<p class=\"bbc-by8ykd\" role=\"text\">\n<\/div>\n<\/figure>\n","protected":false},"excerpt":{"rendered":"<p>&nbsp; &nbsp; El Ej\u00e9rcito estadounidense desfil\u00f3 este s\u00e1bado en Washington DC para celebrar su 250\u00ba aniversario en lo que muchos vieron como una rara exhibici\u00f3n&hellip;<\/p>\n","protected":false},"author":99,"featured_media":533129,"comment_status":"open","ping_status":"open","sticky":false,"template":"","format":"standard","meta":{"footnotes":""},"categories":[24],"tags":[],"class_list":["post-533128","post","type-post","status-publish","format-standard","has-post-thumbnail","hentry","category-mundo"],"_links":{"self":[{"href":"https:\/\/diarioelpopular.com\/index.php\/wp-json\/wp\/v2\/posts\/533128","targetHints":{"allow":["GET"]}}],"collection":[{"href":"https:\/\/diarioelpopular.com\/index.php\/wp-json\/wp\/v2\/posts"}],"about":[{"href":"https:\/\/diarioelpopular.com\/index.php\/wp-json\/wp\/v2\/types\/post"}],"author":[{"embeddable":true,"href":"https:\/\/diarioelpopular.com\/index.php\/wp-json\/wp\/v2\/users\/99"}],"replies":[{"embeddable":true,"href":"https:\/\/diarioelpopular.com\/index.php\/wp-json\/wp\/v2\/comments?post=533128"}],"version-history":[{"count":1,"href":"https:\/\/diarioelpopular.com\/index.php\/wp-json\/wp\/v2\/posts\/533128\/revisions"}],"predecessor-version":[{"id":533130,"href":"https:\/\/diarioelpopular.com\/index.php\/wp-json\/wp\/v2\/posts\/533128\/revisions\/533130"}],"wp:featuredmedia":[{"embeddable":true,"href":"https:\/\/diarioelpopular.com\/index.php\/wp-json\/wp\/v2\/media\/533129"}],"wp:attachment":[{"href":"https:\/\/diarioelpopular.com\/index.php\/wp-json\/wp\/v2\/media?parent=533128"}],"wp:term":[{"taxonomy":"category","embeddable":true,"href":"https:\/\/diarioelpopular.com\/index.php\/wp-json\/wp\/v2\/categories?post=533128"},{"taxonomy":"post_tag","embeddable":true,"href":"https:\/\/diarioelpopular.com\/index.php\/wp-json\/wp\/v2\/tags?post=533128"}],"curies":[{"name":"wp","href":"https:\/\/api.w.org\/{rel}","templated":true}]}}