{"id":533313,"date":"2025-06-23T09:48:20","date_gmt":"2025-06-23T13:48:20","guid":{"rendered":"https:\/\/diarioelpopular.com\/?p=533313"},"modified":"2025-06-23T09:48:20","modified_gmt":"2025-06-23T13:48:20","slug":"una-jueza-ordena-la-liberacion-de-kilmar-abrego-garcia","status":"publish","type":"post","link":"https:\/\/diarioelpopular.com\/index.php\/2025\/06\/23\/una-jueza-ordena-la-liberacion-de-kilmar-abrego-garcia\/","title":{"rendered":"Una jueza ordena la liberaci\u00f3n de Kilmar Abrego Garc\u00eda"},"content":{"rendered":"<div id=\"attachment_533314\" style=\"width: 1210px\" class=\"wp-caption alignnone\"><img loading=\"lazy\" decoding=\"async\" aria-describedby=\"caption-attachment-533314\" class=\"wp-image-533314 size-custom-big-size\" src=\"https:\/\/diarioelpopular.com\/wp-content\/uploads\/2025\/06\/Screen-Shot-2025-06-23-at-9.47.37-AM-1200x698.png\" alt=\"\" width=\"1200\" height=\"698\" srcset=\"https:\/\/diarioelpopular.com\/wp-content\/uploads\/2025\/06\/Screen-Shot-2025-06-23-at-9.47.37-AM-1200x698.png 1200w, https:\/\/diarioelpopular.com\/wp-content\/uploads\/2025\/06\/Screen-Shot-2025-06-23-at-9.47.37-AM-300x174.png 300w, https:\/\/diarioelpopular.com\/wp-content\/uploads\/2025\/06\/Screen-Shot-2025-06-23-at-9.47.37-AM-768x447.png 768w, https:\/\/diarioelpopular.com\/wp-content\/uploads\/2025\/06\/Screen-Shot-2025-06-23-at-9.47.37-AM-636x370.png 636w, https:\/\/diarioelpopular.com\/wp-content\/uploads\/2025\/06\/Screen-Shot-2025-06-23-at-9.47.37-AM-126x73.png 126w, https:\/\/diarioelpopular.com\/wp-content\/uploads\/2025\/06\/Screen-Shot-2025-06-23-at-9.47.37-AM.png 1024w\" sizes=\"auto, (max-width: 1200px) 100vw, 1200px\" \/><p id=\"caption-attachment-533314\" class=\"wp-caption-text\">El senador por Maryland, Chris Van Hollen, habla con el migrante salvadore\u00f1o Kilmar \u00c1brego Garc\u00eda, en abril pasado. Foto ChrisVanHollen (EFE)<\/p><\/div>\n<p>&nbsp;<\/p>\n<p>&nbsp;<\/p>\n<h4 class=\"a_st\"><em>&#8211; Una magistrada de Tennessee deneg\u00f3 la moci\u00f3n del Gobierno de Trump de detener al salvadore\u00f1o, acusado, sin presentar prueba alguna, de presunto tr\u00e1fico de personas<\/em><\/h4>\n<p>&nbsp;<\/p>\n<div class=\"a_c clearfix\" data-dtm-region=\"articulo_cuerpo\">\n<p class=\"\">Una jueza del estado de Tennessee orden\u00f3 este domingo la puesta en libertad del salvadore\u00f1o\u00a0<a title=\"https:\/\/elpais.com\/us\/migracion\/2025-06-07\/la-historia-de-kilmar-abrego-garcia-de-migrante-deportado-injustamente-a-peligroso-traficante-de-personas.html\" href=\"https:\/\/elpais.com\/us\/migracion\/2025-06-07\/la-historia-de-kilmar-abrego-garcia-de-migrante-deportado-injustamente-a-peligroso-traficante-de-personas.html\" target=\"_blank\" rel=\"noopener noreferrer\" data-link-track-dtm=\"\" data-mrf-link=\"https:\/\/elpais.com\/us\/migracion\/2025-06-07\/la-historia-de-kilmar-abrego-garcia-de-migrante-deportado-injustamente-a-peligroso-traficante-de-personas.html\">Kilmar \u00c1brego Garc\u00eda<\/a>, quien regres\u00f3 a Estados Unidos tras ser deportado a El Salvador por \u201cerror\u201d del Gobierno de Donald Trump, pero enfrenta un montado juicio por presunto tr\u00e1fico de personas.<\/p>\n<p class=\"\">La magistrada Barbara Holmes deneg\u00f3 la moci\u00f3n del Gobierno para detener a \u00c1brego Garc\u00eda y sostuvo que el tribunal \u201cle dar\u00e1 a Abrego el debido proceso que se le garantiza\u201d, inform\u00f3 el medio ABCNews. Est\u00e1 previsto que se celebre una audiencia este mi\u00e9rcoles para revisar las condiciones de su liberaci\u00f3n.<\/p>\n<p class=\"\">El Ejecutivo estadounidense<a title=\"https:\/\/elpais.com\/us\/migracion\/2025-06-06\/el-salvadoreno-kilmar-abrego-garcia-regresara-a-estados-unidos-para-ser-juzgado-por-trafico-de-indocumentados.html\" href=\"https:\/\/elpais.com\/us\/migracion\/2025-06-06\/el-salvadoreno-kilmar-abrego-garcia-regresara-a-estados-unidos-para-ser-juzgado-por-trafico-de-indocumentados.html\" target=\"_blank\" rel=\"noopener noreferrer\" data-link-track-dtm=\"\" data-mrf-link=\"https:\/\/elpais.com\/us\/migracion\/2025-06-06\/el-salvadoreno-kilmar-abrego-garcia-regresara-a-estados-unidos-para-ser-juzgado-por-trafico-de-indocumentados.html\">\u00a0retorn\u00f3 a \u00c1brego Garc\u00eda\u00a0<\/a>el pasado 6 de junio a Estados Unidos, despu\u00e9s de que fuera expulsado junto a 230 inmigrantes a El Salvador, pese a tener un estatus que lo proteg\u00eda de la deportaci\u00f3n. El Tribunal Supremo y una jueza de Maryland concluyeron que su expulsi\u00f3n fue ilegal. No obstante, a su regreso a Estados Unidos, el salvadore\u00f1o fue arrestado y acusado de presunto tr\u00e1fico de personas. Estos cargos se remontan a un encuentro que el acusado sostuvo con polic\u00edas en Tennessee en 2022, cuando viajaba con varios indocumentados.<\/p>\n<p class=\"\">\u00c1brego Garc\u00eda se declar\u00f3 no culpable en la primera audiencia relacionada con esos cargos, que se llev\u00f3 a cabo el pasado 13 de junio en la ciudad de Nashville, Tennessee. Mientras ocurr\u00eda la audiencia, cientos de personas protestaron fuera de la corte para pedir la liberaci\u00f3n del acusado y la abolici\u00f3n del\u00a0<a title=\"https:\/\/elpais.com\/us\/migracion\/2025-06-19\/las-redadas-y-deportaciones-vacian-el-presupuesto-del-ice.html\" href=\"https:\/\/elpais.com\/us\/migracion\/2025-06-19\/las-redadas-y-deportaciones-vacian-el-presupuesto-del-ice.html\" target=\"_blank\" rel=\"noopener noreferrer\" data-link-track-dtm=\"\" data-mrf-link=\"https:\/\/elpais.com\/us\/migracion\/2025-06-19\/las-redadas-y-deportaciones-vacian-el-presupuesto-del-ice.html\">Servicio de Inmigraci\u00f3n y Protecci\u00f3n de Aduanas<\/a>\u00a0(ICE).<\/p>\n<\/div>\n<div id=\"me-dis\" class=\"me _pf\">\n<div class=\"me_bg\">\n<div class=\"me-dis _pa _df\">\n<div class=\"me-dis_c\">\n<h2 class=\"me-dis_t\"><\/h2>\n<p>&nbsp;<\/p>\n<div class=\"me-dis_l\"><\/div>\n<p>&nbsp;<\/p>\n<p class=\"lk\">\n<p><span id=\"capping-arrow\" class=\"arrow\"><\/span><\/div>\n<\/div>\n<\/div>\n<\/div>\n","protected":false},"excerpt":{"rendered":"<p>&nbsp; &nbsp; &#8211; Una magistrada de Tennessee deneg\u00f3 la moci\u00f3n del Gobierno de Trump de detener al salvadore\u00f1o, acusado, sin presentar prueba alguna, de presunto&hellip;<\/p>\n","protected":false},"author":99,"featured_media":533314,"comment_status":"open","ping_status":"open","sticky":false,"template":"","format":"standard","meta":{"footnotes":""},"categories":[24],"tags":[],"class_list":["post-533313","post","type-post","status-publish","format-standard","has-post-thumbnail","hentry","category-mundo"],"_links":{"self":[{"href":"https:\/\/diarioelpopular.com\/index.php\/wp-json\/wp\/v2\/posts\/533313","targetHints":{"allow":["GET"]}}],"collection":[{"href":"https:\/\/diarioelpopular.com\/index.php\/wp-json\/wp\/v2\/posts"}],"about":[{"href":"https:\/\/diarioelpopular.com\/index.php\/wp-json\/wp\/v2\/types\/post"}],"author":[{"embeddable":true,"href":"https:\/\/diarioelpopular.com\/index.php\/wp-json\/wp\/v2\/users\/99"}],"replies":[{"embeddable":true,"href":"https:\/\/diarioelpopular.com\/index.php\/wp-json\/wp\/v2\/comments?post=533313"}],"version-history":[{"count":1,"href":"https:\/\/diarioelpopular.com\/index.php\/wp-json\/wp\/v2\/posts\/533313\/revisions"}],"predecessor-version":[{"id":533315,"href":"https:\/\/diarioelpopular.com\/index.php\/wp-json\/wp\/v2\/posts\/533313\/revisions\/533315"}],"wp:featuredmedia":[{"embeddable":true,"href":"https:\/\/diarioelpopular.com\/index.php\/wp-json\/wp\/v2\/media\/533314"}],"wp:attachment":[{"href":"https:\/\/diarioelpopular.com\/index.php\/wp-json\/wp\/v2\/media?parent=533313"}],"wp:term":[{"taxonomy":"category","embeddable":true,"href":"https:\/\/diarioelpopular.com\/index.php\/wp-json\/wp\/v2\/categories?post=533313"},{"taxonomy":"post_tag","embeddable":true,"href":"https:\/\/diarioelpopular.com\/index.php\/wp-json\/wp\/v2\/tags?post=533313"}],"curies":[{"name":"wp","href":"https:\/\/api.w.org\/{rel}","templated":true}]}}