{"id":533411,"date":"2025-06-25T09:47:09","date_gmt":"2025-06-25T13:47:09","guid":{"rendered":"https:\/\/diarioelpopular.com\/?p=533411"},"modified":"2025-06-25T09:47:09","modified_gmt":"2025-06-25T13:47:09","slug":"un-alto-cargo-del-departamento-de-justicia-sugirio-ignorar-los-fallos-judiciales-contra-las-deportaciones-que-se-jodan","status":"publish","type":"post","link":"https:\/\/diarioelpopular.com\/index.php\/2025\/06\/25\/un-alto-cargo-del-departamento-de-justicia-sugirio-ignorar-los-fallos-judiciales-contra-las-deportaciones-que-se-jodan\/","title":{"rendered":"Un alto cargo del Departamento de Justicia sugiri\u00f3 ignorar los fallos judiciales contra las deportaciones: \u201cQue se jodan\u201d"},"content":{"rendered":"<div id=\"attachment_533412\" style=\"width: 1210px\" class=\"wp-caption alignnone\"><img loading=\"lazy\" decoding=\"async\" aria-describedby=\"caption-attachment-533412\" class=\"wp-image-533412 size-custom-big-size\" src=\"https:\/\/diarioelpopular.com\/wp-content\/uploads\/2025\/06\/Screen-Shot-2025-06-25-at-9.46.11-AM-1200x801.png\" alt=\"\" width=\"1200\" height=\"801\" srcset=\"https:\/\/diarioelpopular.com\/wp-content\/uploads\/2025\/06\/Screen-Shot-2025-06-25-at-9.46.11-AM-1200x801.png 1200w, https:\/\/diarioelpopular.com\/wp-content\/uploads\/2025\/06\/Screen-Shot-2025-06-25-at-9.46.11-AM-300x200.png 300w, https:\/\/diarioelpopular.com\/wp-content\/uploads\/2025\/06\/Screen-Shot-2025-06-25-at-9.46.11-AM-768x513.png 768w, https:\/\/diarioelpopular.com\/wp-content\/uploads\/2025\/06\/Screen-Shot-2025-06-25-at-9.46.11-AM-636x425.png 636w, https:\/\/diarioelpopular.com\/wp-content\/uploads\/2025\/06\/Screen-Shot-2025-06-25-at-9.46.11-AM-109x73.png 109w, https:\/\/diarioelpopular.com\/wp-content\/uploads\/2025\/06\/Screen-Shot-2025-06-25-at-9.46.11-AM.png 1024w\" sizes=\"auto, (max-width: 1200px) 100vw, 1200px\" \/><p id=\"caption-attachment-533412\" class=\"wp-caption-text\">Emil Bove, fiscal general adjunto asociado de Estados Unidos, durante una reuni\u00f3n con el presidente Donald Trump, en la Oficina Oval de la Casa Blanca, el 14 de abril de 2025. The Washington Post (The Washington Post via Getty Im)<\/p><\/div>\n<p>&nbsp;<\/p>\n<p>&nbsp;<\/p>\n<h4 class=\"a_st\"><em>&#8211; Un exempleado, que fue despedido por admitir el error del Gobierno en la deportaci\u00f3n de Kilmar Abrego Garc\u00eda, denuncia en una carta las irregularidades en las expulsiones de migrantes a El Salvador<\/em><\/h4>\n<p>&nbsp;<\/p>\n<p class=\"\">Un alto cargo del Departamento de Justicia (DOJ) sugiri\u00f3 a sus subordinados que ignoraran las \u00f3rdenes judiciales que imped\u00edan las deportaciones de migrantes en plena cruzada antiinmigrante de la Administraci\u00f3n Trump, seg\u00fan ha denunciado un abogado que hasta abril trabajaba en la agencia federal.<\/p>\n<p class=\"\">En una carta escrita por sus abogados y dirigida al DOJ, Erez Reuveni, que fue director adjunto de la Oficina de Litigios de Inmigraci\u00f3n, pidi\u00f3 que se abra una investigaci\u00f3n sobre la actuaci\u00f3n de su superior, Emil Bove III, por haber instado a desobedecer los fallos de tribunales. Bove se presenta este mi\u00e9rcoles ante el Senado para ser nombrado juez de un tribunal de apelaciones federal.<\/p>\n<p class=\"\">Reuveni, que trabaj\u00f3 15 a\u00f1os en el departamento, fue suspendido de su cargo y posteriormente despedido despu\u00e9s de que admitiera en un tribunal que\u00a0<a title=\"https:\/\/elpais.com\/us\/migracion\/2025-04-01\/estados-unidos-admite-haber-deportado-a-un-hombre-a-la-carcel-de-el-salvador-por-error-pese-a-que-tenia-proteccion-judicial.html#?rel=mas\" href=\"https:\/\/elpais.com\/us\/migracion\/2025-04-01\/estados-unidos-admite-haber-deportado-a-un-hombre-a-la-carcel-de-el-salvador-por-error-pese-a-que-tenia-proteccion-judicial.html#?rel=mas\" target=\"_self\" rel=\"\" data-link-track-dtm=\"\" data-mrf-link=\"https:\/\/elpais.com\/us\/migracion\/2025-04-01\/estados-unidos-admite-haber-deportado-a-un-hombre-a-la-carcel-de-el-salvador-por-error-pese-a-que-tenia-proteccion-judicial.html\">el Gobierno hab\u00eda cometido un error\u00a0<\/a>al deportar al salvadore\u00f1o Kilmar Abrego Garc\u00eda a una megac\u00e1rcel en Centroam\u00e9rica.\u00a0<a title=\"https:\/\/static01.nyt.com\/newsgraphics\/documenttools\/e285ec96adf8d443\/5868d536-full.pdf\" href=\"https:\/\/static01.nyt.com\/newsgraphics\/documenttools\/e285ec96adf8d443\/5868d536-full.pdf\" target=\"_blank\" rel=\"noopener\" data-link-track-dtm=\"\" data-mrf-link=\"https:\/\/static01.nyt.com\/newsgraphics\/documenttools\/e285ec96adf8d443\/5868d536-full.pdf\">En la carta de 27 p\u00e1ginas,<\/a>\u00a0que fue revelada por\u00a0<i>The New York Times,<\/i> ofrece numerosos detalles y acusaciones nuevas sobre el funcionamiento interno del DOJ bajo Donald Trump.<\/p>\n<p class=\"\">En el documento, Reuveni afirma que, Bove les dijo a sus subordinados que \u201cse jodan\u201d los tribunales y que ignoraran cualquier orden que implicara frenar las deportaciones. Otros altos funcionarios encargados de hacer cumplir la ley se habr\u00edan mostrado dispuestos a obstruir a los jueces o mentirles. Seg\u00fan explican sus abogados, Reuveni se sorprendi\u00f3 porque \u201cnadie en el liderazgo del Departamento hab\u00eda sugerido jam\u00e1s que el Departamento de Justicia pudiera ignorar flagrantemente \u00f3rdenes judiciales\u201d.<\/p>\n<p class=\"\">La denuncia se refiere a varios casos, entre ellos, el de los aviones que despegaron el 15 y 16 de marzo con m\u00e1s de 200\u00a0<a title=\"https:\/\/elpais.com\/us\/migracion\/2025-05-30\/una-jueza-desestima-el-caso-de-asilo-de-andry-hernandez-deportado-a-el-salvador-y-su-defensa-acusa-al-gobierno-de-desaparecerlo.html\" href=\"https:\/\/elpais.com\/us\/migracion\/2025-05-30\/una-jueza-desestima-el-caso-de-asilo-de-andry-hernandez-deportado-a-el-salvador-y-su-defensa-acusa-al-gobierno-de-desaparecerlo.html\" target=\"_self\" rel=\"\" data-link-track-dtm=\"\" data-mrf-link=\"https:\/\/elpais.com\/us\/migracion\/2025-05-30\/una-jueza-desestima-el-caso-de-asilo-de-andry-hernandez-deportado-a-el-salvador-y-su-defensa-acusa-al-gobierno-de-desaparecerlo.html\">venezolanos y salvadore\u00f1os\u00a0<\/a>a bordo rumbo a El Salvador. El Gobierno de Trump se acogi\u00f3 a la Ley de Enemigos Extranjeros de 1798 para\u00a0<a title=\"https:\/\/elpais.com\/us\/migracion\/2025-05-21\/medio-centenar-de-venezolanos-deportados-a-el-salvador-entraron-legalmente-a-estados-unidos.html\" href=\"https:\/\/elpais.com\/us\/migracion\/2025-05-21\/medio-centenar-de-venezolanos-deportados-a-el-salvador-entraron-legalmente-a-estados-unidos.html\" target=\"_self\" rel=\"\" data-link-track-dtm=\"\" data-mrf-link=\"https:\/\/elpais.com\/us\/migracion\/2025-05-21\/medio-centenar-de-venezolanos-deportados-a-el-salvador-entraron-legalmente-a-estados-unidos.html\">deportarlos sin un juicio previo<\/a>\u00a0y posteriormente encarcelarlos en una infame prisi\u00f3n en el pa\u00eds. Cuando estaban en el aire, un juez federal orden\u00f3 su regreso, pero la Administraci\u00f3n asegur\u00f3 que era demasiado tarde para traerlos de vuelta.<\/p>\n<p class=\"\">Las afirmaciones de Reuveni dejan en entredicho la defensa del Ejecutivo. Seg\u00fan su versi\u00f3n, Bove \u201cenfatiz\u00f3 a todos los asistentes que los aviones deb\u00edan despegar, pasara lo que pasara\u201d. Despu\u00e9s mencion\u00f3 \u201cla posibilidad de que una orden judicial impidiera dichas deportaciones antes de que pudieran llevarse a cabo\u201d. Fue en esa ocasi\u00f3n cuando, seg\u00fan Reuveni, Bove declar\u00f3 que \u201cel Departamento de Justicia deber\u00eda considerar decirle a los tribunales \u2018que se jodan\u2019 e ignorar cualquier orden de ese tipo\u201d. Reuveni \u201cpercibi\u00f3 que los dem\u00e1s en la sala parec\u00edan at\u00f3nitos y observ\u00f3 miradas inc\u00f3modas y nerviosas entre la gente. El silencio se apoder\u00f3 de la sala\u201d, seg\u00fan el relato.<\/p>\n<p class=\"\">\u201cEl abogado de la agencia del [Departamento de Seguridad Nacional, o DHS] inform\u00f3 al se\u00f1or Reuveni por tel\u00e9fono que la direcci\u00f3n del [DOJ] hab\u00eda aconsejado al DHS que desembarcara los vuelos en El Salvador\u201d, escribieron los abogados. A\u00f1adieron que m\u00e1s tarde Reuveni \u201ctuvo claro que el DHS y el DOJ estaban recibiendo instrucciones contrarias de otra persona para tomar medidas que violaban las \u00f3rdenes judiciales\u201d.<\/p>\n<p class=\"\">En abril, el juez James Boasberg hall\u00f3 causa probable para declarar en desacato a la Administraci\u00f3n por desafiar su orden de que los aviones regresaran. Un tribunal federal de apelaciones le ha impedido tomar medidas adicionales.<\/p>\n<p class=\"\">El abogado representaba al Gobierno en el caso civil de\u00a0<a title=\"https:\/\/elpais.com\/us\/migracion\/2025-06-07\/la-historia-de-kilmar-abrego-garcia-de-migrante-deportado-injustamente-a-peligroso-traficante-de-personas.html#?rel=mas\" href=\"https:\/\/elpais.com\/us\/migracion\/2025-06-07\/la-historia-de-kilmar-abrego-garcia-de-migrante-deportado-injustamente-a-peligroso-traficante-de-personas.html#?rel=mas\" target=\"_self\" rel=\"\" data-link-track-dtm=\"\" data-mrf-link=\"https:\/\/elpais.com\/us\/migracion\/2025-06-07\/la-historia-de-kilmar-abrego-garcia-de-migrante-deportado-injustamente-a-peligroso-traficante-de-personas.html\">Abrego Garc\u00eda, deportado a El Salvador aunque ten\u00eda una protecci\u00f3n judicial que lo prohib\u00eda.<\/a>\u00a0En la audiencia con la jueza Paula Xinis, de Maryland, sobre la deportaci\u00f3n del salvadore\u00f1o, Reuveni reconoci\u00f3 que no entend\u00eda las razones por las que hab\u00eda sido expulsado y que hab\u00eda sido un error. Ante la petici\u00f3n de su superior de que presentara nuevas alegaciones que mostraran que Abrego Garc\u00eda era un terrorista, Reuveni se neg\u00f3 a mentir, seg\u00fan su relato. El presidente Trump, la fiscal general, Pam Bondi, y altos funcionarios de la Casa Blanca le criticaron p\u00fablicamente y fue despedido.<\/p>\n<h3 class=\"\">Nominado para un tribunal de apelaciones<\/h3>\n<p class=\"\">En los \u00faltimos meses, se han registrado tensiones entre los trabajadores del DOJ que han puesto en evidencia las decisiones de los l\u00edderes pol\u00edticos que Trump ha nominado para el departamento.<\/p>\n<p class=\"\">El informe de Reuveni se envi\u00f3 el martes, un d\u00eda antes que Bove testifique ante el comit\u00e9 judicial del Senado para una nominaci\u00f3n a un tribunal federal de apelaciones, previsto para este mi\u00e9rcoles.<\/p>\n<p class=\"\">El superior de Bove, Todd Blanche, critic\u00f3 que Reuveni hiciera las declaraciones un d\u00eda antes de la nominaci\u00f3n y las calific\u00f3 de \u201cfalsedades supuestamente hechas por un exempleado descontento y luego filtradas a la prensa, violando as\u00ed sus obligaciones \u00e9ticas\u201d.<\/p>\n<p class=\"\">El principal dem\u00f3crata del comit\u00e9,\u00a0<a title=\"https:\/\/www.durbin.senate.gov\/newsroom\/press-releases\/durbin-statement-on-whistleblower-disclosures-by-erez-reuveni-on-emil-boves-nomination-to-be-a-circuit-court-judge\" href=\"https:\/\/www.durbin.senate.gov\/newsroom\/press-releases\/durbin-statement-on-whistleblower-disclosures-by-erez-reuveni-on-emil-boves-nomination-to-be-a-circuit-court-judge\" target=\"_blank\" rel=\"noopener\" data-link-track-dtm=\"\" data-mrf-link=\"https:\/\/www.durbin.senate.gov\/newsroom\/press-releases\/durbin-statement-on-whistleblower-disclosures-by-erez-reuveni-on-emil-boves-nomination-to-be-a-circuit-court-judge\">Richard J. Durbin, de Illinois,\u00a0<\/a>declar\u00f3 que las acusaciones de Reuveni \u201cno solo demuestran el incumplimiento del se\u00f1or Bove de sus obligaciones \u00e9ticas como abogado, sino que sus actividades forman parte de un patr\u00f3n m\u00e1s amplio del presidente Trump y sus aliados para socavar el compromiso del Departamento de Justicia con el Estado de derecho\u201d.<\/p>\n","protected":false},"excerpt":{"rendered":"<p>&nbsp; &nbsp; &#8211; Un exempleado, que fue despedido por admitir el error del Gobierno en la deportaci\u00f3n de Kilmar Abrego Garc\u00eda, denuncia en una carta&hellip;<\/p>\n","protected":false},"author":99,"featured_media":533412,"comment_status":"open","ping_status":"open","sticky":false,"template":"","format":"standard","meta":{"footnotes":""},"categories":[24],"tags":[],"class_list":["post-533411","post","type-post","status-publish","format-standard","has-post-thumbnail","hentry","category-mundo"],"_links":{"self":[{"href":"https:\/\/diarioelpopular.com\/index.php\/wp-json\/wp\/v2\/posts\/533411","targetHints":{"allow":["GET"]}}],"collection":[{"href":"https:\/\/diarioelpopular.com\/index.php\/wp-json\/wp\/v2\/posts"}],"about":[{"href":"https:\/\/diarioelpopular.com\/index.php\/wp-json\/wp\/v2\/types\/post"}],"author":[{"embeddable":true,"href":"https:\/\/diarioelpopular.com\/index.php\/wp-json\/wp\/v2\/users\/99"}],"replies":[{"embeddable":true,"href":"https:\/\/diarioelpopular.com\/index.php\/wp-json\/wp\/v2\/comments?post=533411"}],"version-history":[{"count":1,"href":"https:\/\/diarioelpopular.com\/index.php\/wp-json\/wp\/v2\/posts\/533411\/revisions"}],"predecessor-version":[{"id":533413,"href":"https:\/\/diarioelpopular.com\/index.php\/wp-json\/wp\/v2\/posts\/533411\/revisions\/533413"}],"wp:featuredmedia":[{"embeddable":true,"href":"https:\/\/diarioelpopular.com\/index.php\/wp-json\/wp\/v2\/media\/533412"}],"wp:attachment":[{"href":"https:\/\/diarioelpopular.com\/index.php\/wp-json\/wp\/v2\/media?parent=533411"}],"wp:term":[{"taxonomy":"category","embeddable":true,"href":"https:\/\/diarioelpopular.com\/index.php\/wp-json\/wp\/v2\/categories?post=533411"},{"taxonomy":"post_tag","embeddable":true,"href":"https:\/\/diarioelpopular.com\/index.php\/wp-json\/wp\/v2\/tags?post=533411"}],"curies":[{"name":"wp","href":"https:\/\/api.w.org\/{rel}","templated":true}]}}