{"id":533415,"date":"2025-06-25T09:54:56","date_gmt":"2025-06-25T13:54:56","guid":{"rendered":"https:\/\/diarioelpopular.com\/?p=533415"},"modified":"2025-06-25T09:54:56","modified_gmt":"2025-06-25T13:54:56","slug":"el-alcatraz-de-los-caimanes-el-polemico-centro-de-detencion-para-migrantes-que-construye-ee-uu-en-medio-de-un-pantano-en-miami","status":"publish","type":"post","link":"https:\/\/diarioelpopular.com\/index.php\/2025\/06\/25\/el-alcatraz-de-los-caimanes-el-polemico-centro-de-detencion-para-migrantes-que-construye-ee-uu-en-medio-de-un-pantano-en-miami\/","title":{"rendered":"El &#8220;Alcatraz de los caimanes&#8221;: el pol\u00e9mico centro de detenci\u00f3n para migrantes que construye EE.UU. en medio de un pantano en Miami"},"content":{"rendered":"<div id=\"attachment_533416\" style=\"width: 646px\" class=\"wp-caption alignnone\"><img loading=\"lazy\" decoding=\"async\" aria-describedby=\"caption-attachment-533416\" class=\"wp-image-533416 size-custom-full-size\" src=\"https:\/\/diarioelpopular.com\/wp-content\/uploads\/2025\/06\/Screen-Shot-2025-06-25-at-9.54.08-AM-636x356.png\" alt=\"\" width=\"636\" height=\"356\" srcset=\"https:\/\/diarioelpopular.com\/wp-content\/uploads\/2025\/06\/Screen-Shot-2025-06-25-at-9.54.08-AM-636x356.png 636w, https:\/\/diarioelpopular.com\/wp-content\/uploads\/2025\/06\/Screen-Shot-2025-06-25-at-9.54.08-AM-300x168.png 300w, https:\/\/diarioelpopular.com\/wp-content\/uploads\/2025\/06\/Screen-Shot-2025-06-25-at-9.54.08-AM-768x430.png 768w, https:\/\/diarioelpopular.com\/wp-content\/uploads\/2025\/06\/Screen-Shot-2025-06-25-at-9.54.08-AM-130x73.png 130w, https:\/\/diarioelpopular.com\/wp-content\/uploads\/2025\/06\/Screen-Shot-2025-06-25-at-9.54.08-AM.png 858w\" sizes=\"auto, (max-width: 636px) 100vw, 636px\" \/><p id=\"caption-attachment-533416\" class=\"wp-caption-text\">Imagen a\u00e9rea del Aeropuerto de Entrenamiento y Transici\u00f3n Dade-Collier donde se est\u00e1 construyendo el llamado &#8220;Alcatraz de los caimanes&#8221;.<\/p><\/div>\n<p>&nbsp;<\/p>\n<p>&nbsp;<\/p>\n<div class=\"bbc-19j92fr ebmt73l0\" dir=\"ltr\">\n<ul>\n<li class=\"bbc-hhl7in e17g058b0\" dir=\"ltr\"><em><b>Caminando por una zona pantanosa junto a dos polic\u00edas armados y m\u00fasica heavy metal de fondo, el fiscal general de Florida, James Uthmeier, dice en un video publicado en sus redes sociales que en ese humedal se establecer\u00e1 un centro de detenci\u00f3n para migrantes indocumentados.<\/b><\/em><\/li>\n<\/ul>\n<\/div>\n<div class=\"bbc-19j92fr ebmt73l0\" dir=\"ltr\">\n<p dir=\"ltr\">\n<p class=\"bbc-hhl7in e17g058b0\" dir=\"ltr\">Uthmeier explica que el estado de Florida, bajo el control pol\u00edtico de los republicanos, ha estado apoyando al gobierno de Donald Trump en su pol\u00edtica de deportaciones y en la b\u00fasqueda de nuevos centros para albergar detenidos.<\/p>\n<\/div>\n<div class=\"bbc-19j92fr ebmt73l0\" dir=\"ltr\">\n<p class=\"bbc-hhl7in e17g058b0\" dir=\"ltr\">&#8220;Creo que este es el mejor: lo llamo el Alcatraz de los caimanes&#8221;, dice el fiscal, refiri\u00e9ndose a la prisi\u00f3n federal de m\u00e1xima seguridad que funcion\u00f3 en la bah\u00eda de San Francisco entre 1934 y 1963.<\/p>\n<\/div>\n<div class=\"bbc-19j92fr ebmt73l0\" dir=\"ltr\">\n<p class=\"bbc-hhl7in e17g058b0\" dir=\"ltr\">&#8220;No es necesario invertir tanto en el per\u00edmetro. Si la gente sale, no les espera mucho m\u00e1s que\u00a0<a class=\"focusIndicatorReducedWidth bbc-n8oauk e1p3sufg0\" href=\"https:\/\/x.com\/AGJamesUthmeier\/status\/1935741644101374271\" aria-label=\"caimanes y pitones, externo\">caimanes y pitones<\/a>&#8220;.<\/p>\n<\/div>\n<div class=\"bbc-19j92fr ebmt73l0\" dir=\"ltr\">\n<p class=\"bbc-hhl7in e17g058b0\" dir=\"ltr\">La construcci\u00f3n del nuevo centro de detenci\u00f3n, cuyas obras comenzaron esta semana, supone una readaptaci\u00f3n del Aeropuerto de Entrenamiento y Transici\u00f3n Dade-Collier, ubicado a unos 70 kil\u00f3metros del centro de Miami, en medio de los Everglades, un humedal subtropical de gran importancia ecol\u00f3gica que alberga un parque nacional con el mismo nombre declarado por la Unesco como Reserva Internacional de la Biosfera y Patrimonio de la Humanidad.<\/p>\n<\/div>\n<div class=\"bbc-19j92fr ebmt73l0\" dir=\"ltr\">\n<p class=\"bbc-hhl7in e17g058b0\" dir=\"ltr\">El aeropuerto donde estar\u00e1 emplazado el centro de detenci\u00f3n migratorio consiste b\u00e1sicamente en una pista de aterrizaje para entrenamiento de pilotos rodeada por una vasta extensi\u00f3n de pantanos y ci\u00e9nagas.<\/p>\n<p dir=\"ltr\">\n<\/div>\n<figure class=\"bbc-1qn0xuy\">\n<div class=\"bbc-18ywsw9\">\n<div style=\"width: 1242px\" class=\"wp-caption alignnone\"><img loading=\"lazy\" decoding=\"async\" class=\"bbc-139onq\" src=\"https:\/\/ichef.bbci.co.uk\/ace\/ws\/640\/cpsprodpb\/3c20\/live\/3488eb90-5174-11f0-be23-138f5805155b.png.webp\" alt=\"Captura de pantalla video publicado por el fiscal general de Florida, James Uthmeier.\" width=\"1232\" height=\"693\" \/><p class=\"wp-caption-text\">Fuente de la imagen,@AGJamesUthmeier.\u00a0 El fiscal general de Florida, James Uthmeier, junto a dos polic\u00edas en los Everglades.<\/p><\/div>\n<p class=\"bbc-by8ykd\" role=\"text\">\n<\/div>\n<\/figure>\n<div class=\"bbc-19j92fr ebmt73l0\" dir=\"ltr\">\n<p dir=\"ltr\">\n<p class=\"bbc-hhl7in e17g058b0\" dir=\"ltr\">Siguiendo la carretera US-41 Oeste, tambi\u00e9n conocida como el Sendero Tamiami, viajamos desde Miami hasta la entrada del aeropuerto siguiendo un camino sorprendente por su belleza esc\u00e9nica.<\/p>\n<\/div>\n<div class=\"bbc-19j92fr ebmt73l0\" dir=\"ltr\">\n<p class=\"bbc-hhl7in e17g058b0\" dir=\"ltr\">Lleno de mosquitos y con un calor de verano agobiante, conseguimos avanzar apenas unos metros en el interior del recinto hasta que, como hab\u00edamos imaginado, un guardia en una camioneta nos bloque\u00f3 el acceso.<\/p>\n<\/div>\n<div class=\"bbc-19j92fr ebmt73l0\" dir=\"ltr\">\n<p class=\"bbc-hhl7in e17g058b0\" dir=\"ltr\">Instalados en la entrada de la propiedad, observamos un desfile constante de camiones transportando carpas, materiales de construcci\u00f3n, ba\u00f1os port\u00e1tiles y otras cargas dif\u00edciles de identificar.<\/p>\n<\/div>\n<div class=\"bbc-19j92fr ebmt73l0\" dir=\"ltr\">\n<p class=\"bbc-hhl7in e17g058b0\" dir=\"ltr\">Parec\u00eda evidente la urgencia por habilitar el centro de detenci\u00f3n lo antes posible.<\/p>\n<\/div>\n<div class=\"bbc-19j92fr ebmt73l0\" dir=\"ltr\">\n<p class=\"bbc-hhl7in e17g058b0\" dir=\"ltr\">De pronto, un r\u00e1pido movimiento en el agua de un peque\u00f1o canal que corre justo a la entrada del recinto, seguido por un sonido proveniente de la vegetaci\u00f3n, nos hizo preguntarnos si se tratar\u00eda de peces, v\u00edboras o los cientos de caimanes que merodean por el humedal y que ocasionalmente se acercan al camino.<\/p>\n<\/div>\n<div class=\"bbc-19j92fr ebmt73l0\" dir=\"ltr\">\n<h2 id=\"Poderes-de-emergencia\" class=\"bbc-1lgzob2 eglt09e0\" tabindex=\"-1\">Poderes de emergencia<\/h2>\n<\/div>\n<div class=\"bbc-19j92fr ebmt73l0\" dir=\"ltr\">\n<p class=\"bbc-hhl7in e17g058b0\" dir=\"ltr\">Si bien la propiedad donde est\u00e1 emplazada la pista de aterrizaje pertenece al Condado de Miami-Dade, la decisi\u00f3n de convertirla en un centro de detenci\u00f3n fue tomada por las autoridades del estado de Florida en virtud de una orden ejecutiva emitida en 2023 por el gobernador Ron DeSantis, invocando poderes de emergencia para contener el flujo de migrantes indocumentados.<\/p>\n<\/div>\n<div class=\"bbc-19j92fr ebmt73l0\" dir=\"ltr\">\n<p class=\"bbc-hhl7in e17g058b0\" dir=\"ltr\">El nuevo centro, que seg\u00fan el fiscal Uthmeier tendr\u00e1 una capacidad para recibir a m\u00e1s de 1.000 detenidos y comenzar\u00e1 operaciones en el mes de julio, se est\u00e1 convirtiendo r\u00e1pidamente en uno de los s\u00edmbolos m\u00e1s controvertidos de la ofensiva migratoria del gobierno de Trump.<\/p>\n<\/div>\n<div class=\"bbc-19j92fr ebmt73l0\" dir=\"ltr\">\n<p class=\"bbc-hhl7in e17g058b0\" dir=\"ltr\">Y no es el \u00fanico. Decenas de otras instalaciones est\u00e1n siendo acondicionadas con el mismo prop\u00f3sito, dado que el gobierno necesita una infraestructura carcelaria que le permita albergar a los detenidos, mientras consigue acelerar el ritmo de las deportaciones.<\/p>\n<\/div>\n<div class=\"bbc-19j92fr ebmt73l0\" dir=\"ltr\">\n<p class=\"bbc-hhl7in e17g058b0\" dir=\"ltr\">Desde que el migrante indocumentado es detenido, hasta que aborda un avi\u00f3n hacia otro pa\u00eds, pueden pasar semanas o meses, y diversos informes de organizaciones de derechos humanos indican que los centros est\u00e1n sobrepoblados hasta el punto de que en muchos deben dormir en el suelo.<\/p>\n<\/div>\n<div class=\"bbc-19j92fr ebmt73l0\" dir=\"ltr\">\n<p class=\"bbc-hhl7in e17g058b0\" dir=\"ltr\">Seg\u00fan datos obtenidos por la cadena de noticias CBS, el Servicio de Inmigraci\u00f3n y Control de Aduanas (ICE, por sus cifras en ingl\u00e9s) tiene un r\u00e9cord de 59.000 detenidos en todo el pa\u00eds, lo que supone una utilizaci\u00f3n por encima del 140% de su capacidad.<\/p>\n<\/div>\n<div class=\"bbc-19j92fr ebmt73l0\" dir=\"ltr\">\n<h2 id=\"El-centro-de-detenci\u00f3n-es-cruel-y-absurdo\" class=\"bbc-1lgzob2 eglt09e0\" tabindex=\"-1\">El centro de detenci\u00f3n es &#8220;cruel y absurdo&#8221;<\/h2>\n<\/div>\n<div class=\"bbc-19j92fr ebmt73l0\" dir=\"ltr\">\n<p class=\"bbc-hhl7in e17g058b0\" dir=\"ltr\">En las cercan\u00edas del llamado &#8220;Alcatraz de los caimanes&#8221; vive Betty Osceola, miembro de la comunidad ind\u00edgena Miccosukee que durante generaciones ha habitado la zona.<\/p>\n<p dir=\"ltr\">\n<\/div>\n<figure class=\"bbc-1qn0xuy\">\n<div class=\"bbc-18ywsw9\">\n<div style=\"width: 1450px\" class=\"wp-caption alignnone\"><img loading=\"lazy\" decoding=\"async\" class=\"bbc-139onq\" src=\"https:\/\/ichef.bbci.co.uk\/ace\/ws\/640\/cpsprodpb\/0697\/live\/6285e8b0-5172-11f0-a2ff-17a82c2e8bc4.jpg.webp\" alt=\"Betty Osceola\" width=\"1440\" height=\"960\" \/><p class=\"wp-caption-text\">Fuente de la imagen,Eve Samples.\u00a0 Betty Osceola plantea preocupaciones sobre el da\u00f1o ambiental y humano que puede provocar el nuevo centro de detenci\u00f3n en los Everglades.<\/p><\/div>\n<p class=\"bbc-by8ykd\" role=\"text\">\n<\/div>\n<\/figure>\n<div class=\"bbc-19j92fr ebmt73l0\" dir=\"ltr\">\n<p dir=\"ltr\">\n<p class=\"bbc-hhl7in e17g058b0\" dir=\"ltr\">El fin de semana particip\u00f3 en una manifestaci\u00f3n pac\u00edfica contra el nuevo centro de detenci\u00f3n en la entrada del aeropuerto y en los \u00faltimos d\u00edas tambi\u00e9n ha sido testigo del paso incesante de camiones que entran cargados y salen vac\u00edos.<\/p>\n<\/div>\n<div class=\"bbc-19j92fr ebmt73l0\" dir=\"ltr\">\n<p class=\"bbc-hhl7in e17g058b0\" dir=\"ltr\">No cree que el centro de detenci\u00f3n sea una soluci\u00f3n temporal, como lo han planteado las autoridades. En la pr\u00e1ctica, dice, su funcionamiento podr\u00eda extenderse por meses o incluso a\u00f1os.<\/p>\n<\/div>\n<div class=\"bbc-19j92fr ebmt73l0\" dir=\"ltr\">\n<p class=\"bbc-hhl7in e17g058b0\" dir=\"ltr\">&#8220;Tengo serias preocupaciones sobre el da\u00f1o ambiental&#8221;, dijo Osceola mientras conversaba al lado de un canal por el que nadaba un peque\u00f1o caim\u00e1n.<\/p>\n<\/div>\n<div class=\"bbc-19j92fr ebmt73l0\" dir=\"ltr\">\n<p class=\"bbc-hhl7in e17g058b0\" dir=\"ltr\">Y, adem\u00e1s, le inquieta las condiciones en las que van a vivir los detenidos.<\/p>\n<p dir=\"ltr\">\n<\/div>\n<figure class=\"bbc-1qn0xuy\">\n<div class=\"bbc-18ywsw9\">\n<div style=\"width: 3907px\" class=\"wp-caption alignnone\"><img loading=\"lazy\" decoding=\"async\" class=\"bbc-139onq\" src=\"https:\/\/ichef.bbci.co.uk\/ace\/ws\/640\/cpsprodpb\/f413\/live\/b2cdca60-5175-11f0-9ba7-0984e30e7090.jpg.webp\" alt=\"Entrada al Aeropuerto de Entrenamiento y Transici\u00f3n Dade-Collier, Everglades, Florida.\" width=\"3897\" height=\"2192\" \/><p class=\"wp-caption-text\">Fuente de la imagen,BBC Mundo\/Cecilia Barr\u00eda.\u00a0 Entrada al Aeropuerto de Entrenamiento y Transici\u00f3n Dade-Collier, Everglades, Florida.<\/p><\/div>\n<p class=\"bbc-by8ykd\" role=\"text\">\n<\/div>\n<\/figure>\n<div class=\"bbc-19j92fr ebmt73l0\" dir=\"ltr\">\n<p dir=\"ltr\">\n<p class=\"bbc-hhl7in e17g058b0\" dir=\"ltr\">Esas mismas inquietudes han sido expresadas por organizaciones ambientalistas, como Amigos del Everglades, y por organizaciones dedicadas a la defensa de los derechos humanos en EE.UU.<\/p>\n<\/div>\n<div class=\"bbc-19j92fr ebmt73l0\" dir=\"ltr\">\n<p class=\"bbc-hhl7in e17g058b0\" dir=\"ltr\">La Uni\u00f3n Estadounidense por las Libertades Civiles (ACLU, por sus siglas en ingl\u00e9s) en Florida, calific\u00f3 la iniciativa como &#8220;cruel y absurda&#8221; y argument\u00f3 que no existe justificaci\u00f3n para encerrar a personas en entornos aislados y peligrosos, y mucho menos en un centro &#8220;dise\u00f1ado a imagen de una de las prisiones m\u00e1s infames de la historia de Estados Unidos&#8221;.<\/p>\n<\/div>\n<div class=\"bbc-19j92fr ebmt73l0\" dir=\"ltr\">\n<p class=\"bbc-hhl7in e17g058b0\" dir=\"ltr\">Incluso los centros de detenci\u00f3n en zonas pobladas, agreg\u00f3 la organizaci\u00f3n, tienen antecedentes bien documentados de negligencia m\u00e9dica, negaci\u00f3n de acceso legal y maltrato.<\/p>\n<\/div>\n<div class=\"bbc-19j92fr ebmt73l0\" dir=\"ltr\">\n<p class=\"bbc-hhl7in e17g058b0\" dir=\"ltr\">&#8220;Construir uno en un lugar remoto y pantanoso solo agravar\u00e1 estas condiciones&#8221;.<\/p>\n<\/div>\n<div class=\"bbc-19j92fr ebmt73l0\" dir=\"ltr\">\n<p class=\"bbc-hhl7in e17g058b0\" dir=\"ltr\">Contactamos a la oficina del fiscal general de Florida para conversar sobre todas estas dudas, pero no hemos recibido respuesta.<\/p>\n<\/div>\n<div class=\"bbc-19j92fr ebmt73l0\" dir=\"ltr\">\n<p class=\"bbc-hhl7in e17g058b0\" dir=\"ltr\">La posici\u00f3n del fiscal Uthmeier sobre las nuevas instalaciones en los Everglades qued\u00f3 claramente establecida en el video que difundi\u00f3 en sus redes sociales, donde asegura que el centro de detenci\u00f3n es una &#8220;oportunidad eficiente y de bajo costo&#8221; para implementar la agenda de deportaci\u00f3n masiva del presidente Trump.<\/p>\n<\/div>\n<div class=\"bbc-19j92fr ebmt73l0\" dir=\"ltr\">\n<p class=\"bbc-hhl7in e17g058b0\" dir=\"ltr\">Con el &#8220;Alcatraz de los caimanes&#8221;, afirma en el video, no habr\u00e1 &#8220;ning\u00fan lugar donde ir, ning\u00fan lugar donde esconderse&#8221;.<\/p>\n<\/div>\n<div class=\"bbc-19j92fr ebmt73l0\" dir=\"ltr\">\n<h2 id=\"El-costo-\" class=\"bbc-1lgzob2 eglt09e0\" tabindex=\"-1\">El costo<\/h2>\n<\/div>\n<figure class=\"bbc-1qn0xuy\">\n<div class=\"bbc-18ywsw9\">\n<div style=\"width: 1025px\" class=\"wp-caption alignnone\"><img loading=\"lazy\" decoding=\"async\" class=\"bbc-139onq\" src=\"https:\/\/ichef.bbci.co.uk\/ace\/ws\/640\/cpsprodpb\/fc5e\/live\/2dd94cf0-5173-11f0-a5e6-2f4e4200a70a.jpg.webp\" alt=\"La secretaria de Seguridad Nacional de Estados Unidos, Kristi Noem.\" width=\"1015\" height=\"571\" \/><p class=\"wp-caption-text\">Fuente de la imagen,Getty Images.\u00a0 La secretaria de Seguridad Nacional de Estados Unidos, Kristi Noem dice que el nuevo centro de detenci\u00f3n es parte de las iniciativas rentables e innovadoras.<\/p><\/div>\n<p class=\"bbc-by8ykd\" role=\"text\">\n<\/div>\n<\/figure>\n<div class=\"bbc-19j92fr ebmt73l0\" dir=\"ltr\">\n<p dir=\"ltr\">\n<p class=\"bbc-hhl7in e17g058b0\" dir=\"ltr\">Ampliar, adaptar o construir nuevos centros de detenci\u00f3n ha sido una de las piedras en el zapato del gobierno para acelerar las detenciones.<\/p>\n<\/div>\n<div class=\"bbc-19j92fr ebmt73l0\" dir=\"ltr\">\n<p class=\"bbc-hhl7in e17g058b0\" dir=\"ltr\">La secretaria de Seguridad Nacional, Kristi Noem, afirm\u00f3 que el estado de Florida recibir\u00e1 fondos federales para establecer el nuevo centro de detenci\u00f3n, uno de los puntos cr\u00edticos del debate sobre el origen de los recursos para financiar este tipo de operaciones.<\/p>\n<\/div>\n<div class=\"bbc-19j92fr ebmt73l0\" dir=\"ltr\">\n<p class=\"bbc-hhl7in e17g058b0\" dir=\"ltr\">Bajo el liderazgo del presidente Trump, se\u00f1al\u00f3 Noem, &#8220;estamos trabajando a toda m\u00e1quina en formas rentables e innovadoras para cumplir con el mandato del pueblo estadounidense de deportar masivamente a inmigrantes indocumentados delincuentes&#8221;.<\/p>\n<\/div>\n<div class=\"bbc-19j92fr ebmt73l0\" dir=\"ltr\">\n<p class=\"bbc-hhl7in e17g058b0\" dir=\"ltr\">&#8220;Ampliaremos las instalaciones y el espacio para dormir en tan solo unos d\u00edas, gracias a nuestra colaboraci\u00f3n con Florida&#8221;, agreg\u00f3.<\/p>\n<\/div>\n<div class=\"bbc-19j92fr ebmt73l0\" dir=\"ltr\">\n<p class=\"bbc-hhl7in e17g058b0\" dir=\"ltr\">Noem explic\u00f3 que el &#8220;Alcatraz de los caimanes&#8221; ser\u00e1 financiado en gran parte por el Programa de Refugio y Servicios de la Agencia Federal para el Manejo de Emergencias (FEMA, por sus siglas en ingl\u00e9s), un organismo del Departamento de Seguridad Nacional encargado de coordinar la respuesta a desastres a nivel federal.<\/p>\n<\/div>\n<div class=\"bbc-19j92fr ebmt73l0\" dir=\"ltr\">\n<p class=\"bbc-hhl7in e17g058b0\" dir=\"ltr\">Habilitar un centro de detenci\u00f3n para m\u00e1s de mil personas requiere una significativa inyecci\u00f3n de recursos.<\/p>\n<\/div>\n<div class=\"bbc-19j92fr ebmt73l0\" dir=\"ltr\">\n<p class=\"bbc-hhl7in e17g058b0\" dir=\"ltr\">Daniella Levine Cava, alcaldesa dem\u00f3crata del Condado de Miami-Dade, a quien le pertenece el territorio donde est\u00e1 la pista de aterrizaje, sostiene que le pidi\u00f3 informaci\u00f3n al estado de Florida en relaci\u00f3n a las inquietudes sobre el proyecto.<\/p>\n<\/div>\n<div class=\"bbc-19j92fr ebmt73l0\" dir=\"ltr\">\n<p class=\"bbc-hhl7in e17g058b0\" dir=\"ltr\">En una declaraci\u00f3n enviada a BBC Mundo por Rachel Johnson, portavoz del Gabinete de la alcald\u00eda, se\u00f1al\u00f3 que &#8220;si bien entendemos que el fiscal general ha declarado que se han recibido las aprobaciones federales para el proyecto, a\u00fan no hemos recibido una respuesta del estado&#8221;.<\/p>\n<\/div>\n<div class=\"bbc-19j92fr ebmt73l0\" dir=\"ltr\">\n<p class=\"bbc-hhl7in e17g058b0\" dir=\"ltr\">&#8220;El Condado tiene serias preocupaciones sobre el impacto ambiental en los Everglades&#8221;, agreg\u00f3.<\/p>\n<\/div>\n<div class=\"bbc-19j92fr ebmt73l0\" dir=\"ltr\">\n<p class=\"bbc-hhl7in e17g058b0\" dir=\"ltr\">Mientras en ciudades como Los \u00c1ngeles, California, han aumentado las redadas migratorias, en Miami y el sur de Florida, la ofensiva parece ser un poco menos extendida, aunque no existe informaci\u00f3n detallada sobre cu\u00e1ntos son los detenidos, d\u00f3nde est\u00e1n y qui\u00e9nes tienen antecedentes policiales.<\/p>\n<\/div>\n<div class=\"bbc-19j92fr ebmt73l0\" dir=\"ltr\">\n<p class=\"bbc-hhl7in e17g058b0\" dir=\"ltr\">Muchos latinos indocumentados prefieren salir lo menos posible de sus casas por temor a ser detenidos y enviados a centros como el &#8220;Alcatraz de los caimanes&#8221; que, seg\u00fan las proyecciones oficiales, abrir\u00eda sus puertas en las pr\u00f3ximas semanas.<\/p>\n<\/div>\n<div class=\"bbc-19j92fr ebmt73l0\" dir=\"ltr\">\n<p class=\"bbc-hhl7in e17g058b0\" dir=\"ltr\">Todo parece indicar que el proyecto seguir\u00e1 adelante.<\/p>\n<\/div>\n<div class=\"bbc-19j92fr ebmt73l0\" dir=\"ltr\">\n<p class=\"bbc-hhl7in e17g058b0\" dir=\"ltr\">Al menos eso es lo que se puede ver desde la entrada al recinto donde el flujo de camiones es incesante en medio de un humedal extremadamente caluroso donde vivir\u00e1n los detenidos mientras esperan su deportaci\u00f3n.<\/p>\n<\/div>\n","protected":false},"excerpt":{"rendered":"<p>&nbsp; &nbsp; Caminando por una zona pantanosa junto a dos polic\u00edas armados y m\u00fasica heavy metal de fondo, el fiscal general de Florida, James Uthmeier,&hellip;<\/p>\n","protected":false},"author":99,"featured_media":533416,"comment_status":"open","ping_status":"open","sticky":false,"template":"","format":"standard","meta":{"footnotes":""},"categories":[24],"tags":[],"class_list":["post-533415","post","type-post","status-publish","format-standard","has-post-thumbnail","hentry","category-mundo"],"_links":{"self":[{"href":"https:\/\/diarioelpopular.com\/index.php\/wp-json\/wp\/v2\/posts\/533415","targetHints":{"allow":["GET"]}}],"collection":[{"href":"https:\/\/diarioelpopular.com\/index.php\/wp-json\/wp\/v2\/posts"}],"about":[{"href":"https:\/\/diarioelpopular.com\/index.php\/wp-json\/wp\/v2\/types\/post"}],"author":[{"embeddable":true,"href":"https:\/\/diarioelpopular.com\/index.php\/wp-json\/wp\/v2\/users\/99"}],"replies":[{"embeddable":true,"href":"https:\/\/diarioelpopular.com\/index.php\/wp-json\/wp\/v2\/comments?post=533415"}],"version-history":[{"count":1,"href":"https:\/\/diarioelpopular.com\/index.php\/wp-json\/wp\/v2\/posts\/533415\/revisions"}],"predecessor-version":[{"id":533417,"href":"https:\/\/diarioelpopular.com\/index.php\/wp-json\/wp\/v2\/posts\/533415\/revisions\/533417"}],"wp:featuredmedia":[{"embeddable":true,"href":"https:\/\/diarioelpopular.com\/index.php\/wp-json\/wp\/v2\/media\/533416"}],"wp:attachment":[{"href":"https:\/\/diarioelpopular.com\/index.php\/wp-json\/wp\/v2\/media?parent=533415"}],"wp:term":[{"taxonomy":"category","embeddable":true,"href":"https:\/\/diarioelpopular.com\/index.php\/wp-json\/wp\/v2\/categories?post=533415"},{"taxonomy":"post_tag","embeddable":true,"href":"https:\/\/diarioelpopular.com\/index.php\/wp-json\/wp\/v2\/tags?post=533415"}],"curies":[{"name":"wp","href":"https:\/\/api.w.org\/{rel}","templated":true}]}}