{"id":533449,"date":"2025-06-26T12:39:18","date_gmt":"2025-06-26T16:39:18","guid":{"rendered":"https:\/\/diarioelpopular.com\/?p=533449"},"modified":"2025-06-26T12:39:18","modified_gmt":"2025-06-26T16:39:18","slug":"asistente-de-apoyo-a-la-atencion-de-cuidados-a-largo-plazo-acusado-de-agresion-sexual-a-residente","status":"publish","type":"post","link":"https:\/\/diarioelpopular.com\/index.php\/2025\/06\/26\/asistente-de-apoyo-a-la-atencion-de-cuidados-a-largo-plazo-acusado-de-agresion-sexual-a-residente\/","title":{"rendered":"Asistente de Apoyo a la Atenci\u00f3n de cuidados a largo plazo, acusado de agresi\u00f3n sexual a residente\u00a0"},"content":{"rendered":"<p><img loading=\"lazy\" decoding=\"async\" class=\"alignnone size-custom-full-size wp-image-533451\" src=\"https:\/\/diarioelpopular.com\/wp-content\/uploads\/2025\/06\/Screen-Shot-2025-06-26-at-12.38.46-PM-636x368.png\" alt=\"\" width=\"636\" height=\"368\" srcset=\"https:\/\/diarioelpopular.com\/wp-content\/uploads\/2025\/06\/Screen-Shot-2025-06-26-at-12.38.46-PM-636x368.png 636w, https:\/\/diarioelpopular.com\/wp-content\/uploads\/2025\/06\/Screen-Shot-2025-06-26-at-12.38.46-PM-300x173.png 300w, https:\/\/diarioelpopular.com\/wp-content\/uploads\/2025\/06\/Screen-Shot-2025-06-26-at-12.38.46-PM-768x444.png 768w, https:\/\/diarioelpopular.com\/wp-content\/uploads\/2025\/06\/Screen-Shot-2025-06-26-at-12.38.46-PM-126x73.png 126w, https:\/\/diarioelpopular.com\/wp-content\/uploads\/2025\/06\/Screen-Shot-2025-06-26-at-12.38.46-PM.png 848w\" sizes=\"auto, (max-width: 636px) 100vw, 636px\" \/><\/p>\n<p>&nbsp;<\/p>\n<ul>\n<li><em><strong>Un asistente de apoyo a la atenci\u00f3n en una residencia de cuidados a largo plazo de Ontario fue acusado de agresi\u00f3n sexual tras una investigaci\u00f3n policial sobre acusaciones que involucraban a una residente vulnerable.<\/strong><\/em><\/li>\n<\/ul>\n<p>&nbsp;<\/p>\n<p>La Polic\u00eda Regional de York inform\u00f3 que los agentes acudieron al centro el 19 de junio tras recibir una denuncia por agresi\u00f3n sexual. Debido al estado de salud de la v\u00edctima, no pudo declarar, pero los investigadores lograron identificar a un sospechoso mediante sus pesquisas.<\/p>\n<p>Jefferson Daye, de 57 a\u00f1os y residente de Georgina, Ontario, fue acusado de agresi\u00f3n sexual. La polic\u00eda indic\u00f3 que Daye hab\u00eda trabajado en la residencia durante aproximadamente un a\u00f1o y ten\u00eda acceso regular a los residentes de cuidados a largo plazo en su puesto.<\/p>\n<p>Los investigadores temen que pueda haber m\u00e1s v\u00edctimas, citando las conexiones del hombre con grupos religiosos locales.<\/p>\n<p>Seg\u00fan la polic\u00eda, Daye podr\u00eda haberse presentado como pastor en varias comunidades religiosas de Georgina y East Gwillimbury.<\/p>\n<p>Su participaci\u00f3n tanto en funciones de cuidado como religiosas podr\u00eda haberle dado acceso a otras personas vulnerables. Como parte de la investigaci\u00f3n en curso, la Polic\u00eda Regional de York ha publicado una foto del acusado.<\/p>\n<p>Instan a cualquier persona que haya tenido contacto inapropiado con Daye o tenga inquietudes a que se presente.<\/p>\n","protected":false},"excerpt":{"rendered":"<p>&nbsp; Un asistente de apoyo a la atenci\u00f3n en una residencia de cuidados a largo plazo de Ontario fue acusado de agresi\u00f3n sexual tras una&hellip;<\/p>\n","protected":false},"author":99,"featured_media":533451,"comment_status":"open","ping_status":"open","sticky":false,"template":"","format":"standard","meta":{"footnotes":""},"categories":[11364],"tags":[],"class_list":["post-533449","post","type-post","status-publish","format-standard","has-post-thumbnail","hentry","category-toronto-gta"],"_links":{"self":[{"href":"https:\/\/diarioelpopular.com\/index.php\/wp-json\/wp\/v2\/posts\/533449","targetHints":{"allow":["GET"]}}],"collection":[{"href":"https:\/\/diarioelpopular.com\/index.php\/wp-json\/wp\/v2\/posts"}],"about":[{"href":"https:\/\/diarioelpopular.com\/index.php\/wp-json\/wp\/v2\/types\/post"}],"author":[{"embeddable":true,"href":"https:\/\/diarioelpopular.com\/index.php\/wp-json\/wp\/v2\/users\/99"}],"replies":[{"embeddable":true,"href":"https:\/\/diarioelpopular.com\/index.php\/wp-json\/wp\/v2\/comments?post=533449"}],"version-history":[{"count":1,"href":"https:\/\/diarioelpopular.com\/index.php\/wp-json\/wp\/v2\/posts\/533449\/revisions"}],"predecessor-version":[{"id":533452,"href":"https:\/\/diarioelpopular.com\/index.php\/wp-json\/wp\/v2\/posts\/533449\/revisions\/533452"}],"wp:featuredmedia":[{"embeddable":true,"href":"https:\/\/diarioelpopular.com\/index.php\/wp-json\/wp\/v2\/media\/533451"}],"wp:attachment":[{"href":"https:\/\/diarioelpopular.com\/index.php\/wp-json\/wp\/v2\/media?parent=533449"}],"wp:term":[{"taxonomy":"category","embeddable":true,"href":"https:\/\/diarioelpopular.com\/index.php\/wp-json\/wp\/v2\/categories?post=533449"},{"taxonomy":"post_tag","embeddable":true,"href":"https:\/\/diarioelpopular.com\/index.php\/wp-json\/wp\/v2\/tags?post=533449"}],"curies":[{"name":"wp","href":"https:\/\/api.w.org\/{rel}","templated":true}]}}