{"id":533454,"date":"2025-06-26T12:45:06","date_gmt":"2025-06-26T16:45:06","guid":{"rendered":"https:\/\/diarioelpopular.com\/?p=533454"},"modified":"2025-06-26T12:45:06","modified_gmt":"2025-06-26T16:45:06","slug":"policia-arresta-a-sujeto-armado-con-cuchillo-y-recibe-descarga-electrica-tras-robo-en-tienda-de-armas-de-aire-comprimido","status":"publish","type":"post","link":"https:\/\/diarioelpopular.com\/index.php\/2025\/06\/26\/policia-arresta-a-sujeto-armado-con-cuchillo-y-recibe-descarga-electrica-tras-robo-en-tienda-de-armas-de-aire-comprimido\/","title":{"rendered":"Polic\u00eda arresta a sujeto armado con cuchillo y recibe descarga el\u00e9ctrica tras robo en tienda de armas de aire comprimido"},"content":{"rendered":"<div id=\"attachment_533456\" style=\"width: 646px\" class=\"wp-caption alignnone\"><img loading=\"lazy\" decoding=\"async\" aria-describedby=\"caption-attachment-533456\" class=\"wp-image-533456 size-custom-full-size\" src=\"https:\/\/diarioelpopular.com\/wp-content\/uploads\/2025\/06\/Screen-Shot-2025-06-26-at-12.41.03-PM-636x355.png\" alt=\"\" width=\"636\" height=\"355\" srcset=\"https:\/\/diarioelpopular.com\/wp-content\/uploads\/2025\/06\/Screen-Shot-2025-06-26-at-12.41.03-PM-636x355.png 636w, https:\/\/diarioelpopular.com\/wp-content\/uploads\/2025\/06\/Screen-Shot-2025-06-26-at-12.41.03-PM-300x168.png 300w, https:\/\/diarioelpopular.com\/wp-content\/uploads\/2025\/06\/Screen-Shot-2025-06-26-at-12.41.03-PM-768x429.png 768w, https:\/\/diarioelpopular.com\/wp-content\/uploads\/2025\/06\/Screen-Shot-2025-06-26-at-12.41.03-PM-131x73.png 131w, https:\/\/diarioelpopular.com\/wp-content\/uploads\/2025\/06\/Screen-Shot-2025-06-26-at-12.41.03-PM.png 856w\" sizes=\"auto, (max-width: 636px) 100vw, 636px\" \/><p id=\"caption-attachment-533456\" class=\"wp-caption-text\">El cuchillo y los objetos robados fueron recuperados en el lugar de los hechos. La polic\u00eda ha hecho p\u00fablicas las im\u00e1genes del cuchillo y de la r\u00e9plica de la pistola. Foto: TPS.<\/p><\/div>\n<p><img loading=\"lazy\" decoding=\"async\" class=\"alignnone size-custom-full-size wp-image-533455\" src=\"https:\/\/diarioelpopular.com\/wp-content\/uploads\/2025\/06\/Screen-Shot-2025-06-26-at-12.40.43-PM-636x356.png\" alt=\"\" width=\"636\" height=\"356\" srcset=\"https:\/\/diarioelpopular.com\/wp-content\/uploads\/2025\/06\/Screen-Shot-2025-06-26-at-12.40.43-PM-636x356.png 636w, https:\/\/diarioelpopular.com\/wp-content\/uploads\/2025\/06\/Screen-Shot-2025-06-26-at-12.40.43-PM-300x168.png 300w, https:\/\/diarioelpopular.com\/wp-content\/uploads\/2025\/06\/Screen-Shot-2025-06-26-at-12.40.43-PM-768x430.png 768w, https:\/\/diarioelpopular.com\/wp-content\/uploads\/2025\/06\/Screen-Shot-2025-06-26-at-12.40.43-PM-130x73.png 130w, https:\/\/diarioelpopular.com\/wp-content\/uploads\/2025\/06\/Screen-Shot-2025-06-26-at-12.40.43-PM.png 860w\" sizes=\"auto, (max-width: 636px) 100vw, 636px\" \/><\/p>\n<p>&nbsp;<\/p>\n<ul>\n<li><em><strong>Un delincuente enfrenta varios cargos tras un dram\u00e1tico robo al mediod\u00eda con un cuchillo y una r\u00e9plica de arma de fuego en una tienda minorista del oeste de Toronto, seg\u00fan informa la polic\u00eda.<\/strong><\/em><\/li>\n<\/ul>\n<p>&nbsp;<\/p>\n<p>Los agentes del Servicio de Polic\u00eda de Toronto (TPS) respondieron a una alarma de asalto poco despu\u00e9s de las 12:15 p. m. del mi\u00e9rcoles en la zona de Eglinton Avenue West y Dufferin Street.<\/p>\n<p>Seg\u00fan los investigadores, un enmascarado entr\u00f3 en una tienda portando un cuchillo grande, tom\u00f3 una r\u00e9plica de pistola de aire comprimido Glock 17 de un estante y sali\u00f3. Momentos despu\u00e9s, regres\u00f3 a la tienda y rob\u00f3 varias municiones y varios cargadores de pistolas de aire comprimido antes de huir a pie.<\/p>\n<p>Los agentes respondieron r\u00e1pidamente y localizaron al sujeto en las inmediaciones. La polic\u00eda dijo que el hombre se acerc\u00f3 a los agentes mostrando abiertamente el cuchillo. Un agente activ\u00f3 un arma de energ\u00eda conductora (CEW), impactando al sospechoso, lo que permiti\u00f3 a los agentes detenerlo de forma segura.<\/p>\n<p>El cuchillo y los objetos robados fueron recuperados en el lugar de los hechos. La polic\u00eda ha hecho p\u00fablicas las im\u00e1genes del cuchillo y de la r\u00e9plica de la pistola.<\/p>\n<p>Jamiel Omare Murray, de 35 a\u00f1os y residente de Toronto, ha sido acusado de robo con arma ofensiva, disfraz con intenci\u00f3n y agresi\u00f3n a un agente del orden p\u00fablico con arma.<\/p>\n<p>Deb\u00eda comparecer ante una audiencia de fianza.<\/p>\n<p>Se recomienda a cualquier persona que tenga informaci\u00f3n adicional que se ponga en contacto con la polic\u00eda.<\/p>\n<p>&nbsp;<\/p>\n","protected":false},"excerpt":{"rendered":"<p>&nbsp; Un delincuente enfrenta varios cargos tras un dram\u00e1tico robo al mediod\u00eda con un cuchillo y una r\u00e9plica de arma de fuego en una tienda&hellip;<\/p>\n","protected":false},"author":99,"featured_media":533455,"comment_status":"open","ping_status":"open","sticky":false,"template":"","format":"standard","meta":{"footnotes":""},"categories":[11364],"tags":[],"class_list":["post-533454","post","type-post","status-publish","format-standard","has-post-thumbnail","hentry","category-toronto-gta"],"_links":{"self":[{"href":"https:\/\/diarioelpopular.com\/index.php\/wp-json\/wp\/v2\/posts\/533454","targetHints":{"allow":["GET"]}}],"collection":[{"href":"https:\/\/diarioelpopular.com\/index.php\/wp-json\/wp\/v2\/posts"}],"about":[{"href":"https:\/\/diarioelpopular.com\/index.php\/wp-json\/wp\/v2\/types\/post"}],"author":[{"embeddable":true,"href":"https:\/\/diarioelpopular.com\/index.php\/wp-json\/wp\/v2\/users\/99"}],"replies":[{"embeddable":true,"href":"https:\/\/diarioelpopular.com\/index.php\/wp-json\/wp\/v2\/comments?post=533454"}],"version-history":[{"count":1,"href":"https:\/\/diarioelpopular.com\/index.php\/wp-json\/wp\/v2\/posts\/533454\/revisions"}],"predecessor-version":[{"id":533457,"href":"https:\/\/diarioelpopular.com\/index.php\/wp-json\/wp\/v2\/posts\/533454\/revisions\/533457"}],"wp:featuredmedia":[{"embeddable":true,"href":"https:\/\/diarioelpopular.com\/index.php\/wp-json\/wp\/v2\/media\/533455"}],"wp:attachment":[{"href":"https:\/\/diarioelpopular.com\/index.php\/wp-json\/wp\/v2\/media?parent=533454"}],"wp:term":[{"taxonomy":"category","embeddable":true,"href":"https:\/\/diarioelpopular.com\/index.php\/wp-json\/wp\/v2\/categories?post=533454"},{"taxonomy":"post_tag","embeddable":true,"href":"https:\/\/diarioelpopular.com\/index.php\/wp-json\/wp\/v2\/tags?post=533454"}],"curies":[{"name":"wp","href":"https:\/\/api.w.org\/{rel}","templated":true}]}}