{"id":533485,"date":"2025-06-27T08:55:00","date_gmt":"2025-06-27T12:55:00","guid":{"rendered":"https:\/\/diarioelpopular.com\/?p=533485"},"modified":"2025-06-27T08:55:00","modified_gmt":"2025-06-27T12:55:00","slug":"agresion-contra-conductor-de-transporte-publico-fue-motivada-por-el-odio-segun-la-policia","status":"publish","type":"post","link":"https:\/\/diarioelpopular.com\/index.php\/2025\/06\/27\/agresion-contra-conductor-de-transporte-publico-fue-motivada-por-el-odio-segun-la-policia\/","title":{"rendered":"Agresi\u00f3n contra conductor de transporte p\u00fablico fue motivada por el odio, seg\u00fan la polic\u00eda"},"content":{"rendered":"<p><img loading=\"lazy\" decoding=\"async\" class=\"alignnone size-custom-full-size wp-image-533486\" src=\"https:\/\/diarioelpopular.com\/wp-content\/uploads\/2025\/06\/Screen-Shot-2025-06-27-at-8.54.32-AM-636x452.png\" alt=\"\" width=\"636\" height=\"452\" srcset=\"https:\/\/diarioelpopular.com\/wp-content\/uploads\/2025\/06\/Screen-Shot-2025-06-27-at-8.54.32-AM-636x452.png 636w, https:\/\/diarioelpopular.com\/wp-content\/uploads\/2025\/06\/Screen-Shot-2025-06-27-at-8.54.32-AM-300x213.png 300w, https:\/\/diarioelpopular.com\/wp-content\/uploads\/2025\/06\/Screen-Shot-2025-06-27-at-8.54.32-AM-103x73.png 103w, https:\/\/diarioelpopular.com\/wp-content\/uploads\/2025\/06\/Screen-Shot-2025-06-27-at-8.54.32-AM.png 734w\" sizes=\"auto, (max-width: 636px) 100vw, 636px\" \/><\/p>\n<p>&nbsp;<\/p>\n<ul>\n<li><em><strong>La polic\u00eda investiga una agresi\u00f3n contra un conductor de transporte p\u00fablico en Richmond Hill por motivos de odio.<\/strong><\/em><\/li>\n<\/ul>\n<p>&nbsp;<\/p>\n<p>La Polic\u00eda Regional de York inform\u00f3 que la v\u00edctima conduc\u00eda un autob\u00fas en la zona de Bathurst St.-King Rd. alrededor de las 9 p. m. del 31 de mayo cuando, seg\u00fan la polic\u00eda, el sospechoso hizo un comentario antiafroamericano y luego la agredi\u00f3 escupi\u00e9ndole en la cara.<\/p>\n<p>El sospechoso es descrito como un hombre de aproximadamente 1,78 m y 72 kg, de complexi\u00f3n delgada. Tiene cabello negro y rizado, ojos marrones y barba poblada. Vest\u00eda chaqueta negra, camisa verde oscuro, pantalones deportivos grises y zapatos blancos.<\/p>\n<p>Se solicita a cualquier persona que tenga informaci\u00f3n que llame a la polic\u00eda al 1-866-876-5423, ext. 6552, o que se comunique con Crime Stoppers al 1-800-222-TIPS o al sitio web 1800222tips.com.<\/p>\n<p><em><strong>Tres adolescentes acusados por robo de joyas<\/strong><\/em><\/p>\n<p>Tres adolescentes fueron acusados \u200b\u200btras una serie de robos violentos con violencia en joyer\u00edas.<\/p>\n<p>La Polic\u00eda Regional de Peel inform\u00f3 que, entre el 19 de enero y el 4 de febrero, varios ladrones cometieron tres robos en joyer\u00edas de centros comerciales de la Regi\u00f3n de Peel.<\/p>\n<p>Dos de los robos ocurrieron en Mississauga y otro en Brampton.<\/p>\n<p>La polic\u00eda indic\u00f3 que, en cada caso, el ladr\u00f3n irrumpi\u00f3 en la joyer\u00eda armado con martillos y palancas. Una vez dentro, comenzaron a destrozar vitrinas y a retirar mercanc\u00eda &#8220;sin importar la seguridad de los clientes ni de los empleados&#8221;.<\/p>\n<p>La polic\u00eda indic\u00f3 que los 3 huyeron del centro comercial utilizando un auto robado como veh\u00edculo de escape.<\/p>\n<p>Los tres fueron localizados y el veh\u00edculo tambi\u00e9n fue recuperado.<\/p>\n<p>Uno de 16 a\u00f1os de Toronto est\u00e1 acusado de robo y de usar un disfraz con intenci\u00f3n, mientras que otro de 17 a\u00f1os de Nova Scotia est\u00e1 acusado de dos cargos de robo, de usar un disfraz con intenci\u00f3n e incumplimiento de una orden de liberaci\u00f3n.<\/p>\n<p>Un tercero de 16 a\u00f1os de Kitchener est\u00e1 acusado de tres cargos de robo, de usar un disfraz con intenci\u00f3n, de incumplimiento de un compromiso y de incumplimiento de la sentencia, as\u00ed como de posesi\u00f3n de bienes obtenidos mediante un delito.<\/p>\n<p>Dos de los acusados \u200b\u200bfiguraban en formularios de liberaci\u00f3n ordenados por el tribunal en relaci\u00f3n con diversos delitos violentos previos.<\/p>\n<p>Sus nombres no pueden ser revelado seg\u00fan la Ley de Justicia Penal Juvenil, por ser menores de edad.<\/p>\n<p>Se solicita a cualquier persona que tenga informaci\u00f3n que llame a la polic\u00eda al 905-453-2121 ext. 3410, o que se comunique con Peel Crime Stoppers al 1-800-222-TIPS (8477) o en peelcrimestoppers.ca.<\/p>\n<p><strong><em>Arrestado tras agresi\u00f3n racista<\/em><\/strong><\/p>\n<p>Un delincuente con antecedentes, de 57 a\u00f1os ha sido acusado tras una agresi\u00f3n por motivos de odio.<\/p>\n<p>La Polic\u00eda de Toronto inform\u00f3 que los agentes respondieron el mi\u00e9rcoles a un incidente en la zona de Armoury St. y University Ave., donde el acusado intent\u00f3 escupir a la v\u00edctima y le grit\u00f3 insultos racistas repetidamente.<\/p>\n<p>Ali Bani Jammat est\u00e1 acusado de agresi\u00f3n e incumplimiento de una orden de libertad condicional.<\/p>\n<p>Se solicita a cualquier persona que tenga informaci\u00f3n que llame a la polic\u00eda al 416-808-484200, o que se comunique an\u00f3nimamente con Crime Stoppers al 416-222-TIPS (8477) o a trav\u00e9s de 222tips.com.<\/p>\n","protected":false},"excerpt":{"rendered":"<p>&nbsp; La polic\u00eda investiga una agresi\u00f3n contra un conductor de transporte p\u00fablico en Richmond Hill por motivos de odio. &nbsp; La Polic\u00eda Regional de York&hellip;<\/p>\n","protected":false},"author":99,"featured_media":533486,"comment_status":"open","ping_status":"open","sticky":false,"template":"","format":"standard","meta":{"footnotes":""},"categories":[11364],"tags":[],"class_list":["post-533485","post","type-post","status-publish","format-standard","has-post-thumbnail","hentry","category-toronto-gta"],"_links":{"self":[{"href":"https:\/\/diarioelpopular.com\/index.php\/wp-json\/wp\/v2\/posts\/533485","targetHints":{"allow":["GET"]}}],"collection":[{"href":"https:\/\/diarioelpopular.com\/index.php\/wp-json\/wp\/v2\/posts"}],"about":[{"href":"https:\/\/diarioelpopular.com\/index.php\/wp-json\/wp\/v2\/types\/post"}],"author":[{"embeddable":true,"href":"https:\/\/diarioelpopular.com\/index.php\/wp-json\/wp\/v2\/users\/99"}],"replies":[{"embeddable":true,"href":"https:\/\/diarioelpopular.com\/index.php\/wp-json\/wp\/v2\/comments?post=533485"}],"version-history":[{"count":1,"href":"https:\/\/diarioelpopular.com\/index.php\/wp-json\/wp\/v2\/posts\/533485\/revisions"}],"predecessor-version":[{"id":533487,"href":"https:\/\/diarioelpopular.com\/index.php\/wp-json\/wp\/v2\/posts\/533485\/revisions\/533487"}],"wp:featuredmedia":[{"embeddable":true,"href":"https:\/\/diarioelpopular.com\/index.php\/wp-json\/wp\/v2\/media\/533486"}],"wp:attachment":[{"href":"https:\/\/diarioelpopular.com\/index.php\/wp-json\/wp\/v2\/media?parent=533485"}],"wp:term":[{"taxonomy":"category","embeddable":true,"href":"https:\/\/diarioelpopular.com\/index.php\/wp-json\/wp\/v2\/categories?post=533485"},{"taxonomy":"post_tag","embeddable":true,"href":"https:\/\/diarioelpopular.com\/index.php\/wp-json\/wp\/v2\/tags?post=533485"}],"curies":[{"name":"wp","href":"https:\/\/api.w.org\/{rel}","templated":true}]}}