{"id":533500,"date":"2025-06-27T09:15:50","date_gmt":"2025-06-27T13:15:50","guid":{"rendered":"https:\/\/diarioelpopular.com\/?p=533500"},"modified":"2025-06-27T09:15:50","modified_gmt":"2025-06-27T13:15:50","slug":"el-brutal-arresto-de-un-jardinero-mexicano-conmociona-a-santa-ana","status":"publish","type":"post","link":"https:\/\/diarioelpopular.com\/index.php\/2025\/06\/27\/el-brutal-arresto-de-un-jardinero-mexicano-conmociona-a-santa-ana\/","title":{"rendered":"El brutal arresto de un jardinero mexicano conmociona a Santa Ana"},"content":{"rendered":"<div id=\"attachment_533501\" style=\"width: 1210px\" class=\"wp-caption alignnone\"><img loading=\"lazy\" decoding=\"async\" aria-describedby=\"caption-attachment-533501\" class=\"wp-image-533501 size-custom-big-size\" src=\"https:\/\/diarioelpopular.com\/wp-content\/uploads\/2025\/06\/Screen-Shot-2025-06-27-at-9.14.52-AM-1200x677.png\" alt=\"\" width=\"1200\" height=\"677\" srcset=\"https:\/\/diarioelpopular.com\/wp-content\/uploads\/2025\/06\/Screen-Shot-2025-06-27-at-9.14.52-AM-1200x677.png 1200w, https:\/\/diarioelpopular.com\/wp-content\/uploads\/2025\/06\/Screen-Shot-2025-06-27-at-9.14.52-AM-300x169.png 300w, https:\/\/diarioelpopular.com\/wp-content\/uploads\/2025\/06\/Screen-Shot-2025-06-27-at-9.14.52-AM-768x433.png 768w, https:\/\/diarioelpopular.com\/wp-content\/uploads\/2025\/06\/Screen-Shot-2025-06-27-at-9.14.52-AM-1536x867.png 1536w, https:\/\/diarioelpopular.com\/wp-content\/uploads\/2025\/06\/Screen-Shot-2025-06-27-at-9.14.52-AM-636x359.png 636w, https:\/\/diarioelpopular.com\/wp-content\/uploads\/2025\/06\/Screen-Shot-2025-06-27-at-9.14.52-AM-129x73.png 129w, https:\/\/diarioelpopular.com\/wp-content\/uploads\/2025\/06\/Screen-Shot-2025-06-27-at-9.14.52-AM.png 1024w\" sizes=\"auto, (max-width: 1200px) 100vw, 1200px\" \/><p id=\"caption-attachment-533501\" class=\"wp-caption-text\">Momento en el que Narciso Barranco es detenido por miembros de la Patrulla Fronteriza en Santa Ana, California. AP<\/p><\/div>\n<p>&nbsp;<\/p>\n<p>&nbsp;<\/p>\n<h4 class=\"a_st\"><em>&#8211; La detenci\u00f3n realizada el fin de semana por el ICE provoca temor en varias comunidades latinas del sur de California<\/em><\/h4>\n<p>&nbsp;<\/p>\n<p class=\"\">El sue\u00f1o americano de Narciso Barranco acab\u00f3 en un anodino centro comercial de Santa Ana. El jardinero de 48 a\u00f1os podaba los arbustos el s\u00e1bado en Pacific Center, donde hay un Home Depot, un comercio que se ha vuelto un objetivo com\u00fan para los operativos de los agentes federales que est\u00e1n arrestando indocumentados en todo el sur de California.<\/p>\n<p class=\"\">La fortuita detenci\u00f3n de Barranco, quien estuvo en el lugar y en el momento equivocados, ha provocado una airad indignaci\u00f3n <a title=\"https:\/\/elpais.com\/us\/migracion\/2025-06-24\/indignacion-en-california-tras-la-golpiza-a-un-jardinero-mexicano-por-agentes-de-la-patrulla-fronteriza.html\" href=\"https:\/\/elpais.com\/us\/migracion\/2025-06-24\/indignacion-en-california-tras-la-golpiza-a-un-jardinero-mexicano-por-agentes-de-la-patrulla-fronteriza.html\" target=\"_self\" rel=\"\" data-link-track-dtm=\"\" data-mrf-link=\"https:\/\/elpais.com\/us\/migracion\/2025-06-24\/indignacion-en-california-tras-la-golpiza-a-un-jardinero-mexicano-por-agentes-de-la-patrulla-fronteriza.html\">por la violencia con la que se llev\u00f3 a cabo<\/a>. Tambi\u00e9n ha dejado caer un grueso manto de miedo sobre las comunidades latinas de la regi\u00f3n.<\/p>\n<p class=\"\">La tarde del mi\u00e9rcoles la Taquer\u00eda Guadalajara del centro de Santa Ana luc\u00eda desangelada. \u201cHoy hemos vendido cuatro aguas frescas y solo han venido dos mesas\u201d, dice Miguel, de 27 a\u00f1os. El mesero, quien pide no revelar su nombre completo, afirma que los comensales han dejado de visitar el restaurante de comida mexicana desde hace dos semanas. \u201cLa gente no quiere salir de sus casas&#8230; Hay un par de cocineros que no han venido desde el lunes\u201d, cuenta el empleado, que naci\u00f3 en Estados Unidos, pero tiene muchos familiares sin documentos.<\/p>\n<p class=\"\">En la calle Cuatro de Santa Ana, una de las principales avenidas en una ciudad con el 77% de poblaci\u00f3n latina, pueden verse banderas mexicanas colgando afuera de varios negocios. Son una muestra de resistencia en medio de las redadas que se llevan a cabo por sorpresa desde hace algunos d\u00edas.<\/p>\n<p class=\"\">Sin importar el giro del comercio, desde una tienda de ropa vaquera, un restaurante gourmet o un anticuado negocio para enviar remesas a M\u00e9xico, est\u00e1n casi todos vac\u00edos. La pol\u00edtica migratoria de Donald Trump tambi\u00e9n se ha dejado sentir en la econom\u00eda local.<\/p>\n<p>&nbsp;<\/p>\n<figure class=\"a_m a_m-h \">\n<p><div style=\"width: 424px\" class=\"wp-caption alignnone\"><img loading=\"lazy\" decoding=\"async\" class=\"_re lazyload a_m-h\" src=\"https:\/\/imagenes.elpais.com\/resizer\/v2\/PXKUX4MRTF7BIIAQ7LPBWIPGV4.jpg?auth=9f30a10bac4ae2f34f1acc47eab5966179e718fb56cccb45add160496f9b90c0&amp;width=414\" sizes=\"auto, (min-width:1199px) 1155px,(min-width:1001px) calc(100vw - 44px),(min-width:768px) 767px, 100vw\" srcset=\"https:\/\/imagenes.elpais.com\/resizer\/v2\/PXKUX4MRTF7BIIAQ7LPBWIPGV4.jpg?auth=9f30a10bac4ae2f34f1acc47eab5966179e718fb56cccb45add160496f9b90c0&amp;width=414 414w,https:\/\/imagenes.elpais.com\/resizer\/v2\/PXKUX4MRTF7BIIAQ7LPBWIPGV4.jpg?auth=9f30a10bac4ae2f34f1acc47eab5966179e718fb56cccb45add160496f9b90c0&amp;width=828 640w,https:\/\/imagenes.elpais.com\/resizer\/v2\/PXKUX4MRTF7BIIAQ7LPBWIPGV4.jpg?auth=9f30a10bac4ae2f34f1acc47eab5966179e718fb56cccb45add160496f9b90c0&amp;width=980 1000w,https:\/\/imagenes.elpais.com\/resizer\/v2\/PXKUX4MRTF7BIIAQ7LPBWIPGV4.jpg?auth=9f30a10bac4ae2f34f1acc47eab5966179e718fb56cccb45add160496f9b90c0&amp;width=1960 1960w\" alt=\"Los Angeles protests\" width=\"414\" height=\"276\" \/><p class=\"wp-caption-text\">Un manifestante junto a la Guardia Nacional, en Santa Ana, California, el martes 10 de junio de 2025. Foto Jae C. Hong (AP)<\/p><\/div><figcaption class=\"a_m_p\" aria-hidden=\"true\"><\/figcaption><\/figure>\n<p>&nbsp;<\/p>\n<p class=\"\">La dependienta de una peque\u00f1a joyer\u00eda de la zona, quien pide no revelar su nombre por temor a las autoridades, afirma que sus due\u00f1os decidieron cerrar temprano el negocio dos d\u00edas de la semana pasada ante el escaso movimiento. \u201cNos est\u00e1 yendo peor que en la pandemia\u201d, dice la mujer, que lleva siete a\u00f1os trabajando en la tienda. Buena parte del ingreso del comercio proviene de las comisiones que cobran para mandar dinero a M\u00e9xico.<\/p>\n<p class=\"\">Con la llegada de Trump, explica esta mujer originaria de Michoac\u00e1n,\u00a0<a title=\"https:\/\/elpais.com\/mexico\/2025-05-02\/el-envio-de-remesas-de-estados-unidos-repunta-en-marzo-tras-el-efecto-trump.html\" href=\"https:\/\/elpais.com\/mexico\/2025-05-02\/el-envio-de-remesas-de-estados-unidos-repunta-en-marzo-tras-el-efecto-trump.html\" target=\"_self\" rel=\"\" data-link-track-dtm=\"\" data-mrf-link=\"https:\/\/elpais.com\/mexico\/2025-05-02\/el-envio-de-remesas-de-estados-unidos-repunta-en-marzo-tras-el-efecto-trump.html\">se dispar\u00f3 el env\u00edo de remesas<\/a>. Pero las transacciones cayeron con fuerza desde que los agentes del Servicio de Control de Inmigraci\u00f3n y Aduanas, el ICE, apretaron con sus operativos. \u201cHay d\u00edas en que no juntamos ni cien d\u00f3lares de ventas\u201d, se lamenta.<\/p>\n<p class=\"\">No solo el miedo ha vaciado las calles. Tambi\u00e9n lo ha hecho la cautela. Las autoridades de Cudahy y Bell Gardens, dos ciudades eminentemente hispanas no muy lejos de Santa Ana, han decidido postergar los festejos del D\u00eda de la Independencia planeados para la pr\u00f3xima semana \u201cpor la seguridad de los residentes\u201d. La alcaldesa de la primera, que tiene una poblaci\u00f3n 97% latina, ha cancelado un festejo p\u00fablico con m\u00fasica en vivo, puestos de comida y un espect\u00e1culo de fuegos artificiales.<\/p>\n<p class=\"\">Un grupo de activistas de Santa Ana y el condado de Orange se ha movilizado esta semana para pagar a siete vendedores ambulantes y que as\u00ed no se vean obligados a salir a la calle a exponerse a una redada mientras intentan ganarse la vida.<\/p>\n<p class=\"\">Desde hace varias semanas, la Administraci\u00f3n Trump ha cambiado el objetivo de sus operativos contra los indocumentados. Los delincuentes o personas con antecedentes penales fueron la prioridad en los primeros d\u00edas de las redadas. Ahora corre peligro cualquiera.<\/p>\n<p>&nbsp;<\/p>\n<figure class=\"a_m a_m-h \">\n<p><div style=\"width: 424px\" class=\"wp-caption alignnone\"><img loading=\"lazy\" decoding=\"async\" class=\"_re lazyload a_m-h\" src=\"https:\/\/imagenes.elpais.com\/resizer\/v2\/UPI2CGRTIJFSBJNXLQEVKR7SGM.jpg?auth=52f2032d52b8c4140f720baf0488df3e4792df3a09e7a2b5e5bbfecece1bfebf&amp;width=414\" sizes=\"auto, (min-width:1199px) 1155px,(min-width:1001px) calc(100vw - 44px),(min-width:768px) 767px, 100vw\" srcset=\"https:\/\/imagenes.elpais.com\/resizer\/v2\/UPI2CGRTIJFSBJNXLQEVKR7SGM.jpg?auth=52f2032d52b8c4140f720baf0488df3e4792df3a09e7a2b5e5bbfecece1bfebf&amp;width=414 414w,https:\/\/imagenes.elpais.com\/resizer\/v2\/UPI2CGRTIJFSBJNXLQEVKR7SGM.jpg?auth=52f2032d52b8c4140f720baf0488df3e4792df3a09e7a2b5e5bbfecece1bfebf&amp;width=828 640w,https:\/\/imagenes.elpais.com\/resizer\/v2\/UPI2CGRTIJFSBJNXLQEVKR7SGM.jpg?auth=52f2032d52b8c4140f720baf0488df3e4792df3a09e7a2b5e5bbfecece1bfebf&amp;width=980 1000w,https:\/\/imagenes.elpais.com\/resizer\/v2\/UPI2CGRTIJFSBJNXLQEVKR7SGM.jpg?auth=52f2032d52b8c4140f720baf0488df3e4792df3a09e7a2b5e5bbfecece1bfebf&amp;width=1960 1960w\" alt=\"La polic\u00eda lanza gas pimienta contra los manifestantes fuera del Edificio Federal en Santa Ana, California, el lunes 9 de junio de 2025.\" width=\"414\" height=\"289\" \/><p class=\"wp-caption-text\">La polic\u00eda lanza gas pimienta contra los manifestantes fuera del Edificio Federal en Santa Ana, California, el lunes 9 de junio de 2025. foto Jeff Gritchen (AP)<\/p><\/div><figcaption class=\"a_m_p\" aria-hidden=\"true\"><\/figcaption><\/figure>\n<p>&nbsp;<\/p>\n<p class=\"\">El ICE ha informado recientemente que detuvo a 1.600 personas en todo el sur de California,<a title=\"https:\/\/elpais.com\/us\/migracion\/2025-06-20\/el-ice-continua-su-asedio-a-las-comunidades-migrantes-de-los-angeles.html\" href=\"https:\/\/elpais.com\/us\/migracion\/2025-06-20\/el-ice-continua-su-asedio-a-las-comunidades-migrantes-de-los-angeles.html\" target=\"_self\" rel=\"\" data-link-track-dtm=\"\" data-mrf-link=\"https:\/\/elpais.com\/us\/migracion\/2025-06-20\/el-ice-continua-su-asedio-a-las-comunidades-migrantes-de-los-angeles.html\">\u00a0la zona con m\u00e1s indocumentados en Estados Unidos<\/a>, hasta el 22 de junio. De estos, 722 fueron capturados en la regi\u00f3n metropolitana de Los \u00c1ngeles los primeros diez d\u00edas del mes. El 57% de este segundo grupo no tiene antecedentes penales ni era buscado por haber cometido alg\u00fan delito. La gran mayor\u00eda, el 82%, son hombres, y cerca de la mitad tienen como pa\u00eds de origen M\u00e9xico. El 16% proviene de Guatemala y el 8% de El Salvador, de acuerdo con cifras de Deportation Data Project, un centro de informaci\u00f3n respaldado por el Departamento de Derecho de la Universidad de California Berkeley.<\/p>\n<p class=\"\">Este viraje de la estrategia federal ya hab\u00eda sido subrayado por Karen Bass, la alcaldesa de Los \u00c1ngeles y quien sostiene desde hace semanas\u00a0<a title=\"https:\/\/elpais.com\/us\/2025-06-17\/la-alcaldesa-de-los-angeles-reduce-el-toque-de-queda-tras-el-descenso-de-la-violencia-en-las-manifestaciones.html\" href=\"https:\/\/elpais.com\/us\/2025-06-17\/la-alcaldesa-de-los-angeles-reduce-el-toque-de-queda-tras-el-descenso-de-la-violencia-en-las-manifestaciones.html\" target=\"_self\" rel=\"\" data-link-track-dtm=\"\" data-mrf-link=\"https:\/\/elpais.com\/us\/2025-06-17\/la-alcaldesa-de-los-angeles-reduce-el-toque-de-queda-tras-el-descenso-de-la-violencia-en-las-manifestaciones.html\">una tensa relaci\u00f3n<\/a>\u00a0con Washington por el env\u00edo de tropas a la ciudad por las protestas contra las redadas. \u201cNo est\u00e1n capturando narcotraficantes, est\u00e1n cazando gente que trabaja arduamente en mercadillos y aparcamientos de negocios\u201d, afirm\u00f3 la pol\u00edtica dem\u00f3crata hace algunos d\u00edas. Este mi\u00e9rcoles se hizo viral la fotograf\u00eda de un carrito de paletas que qued\u00f3 abandonado en las calles de Culver City despu\u00e9s de que agentes federales detuvieran a su due\u00f1o, Enrique Lozano, quien llevaba 20 a\u00f1os vendiendo helados en la zona.<\/p>\n<h2 class=\"\">Padre de militares estadounidense<\/h2>\n<p class=\"\">Fue as\u00ed, trabajando, como los agentes federales sorprendieron a Narciso Barranco. Las autoridades del Departamento de Seguridad Interior afirman que el jardinero blandi\u00f3 una desbrozadora frente al rostro de uno de los\u00a0<a title=\"https:\/\/elpais.com\/us\/migracion\/2025-06-20\/el-ice-continua-su-asedio-a-las-comunidades-migrantes-de-los-angeles.html\" href=\"https:\/\/elpais.com\/us\/migracion\/2025-06-20\/el-ice-continua-su-asedio-a-las-comunidades-migrantes-de-los-angeles.html\" target=\"_self\" rel=\"\" data-link-track-dtm=\"\" data-mrf-link=\"https:\/\/elpais.com\/us\/migracion\/2025-06-20\/el-ice-continua-su-asedio-a-las-comunidades-migrantes-de-los-angeles.html\">elementos del ICE<\/a>. Al menos tres videos, todos ellos grabados por testigos de la brutal detenci\u00f3n, desmienten por completo la versi\u00f3n oficial. Estos muestran al trabajador huyendo de los polic\u00edas e incluso tratando de subirse a un veh\u00edculo que estaba en marcha para escapar del lugar. Los polic\u00edas, enmascarados, lo sometieron para darle varios golpes en el suelo.<\/p>\n<p class=\"\">El primog\u00e9nito de Narciso, Alejandro Barranco, visit\u00f3 a su padre la tarde del martes. Lo encontr\u00f3 en una celda compartida con otras 70 personas y donde el agua y la comida son escasas. Lo encontr\u00f3 con los ojos hinchados y la misma camisa ensangrentada que ten\u00eda al momento de su detenci\u00f3n.<\/p>\n<p>&nbsp;<\/p>\n<figure class=\"a_m a_m-h \">\n<p><div style=\"width: 424px\" class=\"wp-caption alignnone\"><img loading=\"lazy\" decoding=\"async\" class=\"_re lazyload a_m-h\" src=\"https:\/\/imagenes.elpais.com\/resizer\/v2\/F6JDTICGCL2V5SXQZFLFDB57EU.jpg?auth=09e49a524b017197ac69b4707756f12f86452a4868ec32c3f9d1b8d10a9f123d&amp;width=414\" sizes=\"auto, (min-width:1199px) 1155px,(min-width:1001px) calc(100vw - 44px),(min-width:768px) 767px, 100vw\" srcset=\"https:\/\/imagenes.elpais.com\/resizer\/v2\/F6JDTICGCL2V5SXQZFLFDB57EU.jpg?auth=09e49a524b017197ac69b4707756f12f86452a4868ec32c3f9d1b8d10a9f123d&amp;width=414 414w,https:\/\/imagenes.elpais.com\/resizer\/v2\/F6JDTICGCL2V5SXQZFLFDB57EU.jpg?auth=09e49a524b017197ac69b4707756f12f86452a4868ec32c3f9d1b8d10a9f123d&amp;width=828 640w,https:\/\/imagenes.elpais.com\/resizer\/v2\/F6JDTICGCL2V5SXQZFLFDB57EU.jpg?auth=09e49a524b017197ac69b4707756f12f86452a4868ec32c3f9d1b8d10a9f123d&amp;width=980 1000w,https:\/\/imagenes.elpais.com\/resizer\/v2\/F6JDTICGCL2V5SXQZFLFDB57EU.jpg?auth=09e49a524b017197ac69b4707756f12f86452a4868ec32c3f9d1b8d10a9f123d&amp;width=1960 1960w\" alt=\"Alejandro Barranco, espera para entrar al Centro de Detenci\u00f3n Metropolitano para ver a su padre Narciso.\" width=\"414\" height=\"277\" \/><p class=\"wp-caption-text\">Alejandro Barranco, espera para entrar al Centro de Detenci\u00f3n Metropolitano para ver a su padre Narciso. Foto Damian Dovarganes (AP)<\/p><\/div><figcaption class=\"a_m_p\" aria-hidden=\"true\"><\/figcaption><\/figure>\n<p>&nbsp;<\/p>\n<p class=\"\">Alejando cont\u00f3 a la cadena NBC que su padre, quien abandon\u00f3 M\u00e9xico a los 17 a\u00f1os para migrar a Estados Unidos, lo educ\u00f3 a \u00e9l y sus dos hermanos para admirar a su nueva patria. \u201cNunca quiso que odi\u00e1ramos o que tuvi\u00e9ramos un disgusto con este pa\u00eds\u201d, asegur\u00f3 Barranco, quien se alist\u00f3 con los marines y fue enviado a Afganist\u00e1n, donde incluso ayud\u00f3 con la evacuaci\u00f3n final de Kabul. Sus dos hermanos tambi\u00e9n son soldados de infanter\u00eda.<\/p>\n<p class=\"\">La relaci\u00f3n de un indocumentado con tres hijos que han dedicado su vida a servir a Estados Unidos ha tomado por sorpresa a la opini\u00f3n p\u00fablica. La familia ha informado que ya hab\u00eda iniciado el proceso de<i>\u00a0<\/i><a title=\"https:\/\/elpais.com\/us\/migracion\/2024-10-14\/un-millon-de-vidas-detras-del-freno-judicial-al-parole-in-place-y-daca-vivo-con-mas-miedo-a-que-me-deporten.html\" href=\"https:\/\/elpais.com\/us\/migracion\/2024-10-14\/un-millon-de-vidas-detras-del-freno-judicial-al-parole-in-place-y-daca-vivo-con-mas-miedo-a-que-me-deporten.html\" target=\"_self\" rel=\"\" data-link-track-dtm=\"\" data-mrf-link=\"https:\/\/elpais.com\/us\/migracion\/2024-10-14\/un-millon-de-vidas-detras-del-freno-judicial-al-parole-in-place-y-daca-vivo-con-mas-miedo-a-que-me-deporten.html\"><i>Parole in Place<\/i><\/a>, un beneficio reservado para los familiares sin papeles de los miembros de las fuerzas armadas. Es una v\u00eda por la que las parejas, padres y hermanos de un militar pueden regularizar su situaci\u00f3n migratoria. El tr\u00e1mite, sin embargo, puede durar varios a\u00f1os y suele estar condicionado a si los beneficiarios tuvieron una entrada legal al pa\u00eds. Si esta fue irregular, como es el caso de Narciso, la situaci\u00f3n se complica. La maquinaria de las deportaciones alcanz\u00f3 a Barranco mucho antes de que pudiera legalizarse.<\/p>\n","protected":false},"excerpt":{"rendered":"<p>&nbsp; &nbsp; &#8211; La detenci\u00f3n realizada el fin de semana por el ICE provoca temor en varias comunidades latinas del sur de California &nbsp; El&hellip;<\/p>\n","protected":false},"author":99,"featured_media":533501,"comment_status":"open","ping_status":"open","sticky":false,"template":"","format":"standard","meta":{"footnotes":""},"categories":[24],"tags":[],"class_list":["post-533500","post","type-post","status-publish","format-standard","has-post-thumbnail","hentry","category-mundo"],"_links":{"self":[{"href":"https:\/\/diarioelpopular.com\/index.php\/wp-json\/wp\/v2\/posts\/533500","targetHints":{"allow":["GET"]}}],"collection":[{"href":"https:\/\/diarioelpopular.com\/index.php\/wp-json\/wp\/v2\/posts"}],"about":[{"href":"https:\/\/diarioelpopular.com\/index.php\/wp-json\/wp\/v2\/types\/post"}],"author":[{"embeddable":true,"href":"https:\/\/diarioelpopular.com\/index.php\/wp-json\/wp\/v2\/users\/99"}],"replies":[{"embeddable":true,"href":"https:\/\/diarioelpopular.com\/index.php\/wp-json\/wp\/v2\/comments?post=533500"}],"version-history":[{"count":1,"href":"https:\/\/diarioelpopular.com\/index.php\/wp-json\/wp\/v2\/posts\/533500\/revisions"}],"predecessor-version":[{"id":533502,"href":"https:\/\/diarioelpopular.com\/index.php\/wp-json\/wp\/v2\/posts\/533500\/revisions\/533502"}],"wp:featuredmedia":[{"embeddable":true,"href":"https:\/\/diarioelpopular.com\/index.php\/wp-json\/wp\/v2\/media\/533501"}],"wp:attachment":[{"href":"https:\/\/diarioelpopular.com\/index.php\/wp-json\/wp\/v2\/media?parent=533500"}],"wp:term":[{"taxonomy":"category","embeddable":true,"href":"https:\/\/diarioelpopular.com\/index.php\/wp-json\/wp\/v2\/categories?post=533500"},{"taxonomy":"post_tag","embeddable":true,"href":"https:\/\/diarioelpopular.com\/index.php\/wp-json\/wp\/v2\/tags?post=533500"}],"curies":[{"name":"wp","href":"https:\/\/api.w.org\/{rel}","templated":true}]}}