{"id":533508,"date":"2025-06-27T09:33:39","date_gmt":"2025-06-27T13:33:39","guid":{"rendered":"https:\/\/diarioelpopular.com\/?p=533508"},"modified":"2025-06-27T09:33:39","modified_gmt":"2025-06-27T13:33:39","slug":"la-soledad-de-pedro-sanchez-por-que-el-presidente-de-espana-decidio-desmarcarse-del-resto-de-lideres-de-la-otan-y-enfrento-las-amenazas-de-trump","status":"publish","type":"post","link":"https:\/\/diarioelpopular.com\/index.php\/2025\/06\/27\/la-soledad-de-pedro-sanchez-por-que-el-presidente-de-espana-decidio-desmarcarse-del-resto-de-lideres-de-la-otan-y-enfrento-las-amenazas-de-trump\/","title":{"rendered":"La soledad de Pedro S\u00e1nchez: por qu\u00e9 el presidente de Espa\u00f1a decidi\u00f3 desmarcarse del resto de l\u00edderes de la OTAN y enfrent\u00f3 las amenazas de Trump"},"content":{"rendered":"<p><img loading=\"lazy\" decoding=\"async\" class=\"alignnone wp-image-533509 size-custom-full-size\" src=\"https:\/\/diarioelpopular.com\/wp-content\/uploads\/2025\/06\/Screen-Shot-2025-06-27-at-9.32.50-AM-636x360.png\" alt=\"\" width=\"636\" height=\"360\" srcset=\"https:\/\/diarioelpopular.com\/wp-content\/uploads\/2025\/06\/Screen-Shot-2025-06-27-at-9.32.50-AM-636x360.png 636w, https:\/\/diarioelpopular.com\/wp-content\/uploads\/2025\/06\/Screen-Shot-2025-06-27-at-9.32.50-AM-300x170.png 300w, https:\/\/diarioelpopular.com\/wp-content\/uploads\/2025\/06\/Screen-Shot-2025-06-27-at-9.32.50-AM-768x435.png 768w, https:\/\/diarioelpopular.com\/wp-content\/uploads\/2025\/06\/Screen-Shot-2025-06-27-at-9.32.50-AM-129x73.png 129w, https:\/\/diarioelpopular.com\/wp-content\/uploads\/2025\/06\/Screen-Shot-2025-06-27-at-9.32.50-AM.png 862w\" sizes=\"auto, (max-width: 636px) 100vw, 636px\" \/><\/p>\n<p>&nbsp;<\/p>\n<p>&nbsp;<\/p>\n<div class=\"bbc-19j92fr ebmt73l0\" dir=\"ltr\">\n<ul>\n<li class=\"bbc-hhl7in e17g058b0\" dir=\"ltr\"><em><b>Dif\u00edcilmente podr\u00eda una imagen recoger mejor el esp\u00edritu de lo que se vivi\u00f3 en la cumbre de la OTAN en La Haya que la foto de familia de los l\u00edderes de la organizaci\u00f3n militar.<\/b><\/em><\/li>\n<\/ul>\n<\/div>\n<div class=\"bbc-19j92fr ebmt73l0\" dir=\"ltr\">\n<p dir=\"ltr\">\n<p class=\"bbc-hhl7in e17g058b0\" dir=\"ltr\">Los 32 jefes de Estado y de gobierno posaron este mi\u00e9rcoles en grupo con el secretario general de la Alianza Atl\u00e1ntica sonrientes -o serios, como Donald Trump- tras acordar una hist\u00f3rica subida del gasto en Defensa de hasta el 5% del Producto Interno Bruto (PIB).<\/p>\n<\/div>\n<div class=\"bbc-19j92fr ebmt73l0\" dir=\"ltr\">\n<p class=\"bbc-hhl7in e17g058b0\" dir=\"ltr\">En el margen derecho de la foto, Pedro S\u00e1nchez, el presidente del gobierno espa\u00f1ol, protagonista de la cumbre por ser el \u00fanico en negarse a comprometer un porcentaje tan elevado, parec\u00eda haber quedado, de alguna forma, separado del grupo.<\/p>\n<\/div>\n<div class=\"bbc-19j92fr ebmt73l0\" dir=\"ltr\">\n<p class=\"bbc-hhl7in e17g058b0\" dir=\"ltr\">Quiz\u00e1s es solo un efecto del \u00e1ngulo de la foto, en la que el lugar que ocupa cada jefe de Estado est\u00e1 marcado por el protocolo. Pero los cent\u00edmetros de m\u00e1s que parec\u00edan separar a S\u00e1nchez del resto de l\u00edderes escenificaron a la perfecci\u00f3n la pol\u00e9mica.<\/p>\n<\/div>\n<div class=\"bbc-19j92fr ebmt73l0\" dir=\"ltr\">\n<p class=\"bbc-hhl7in e17g058b0\" dir=\"ltr\">&#8220;En la foto de familia (a S\u00e1nchez) se lo ha visto en una esquina, sin hablar con nadie, rezagado mientras se dirig\u00edan al plenario. Y ah\u00ed, la misma imagen de distanciamiento con el resto de l\u00edderes&#8221;, destacaba la enviada espacial a La Haya de la televisi\u00f3n p\u00fablica espa\u00f1ola.<\/p>\n<\/div>\n<div class=\"bbc-19j92fr ebmt73l0\" dir=\"ltr\">\n<p class=\"bbc-hhl7in e17g058b0\" dir=\"ltr\">S\u00e1nchez firm\u00f3 el acuerdo, pero dijo que Espa\u00f1a s\u00f3lo destinar\u00eda a Defensa el 2,1% de su PIB, provocando un choque con Donald Trump, quien, con su acostumbrada actitud de matoner\u00eda, amenaz\u00f3 con tomar represalias comerciales si el gobierno espa\u00f1ol no alcanza el objetivo del 5%.<\/p>\n<\/div>\n<div class=\"bbc-19j92fr ebmt73l0\" dir=\"ltr\">\n<p class=\"bbc-hhl7in e17g058b0\" dir=\"ltr\">En una rueda de prensa al final de la cumbre, S\u00e1nchez dijo que el gasto del 2,1% ser\u00e1 &#8220;suficiente y compatible con nuestro modelo social&#8221;, asegurando que esa cifra es la que aconsejan los t\u00e9cnicos de Defensa para cumplir con los compromisos de Espa\u00f1a con la OTAN.<\/p>\n<\/div>\n<div class=\"bbc-19j92fr ebmt73l0\" dir=\"ltr\">\n<p class=\"bbc-hhl7in e17g058b0\" dir=\"ltr\">Adem\u00e1s, el mandatario garantiz\u00f3 que su pa\u00eds va a seguir siendo una pieza clave en la arquitectura de la defensa europea. &#8220;Espa\u00f1a siempre es la soluci\u00f3n, nunca es el problema&#8221;, dijo respondiendo a las acusaciones lanzadas por Trump.<\/p>\n<\/div>\n<div class=\"bbc-19j92fr ebmt73l0\" dir=\"ltr\">\n<p class=\"bbc-hhl7in e17g058b0\" dir=\"ltr\">Sanchez insisti\u00f3 en que tanto en la declaraci\u00f3n que se firm\u00f3 en La Haya como en las cartas que intercambi\u00f3 en los d\u00edas previos con el secretario general de la OTAN, Mark Rutte, se da &#8220;flexibilidad&#8221; a Espa\u00f1a para seguir su propia ruta soberana de inversi\u00f3n.<\/p>\n<\/div>\n<div class=\"bbc-19j92fr ebmt73l0\" dir=\"ltr\">\n<p class=\"bbc-hhl7in e17g058b0\" dir=\"ltr\">Este choque llega en un momento delicado para S\u00e1nchez, quien se enfrenta en Espa\u00f1a a un grave caso de corrupci\u00f3n que afecta a varios altos cargos de su partido, y depende de una fr\u00e1gil coalici\u00f3n de formaciones pol\u00edticas muy diversas para mantenerse en el poder.<\/p>\n<p dir=\"ltr\">\n<\/div>\n<figure class=\"bbc-1qn0xuy\">\n<div class=\"bbc-18ywsw9\">\n<div style=\"width: 1080px\" class=\"wp-caption alignnone\"><img loading=\"lazy\" decoding=\"async\" class=\"bbc-139onq\" src=\"https:\/\/ichef.bbci.co.uk\/ace\/ws\/640\/cpsprodpb\/d310\/live\/84401b20-52d9-11f0-992b-ed5dd18d5c76.png.webp\" alt=\"S\u00e1nchez frente a los otros jefes de Estado de la OTAN.\" width=\"1070\" height=\"602\" \/><p class=\"wp-caption-text\">Fuente de la imagen,Reuters.\u00a0 S\u00e1nchez frente a los otros jefes de Estado de la OTAN.<\/p><\/div>\n<p class=\"bbc-by8ykd\" role=\"text\">\n<\/div>\n<\/figure>\n<div class=\"bbc-19j92fr ebmt73l0\" dir=\"ltr\">\n<p dir=\"ltr\">\n<p class=\"bbc-hhl7in e17g058b0\" dir=\"ltr\">El esc\u00e1ndalo de corrupci\u00f3n ha supuesto &#8220;un aut\u00e9ntico terremoto&#8221; para el gobierno y el Partido Socialista Obrero Espa\u00f1ol (PSOE) de S\u00e1nchez, &#8220;moviendo sus cimientos internos y dando cierta munici\u00f3n a la oposici\u00f3n&#8221;, asegura Paloma Piqueiras, investigadora de la Universidad Complutense de Madrid (UCM).<\/p>\n<\/div>\n<div class=\"bbc-19j92fr ebmt73l0\" dir=\"ltr\">\n<p class=\"bbc-hhl7in e17g058b0\" dir=\"ltr\">Entre los implicados est\u00e1 el exministro de Transportes socialista, Jos\u00e9 Luis \u00c1balos, y el hasta hace unos d\u00edas n\u00famero tres del PSOE, Santos Cerd\u00e1n, ambos hombres de confianza de S\u00e1nchez que presuntamente cobraron comisiones ilegales a cambo de adjudicaciones de obra p\u00fablica.<\/p>\n<\/div>\n<div class=\"bbc-19j92fr ebmt73l0\" dir=\"ltr\">\n<p class=\"bbc-hhl7in e17g058b0\" dir=\"ltr\">\u00bfEs ahora la\u00a0<a class=\"focusIndicatorReducedWidth bbc-n8oauk e1p3sufg0\" href=\"https:\/\/www.bbc.com\/mundo\/articles\/cz6g13dyxjxo\">pol\u00e9mica de la OTAN<\/a>\u00a0una nueva crisis para el presidente espa\u00f1ol?<\/p>\n<\/div>\n<div class=\"bbc-19j92fr ebmt73l0\" dir=\"ltr\">\n<p class=\"bbc-hhl7in e17g058b0\" dir=\"ltr\">Para las analistas consultadas por BBC Mundo, las consecuencias de ponerse en la mirilla de Trump est\u00e1n a\u00fan por verse. Pero detr\u00e1s de la pol\u00e9mica en La Haya, argumentan, tambi\u00e9n podr\u00eda haber un c\u00e1lculo pol\u00edtico interno y quiz\u00e1s una estrategia para intentar desviar la atenci\u00f3n del esc\u00e1ndalo de corrupci\u00f3n que sacude al gobierno.<\/p>\n<p dir=\"ltr\">\n<\/div>\n<figure class=\"bbc-1qn0xuy\">\n<div class=\"bbc-18ywsw9\">\n<div style=\"width: 6010px\" class=\"wp-caption alignnone\"><img loading=\"lazy\" decoding=\"async\" class=\"bbc-139onq\" src=\"https:\/\/ichef.bbci.co.uk\/ace\/ws\/640\/cpsprodpb\/5f03\/live\/1636d6a0-52bb-11f0-b4be-8f7caf53b80c.jpg.webp\" alt=\"Los l\u00edderes de la OTAN.\" width=\"6000\" height=\"4000\" \/><p class=\"wp-caption-text\">Fuente de la imagen,EPA. La foto de familia de los miembros de la OTAN, con Pedro S\u00e1nchez en el extremo derecho.<\/p><\/div>\n<p class=\"bbc-by8ykd\" role=\"text\">\n<\/div>\n<\/figure>\n<div class=\"bbc-19j92fr ebmt73l0\" dir=\"ltr\">\n<h2 id=\"Por-qu\u00e9-se-desmarc\u00f3-S\u00e1nchez\" class=\"bbc-1lgzob2 eglt09e0\" tabindex=\"-1\">Por qu\u00e9 se desmarc\u00f3 S\u00e1nchez<\/h2>\n<\/div>\n<div class=\"bbc-19j92fr ebmt73l0\" dir=\"ltr\">\n<p class=\"bbc-hhl7in e17g058b0\" dir=\"ltr\">En una carta al secretario general de la OTAN, S\u00e1nchez aleg\u00f3 que &#8220;para Espa\u00f1a, comprometerse a un objetivo del 5% no solo ser\u00eda irrazonable, sino tambi\u00e9n contraproducente&#8221; y que, adem\u00e1s, resultar\u00eda, &#8220;incompatible con nuestro Estado de bienestar y nuestra visi\u00f3n del mundo&#8221;.<\/p>\n<\/div>\n<div class=\"bbc-19j92fr ebmt73l0\" dir=\"ltr\">\n<p class=\"bbc-hhl7in e17g058b0\" dir=\"ltr\">Espa\u00f1a invierte actualmente el 1,28% de su PIB en Defensa, y Pedro S\u00e1nchez se ha comprometido a aumentar este gasto hasta el 2,1%, lo que supone un gasto de unos 10.000 millones de euros adicionales (unos US$11.700 millones).<\/p>\n<\/div>\n<div class=\"bbc-19j92fr ebmt73l0\" dir=\"ltr\">\n<p class=\"bbc-hhl7in e17g058b0\" dir=\"ltr\">Para poner todas estas cifras en contexto, Espa\u00f1a invierte en Educaci\u00f3n algo m\u00e1s del 4% del PIB y en Sanidad el 7%.<\/p>\n<\/div>\n<div class=\"bbc-19j92fr ebmt73l0\" dir=\"ltr\">\n<p class=\"bbc-hhl7in e17g058b0\" dir=\"ltr\">&#8220;Aumentar el gasto en Defensa hasta el 5% querr\u00eda decir que Espa\u00f1a se comprometer\u00eda a meterle m\u00e1s millones a la Defensa que a la Educaci\u00f3n, adem\u00e1s de una segura subida de impuestos y recortes en cuestiones sociales como sanidad, pensiones o desempleo\u2026 Un gobierno que se ha posicionado como progresista y protector de los derechos de los m\u00e1s desfavorecidos, no podr\u00eda permitirse esto&#8221;, argumenta Paloma Piqueiras.<\/p>\n<\/div>\n<div class=\"bbc-19j92fr ebmt73l0\" dir=\"ltr\">\n<p class=\"bbc-hhl7in e17g058b0\" dir=\"ltr\">En cualquier caso, aunque S\u00e1nchez quisiera aceptar ese aumento del gasto, tampoco podr\u00eda hacerlo, porque no tiene el apoyo de sus socios de gobierno, la coalici\u00f3n de izquierdas Sumar.<\/p>\n<\/div>\n<div class=\"bbc-19j92fr ebmt73l0\" dir=\"ltr\">\n<p class=\"bbc-hhl7in e17g058b0\" dir=\"ltr\">Algunos de los integrantes de esta coalici\u00f3n, como Izquierda Unida, hab\u00edan amenazado con salir del gobierno si se aprobaba un mayor gasto militar, poniendo en peligro la supervivencia del Ejecutivo.<\/p>\n<\/div>\n<div class=\"bbc-19j92fr ebmt73l0\" dir=\"ltr\">\n<p class=\"bbc-hhl7in e17g058b0\" dir=\"ltr\">Para Marta Garc\u00eda Aller, columnista de pol\u00edtica de el diario El Confidencial, &#8220;es una estrategia bastante audaz el plantearlo como que no lo hace por principios cuando, en realidad, no tiene mayor\u00eda en el Parlamento para aprobar los presupuestos generales de Estado (que se vienen prorrogando desde 2023) y sus socios de gobierno no apoyar\u00edan nunca un aumento mayor del gasto militar&#8221;.<\/p>\n<\/div>\n<div class=\"bbc-19j92fr ebmt73l0\" dir=\"ltr\">\n<p class=\"bbc-hhl7in e17g058b0\" dir=\"ltr\">Pese a todo esto, S\u00e1nchez firm\u00f3 en La Haya el acuerdo de la OTAN en el que los miembros de la organizaci\u00f3n se compromet\u00edan a aumentar el gasto en Defensa hasta el 5%, por lo que lo que, para Garc\u00eda Aller, &#8220;hay aqu\u00ed una peque\u00f1a teatralizaci\u00f3n que est\u00e1 por ver qu\u00e9 costes tiene para Espa\u00f1a&#8221;.<\/p>\n<p dir=\"ltr\">\n<\/div>\n<figure class=\"bbc-1qn0xuy\">\n<div class=\"bbc-18ywsw9\">\n<div style=\"width: 1034px\" class=\"wp-caption alignnone\"><img loading=\"lazy\" decoding=\"async\" class=\"bbc-139onq\" src=\"https:\/\/ichef.bbci.co.uk\/ace\/ws\/640\/cpsprodpb\/b17a\/live\/e6ccaa60-52bb-11f0-b4be-8f7caf53b80c.jpg.webp\" alt=\"Donald Trump.\" width=\"1024\" height=\"683\" \/><p class=\"wp-caption-text\">Fuente de la imagen,Jakub Porzycki\/NurPhoto via Getty Images. Trump\u00a0amenaz\u00f3 a Espa\u00f1a con represalias comerciales por negarse a aumentar su gasto en Defensa.<\/p><\/div>\n<p class=\"bbc-by8ykd\" role=\"text\">\n<\/div>\n<\/figure>\n<div class=\"bbc-19j92fr ebmt73l0\" dir=\"ltr\">\n<h2 id=\"Desv\u00edo-de-la-atenci\u00f3n\" class=\"bbc-1lgzob2 eglt09e0\" tabindex=\"-1\">\u00bfDesv\u00edo de la atenci\u00f3n?<\/h2>\n<\/div>\n<div class=\"bbc-19j92fr ebmt73l0\" dir=\"ltr\">\n<p class=\"bbc-hhl7in e17g058b0\" dir=\"ltr\">S\u00e1nchez &#8220;siempre se ha desenvuelto muy bien en el escenario internacional, donde sabe jugar sus cartas&#8221;, analiza Ana Salazar, polit\u00f3loga y directora de la consultora Idus3 Estrategia.<\/p>\n<\/div>\n<div class=\"bbc-19j92fr ebmt73l0\" dir=\"ltr\">\n<p class=\"bbc-hhl7in e17g058b0\" dir=\"ltr\">&#8220;\u00bfY qu\u00e9 mejor manera de redirigir el foco de atenci\u00f3n de sus problemas internos que generando un conflicto con Donald Trump?&#8221;, plantea Salazar.<\/p>\n<\/div>\n<div class=\"bbc-19j92fr ebmt73l0\" dir=\"ltr\">\n<p class=\"bbc-hhl7in e17g058b0\" dir=\"ltr\">S\u00e1nchez, el primer presidente de gobierno espa\u00f1ol que habla ingl\u00e9s con fluidez, suele manejarse con maestr\u00eda en los foros internacionales, charlando con otros l\u00edderes y departiendo sonrisas y apretones de manos a partes iguales.<\/p>\n<\/div>\n<div class=\"bbc-19j92fr ebmt73l0\" dir=\"ltr\">\n<p class=\"bbc-hhl7in e17g058b0\" dir=\"ltr\">Esta semana en La Haya, sin embargo, lleg\u00f3 con el semblante serio, apenas salud\u00f3 a nadie y ocup\u00f3 r\u00e1pido su asiento antes de que llegara Trump, con el que no habl\u00f3.<\/p>\n<\/div>\n<div class=\"bbc-19j92fr ebmt73l0\" dir=\"ltr\">\n<p class=\"bbc-hhl7in e17g058b0\" dir=\"ltr\">Seg\u00fan dijo S\u00e1nchez en rueda de prensa, no tuvo un encuentro directo con el presidente estadounidense por &#8220;casualidad&#8221;. &#8220;No he tenido ocasi\u00f3n de poder saludarle ni de poder intercambiar palabras con \u00e9l&#8221;, explic\u00f3.<\/p>\n<\/div>\n<div class=\"bbc-19j92fr ebmt73l0\" dir=\"ltr\">\n<p class=\"bbc-hhl7in e17g058b0\" dir=\"ltr\">Pero en opini\u00f3n de Piqueiras, S\u00e1nchez escenific\u00f3 en la cumbre de la OTAN &#8220;una soledad escogida, no impuesta&#8221;.<\/p>\n<\/div>\n<div class=\"bbc-19j92fr ebmt73l0\" dir=\"ltr\">\n<p class=\"bbc-hhl7in e17g058b0\" dir=\"ltr\">&#8220;No lo est\u00e1n aislando. Es \u00e9l el que pone unas barreras, y esta escenificaci\u00f3n es coherente con la narrativa que lleva poniendo en marcha el gobierno estas semanas, que dice que Espa\u00f1a no se pliega a las exigencias de Estados Unidos y que lo hace para salvaguardar el Estado del bienestar&#8221;.<\/p>\n<\/div>\n<div class=\"bbc-19j92fr ebmt73l0\" dir=\"ltr\">\n<p class=\"bbc-hhl7in e17g058b0\" dir=\"ltr\">Esta ha sido su s\u00e9ptima cumbre de la OTAN &#8220;y la primera en la que se separa del resto en la foto y no se preocupa de estar en el centro de la socializaci\u00f3n&#8221;, a\u00f1ade Marta Garc\u00eda Aller.<\/p>\n<\/div>\n<div class=\"bbc-19j92fr ebmt73l0\" dir=\"ltr\">\n<p class=\"bbc-hhl7in e17g058b0\" dir=\"ltr\">La periodista considera que este comportamiento &#8220;tiene mucho que ver con la pol\u00e9mica interna y con los casos de corrupci\u00f3n&#8221; que afectan a su entorno.<\/p>\n<p dir=\"ltr\">\n<\/div>\n<figure class=\"bbc-1qn0xuy\">\n<div class=\"bbc-18ywsw9\">\n<div style=\"width: 6250px\" class=\"wp-caption alignnone\"><img loading=\"lazy\" decoding=\"async\" class=\"bbc-139onq\" src=\"https:\/\/ichef.bbci.co.uk\/ace\/ws\/640\/cpsprodpb\/a5a3\/live\/b3175c60-52bb-11f0-a2ff-17a82c2e8bc4.jpg.webp\" alt=\"Militares espa\u00f1oles en una brigada de la OTAN.\" width=\"6240\" height=\"4160\" \/><p class=\"wp-caption-text\">Fuente de la imagen,EPA.\u00a0 Militares espa\u00f1oles en una brigada de la OTAN.<\/p><\/div>\n<p class=\"bbc-by8ykd\" role=\"text\">\n<\/div>\n<\/figure>\n<div class=\"bbc-19j92fr ebmt73l0\" dir=\"ltr\">\n<p dir=\"ltr\">\n<p class=\"bbc-hhl7in e17g058b0\" dir=\"ltr\">Quisiera o no desviar la atenci\u00f3n de los problemas que sacuden a su partido, el enfrentamiento con Trump le ha dado a S\u00e1nchez la oportunidad de mostrar una cierta imagen ante el mundo.<\/p>\n<\/div>\n<div class=\"bbc-19j92fr ebmt73l0\" dir=\"ltr\">\n<p class=\"bbc-hhl7in e17g058b0\" dir=\"ltr\">&#8220;S\u00e1nchez, en un momento de debilidad interna y de p\u00e9rdida de credibilidad, vio el momento y aprovech\u00f3 el escenario de la OTAN, con las miradas de todo el mundo, para posicionarse como una figura que planta cara a Trump y para mostrarse dentro de la Uni\u00f3n Europea como un l\u00edder progresista&#8221;, asegura a BBC Mundo Ainara Villa\u00f1o, polit\u00f3loga y analista de opini\u00f3n p\u00fablica en la consultora Silv\u00e1n&amp;Miracle.<\/p>\n<\/div>\n<div class=\"bbc-19j92fr ebmt73l0\" dir=\"ltr\">\n<p class=\"bbc-hhl7in e17g058b0\" dir=\"ltr\">El mandatario es consciente de que Trump es una figura que despierta un gran rechazo en Espa\u00f1a, no solo entre los votantes progresistas, sino tambi\u00e9n entre muchos en la derecha, argumenta Villa\u00f1o.<\/p>\n<\/div>\n<div class=\"bbc-19j92fr ebmt73l0\" dir=\"ltr\">\n<p class=\"bbc-hhl7in e17g058b0\" dir=\"ltr\">Como describe Ana Salazar, &#8220;cuando vemos a S\u00e1nchez enfrent\u00e1ndose a Trump, aumenta la \u00e9pica, pensamos que tiene valor, coraje, alimenta el relato de la persona que es capaz de enfrentarse, entre comillas, al villano, o al menos es as\u00ed como lo ve su electorado y sus socios&#8221;.<\/p>\n<\/div>\n<div class=\"bbc-19j92fr ebmt73l0\" dir=\"ltr\">\n<p class=\"bbc-hhl7in e17g058b0\" dir=\"ltr\">Pero, en el fondo, se\u00f1ala la polit\u00f3loga, &#8220;se trata de un conflicto controlado, ya que Espa\u00f1a firm\u00f3 el acuerdo, aunque no conocemos cu\u00e1les son los detalles del mismo, ya que no se pueden hacer todos p\u00fablicos al tratarse de temas sensibles de defensa y seguridad&#8221;.<\/p>\n<\/div>\n<div class=\"bbc-19j92fr ebmt73l0\" dir=\"ltr\">\n<h2 id=\"Los-riesgos-para-S\u00e1nchez\" class=\"bbc-1lgzob2 eglt09e0\" tabindex=\"-1\">Los riesgos para S\u00e1nchez<\/h2>\n<\/div>\n<div class=\"bbc-19j92fr ebmt73l0\" dir=\"ltr\">\n<p class=\"bbc-hhl7in e17g058b0\" dir=\"ltr\">Trump asegur\u00f3 en La Haya que Espa\u00f1a pagar\u00eda cara su falta de compromiso.<\/p>\n<\/div>\n<div class=\"bbc-19j92fr ebmt73l0\" dir=\"ltr\">\n<p class=\"bbc-hhl7in e17g058b0\" dir=\"ltr\">&#8220;Estamos negociando un acuerdo comercial con Espa\u00f1a. Les vamos a hacer pagar el doble. Y lo digo en serio&#8221;, proclam\u00f3.<\/p>\n<\/div>\n<div class=\"bbc-19j92fr ebmt73l0\" dir=\"ltr\">\n<p class=\"bbc-hhl7in e17g058b0\" dir=\"ltr\">Y agreg\u00f3: &#8220;Voy a negociar directamente con Espa\u00f1a. Lo voy a hacer yo mismo (\u2026) Pagar\u00e1n m\u00e1s as\u00ed&#8221;.<\/p>\n<\/div>\n<div class=\"bbc-19j92fr ebmt73l0\" dir=\"ltr\">\n<p class=\"bbc-hhl7in e17g058b0\" dir=\"ltr\">Pero no est\u00e1 claro qu\u00e9 puede significar eso.<\/p>\n<\/div>\n<div class=\"bbc-19j92fr ebmt73l0\" dir=\"ltr\">\n<p class=\"bbc-hhl7in e17g058b0\" dir=\"ltr\">El comercio exterior de Espa\u00f1a se gestiona en el marco de la Uni\u00f3n Europea (UE), por lo que Trump no podr\u00eda imponer aranceles a Madrid sin que recayeran en los veintisiete pa\u00edses.<\/p>\n<\/div>\n<div class=\"bbc-19j92fr ebmt73l0\" dir=\"ltr\">\n<p class=\"bbc-hhl7in e17g058b0\" dir=\"ltr\">La UE es uno de los socios comerciales que est\u00e1 negociando acuerdos con el gobierno de Estados Unidos antes de que el 9 de julio entre en vigor un aumento generalizado de aranceles.<\/p>\n<\/div>\n<div class=\"bbc-19j92fr ebmt73l0\" dir=\"ltr\">\n<p class=\"bbc-hhl7in e17g058b0\" dir=\"ltr\">Los 27 Estados miembro no negocian de forma individual los acuerdos comerciales, que est\u00e1n a cargo de la Comisi\u00f3n Europea, el brazo ejecutivo de la UE.<\/p>\n<\/div>\n<div class=\"bbc-19j92fr ebmt73l0\" dir=\"ltr\">\n<p class=\"bbc-hhl7in e17g058b0\" dir=\"ltr\">&#8220;Quiz\u00e1s podr\u00edan intentar poner aranceles a alg\u00fan producto concreto espa\u00f1ol, como ya hizo Trump antes con el champ\u00e1n franc\u00e9s&#8221;, se\u00f1ala Marta Garc\u00eda Aller.<\/p>\n<p dir=\"ltr\">\n<\/div>\n<figure class=\"bbc-1qn0xuy\">\n<div class=\"bbc-18ywsw9\">\n<div style=\"width: 1034px\" class=\"wp-caption alignnone\"><img loading=\"lazy\" decoding=\"async\" class=\"bbc-139onq\" src=\"https:\/\/ichef.bbci.co.uk\/ace\/ws\/640\/cpsprodpb\/dfdb\/live\/e22181c0-52cf-11f0-a2ff-17a82c2e8bc4.jpg.webp\" alt=\"Pedro S\u00e1nchez\" width=\"1024\" height=\"648\" \/><p class=\"wp-caption-text\">Fuente de la imagen,Getty Images.\u00a0 S\u00e1nchez se disculp\u00f3 antes los espa\u00f1oles hace unos d\u00edas por el caso de corrupci\u00f3n que afecta a uno de sus m\u00e1s estrechos colaboradores.<\/p><\/div>\n<p class=\"bbc-by8ykd\" role=\"text\">\n<\/div>\n<\/figure>\n<div class=\"bbc-19j92fr ebmt73l0\" dir=\"ltr\">\n<p dir=\"ltr\">\n<p class=\"bbc-hhl7in e17g058b0\" dir=\"ltr\">M\u00e1s riesgos asume S\u00e1nchez con los casos de corrupci\u00f3n que sacuden a su partido.<\/p>\n<\/div>\n<div class=\"bbc-19j92fr ebmt73l0\" dir=\"ltr\">\n<p class=\"bbc-hhl7in e17g058b0\" dir=\"ltr\">El l\u00edder socialista lleg\u00f3 a la presidencia del gobierno en 2018 tras una moci\u00f3n de censura contra el anterior gobierno, que estaba encabezado por el conservador Mariano Rajoy y que se hab\u00eda visto lastrado por un esc\u00e1ndalo de corrupci\u00f3n por el que fueron condenados varios miembros del Partido Popular.<\/p>\n<\/div>\n<div class=\"bbc-19j92fr ebmt73l0\" dir=\"ltr\">\n<p class=\"bbc-hhl7in e17g058b0\" dir=\"ltr\">Pero esa corrupci\u00f3n que vino a limpiar S\u00e1nchez parece afectar ahora a personas que han ocupado puestos de mucha responsabilidad en su partido y en su gobierno.<\/p>\n<\/div>\n<div class=\"bbc-19j92fr ebmt73l0\" dir=\"ltr\">\n<p class=\"bbc-hhl7in e17g058b0\" dir=\"ltr\">El presidente ha dicho que investigar\u00e1 a fondo la corrupci\u00f3n y negocia con sus socios medidas anticorrupci\u00f3n m\u00e1s contundentes que, dice, se presentar\u00e1n en las pr\u00f3ximas semanas.<\/p>\n<\/div>\n<div class=\"bbc-19j92fr ebmt73l0\" dir=\"ltr\">\n<p class=\"bbc-hhl7in e17g058b0\" dir=\"ltr\">Pero sus socios &#8220;est\u00e1n en una posici\u00f3n delicada y se muestran muy desconfiados&#8221;, se\u00f1ala Ainara Villa\u00f1o, ya que tienen que hacer equilibrios entre seguir apoyando al gobierno o dejarlo caer.<\/p>\n<\/div>\n<div class=\"bbc-19j92fr ebmt73l0\" dir=\"ltr\">\n<p class=\"bbc-hhl7in e17g058b0\" dir=\"ltr\">Y ninguno de esos socios &#8220;quiere verse en el escenario de que, por su falta de apoyo, vayamos a unas elecciones y que en esas elecciones el escenario m\u00e1s probable sea que termine gobernando la derecha con la extrema derecha&#8221;, se\u00f1ala la analista de opini\u00f3n p\u00fablica.<\/p>\n<\/div>\n<div class=\"bbc-19j92fr ebmt73l0\" dir=\"ltr\">\n<p class=\"bbc-hhl7in e17g058b0\" dir=\"ltr\">La situaci\u00f3n de S\u00e1nchez y su gobierno es fr\u00e1gil, pero el mandatario siempre se ha preciado de crecerse en los momentos dif\u00edciles. Su biograf\u00eda, publicada en 2019, se titula, de hecho, &#8220;Manual de resistencia&#8221;.<\/p>\n<\/div>\n<div class=\"bbc-19j92fr ebmt73l0\" dir=\"ltr\">\n<p class=\"bbc-hhl7in e17g058b0\" dir=\"ltr\">&#8220;Siempre ha logrado sacar algo de la chistera [sombrero] que lo ha mantenido a flote&#8221;, se\u00f1ala Paloma Piqueiras.<\/p>\n<\/div>\n<div class=\"bbc-19j92fr ebmt73l0\" dir=\"ltr\">\n<p class=\"bbc-hhl7in e17g058b0\" dir=\"ltr\">&#8220;Pero en este caso se trata de una crisis que nace en el seno del gobierno y en la que no puedes mirar hacia otro lado porque no hay otros actores implicados. El problema lo tienes dentro, en el seno del partido. No s\u00e9 si para eso hay conejos en la chistera&#8221;, se\u00f1ala la investigadora de la UCM.<\/p>\n<\/div>\n<div class=\"bbc-19j92fr ebmt73l0\" dir=\"ltr\">\n<p class=\"bbc-hhl7in e17g058b0\" dir=\"ltr\">S\u00e1nchez, recuerda Ana Salazar, &#8220;es jugador de baloncesto y cada vez que ha tenido un problema se ha movido en los par\u00e1metros de este juego: cojo el bal\u00f3n y lo lanzo. Siempre al corto plazo, y siempre pide tiempo muerto&#8221;.<\/p>\n<\/div>\n<div class=\"bbc-19j92fr ebmt73l0\" dir=\"ltr\">\n<p class=\"bbc-hhl7in e17g058b0\" dir=\"ltr\">Y escenarios internacionales como el de la OTAN, argumenta Salazar, &#8220;S\u00e1nchez los utiliza a modo de tiempo muerto para poder coger empuje, redimensionar y ver cu\u00e1l va a ser su siguiente jugada&#8221;.<\/p>\n<\/div>\n","protected":false},"excerpt":{"rendered":"<p>&nbsp; &nbsp; Dif\u00edcilmente podr\u00eda una imagen recoger mejor el esp\u00edritu de lo que se vivi\u00f3 en la cumbre de la OTAN en La Haya que&hellip;<\/p>\n","protected":false},"author":99,"featured_media":533509,"comment_status":"open","ping_status":"open","sticky":false,"template":"","format":"standard","meta":{"footnotes":""},"categories":[24],"tags":[],"class_list":["post-533508","post","type-post","status-publish","format-standard","has-post-thumbnail","hentry","category-mundo"],"_links":{"self":[{"href":"https:\/\/diarioelpopular.com\/index.php\/wp-json\/wp\/v2\/posts\/533508","targetHints":{"allow":["GET"]}}],"collection":[{"href":"https:\/\/diarioelpopular.com\/index.php\/wp-json\/wp\/v2\/posts"}],"about":[{"href":"https:\/\/diarioelpopular.com\/index.php\/wp-json\/wp\/v2\/types\/post"}],"author":[{"embeddable":true,"href":"https:\/\/diarioelpopular.com\/index.php\/wp-json\/wp\/v2\/users\/99"}],"replies":[{"embeddable":true,"href":"https:\/\/diarioelpopular.com\/index.php\/wp-json\/wp\/v2\/comments?post=533508"}],"version-history":[{"count":1,"href":"https:\/\/diarioelpopular.com\/index.php\/wp-json\/wp\/v2\/posts\/533508\/revisions"}],"predecessor-version":[{"id":533510,"href":"https:\/\/diarioelpopular.com\/index.php\/wp-json\/wp\/v2\/posts\/533508\/revisions\/533510"}],"wp:featuredmedia":[{"embeddable":true,"href":"https:\/\/diarioelpopular.com\/index.php\/wp-json\/wp\/v2\/media\/533509"}],"wp:attachment":[{"href":"https:\/\/diarioelpopular.com\/index.php\/wp-json\/wp\/v2\/media?parent=533508"}],"wp:term":[{"taxonomy":"category","embeddable":true,"href":"https:\/\/diarioelpopular.com\/index.php\/wp-json\/wp\/v2\/categories?post=533508"},{"taxonomy":"post_tag","embeddable":true,"href":"https:\/\/diarioelpopular.com\/index.php\/wp-json\/wp\/v2\/tags?post=533508"}],"curies":[{"name":"wp","href":"https:\/\/api.w.org\/{rel}","templated":true}]}}