{"id":5336,"date":"2011-07-19T20:18:42","date_gmt":"2011-07-20T00:18:42","guid":{"rendered":"http:\/\/retrolab.ca\/elpopular\/?p=5336"},"modified":"2011-07-19T20:18:42","modified_gmt":"2011-07-20T00:18:42","slug":"contador-agita-el-tour-a-las-puertas-de-los-alpes","status":"publish","type":"post","link":"https:\/\/diarioelpopular.com\/index.php\/2011\/07\/19\/contador-agita-el-tour-a-las-puertas-de-los-alpes\/","title":{"rendered":"Contador agita el Tour a las puertas de los Alpes"},"content":{"rendered":"<div id=\"attachment_5340\" style=\"width: 710px\" class=\"wp-caption aligncenter\"><a href=\"http:\/\/retrolab.ca\/elpopular\/wp-content\/uploads\/2011\/07\/ETAPA-16-DEL-TOUR-DE-FRANCIA.jpg\"><img loading=\"lazy\" decoding=\"async\" aria-describedby=\"caption-attachment-5340\" class=\"size-full wp-image-5340\" title=\"ETAPA 16 DEL TOUR DE FRANCIA\" src=\"http:\/\/retrolab.ca\/elpopular\/wp-content\/uploads\/2011\/07\/ETAPA-16-DEL-TOUR-DE-FRANCIA.jpg\" alt=\"\" width=\"700\" height=\"420\" \/><\/a><p id=\"caption-attachment-5340\" class=\"wp-caption-text\">El corredor espa\u00f1ol de Saxo Bank Sungard, Alberto Contador, junto a su compatriota de Euskatel-Euskadi, Samu\u00e9l S\u00e1nchez, el australiano de BMC, Cadel Evan y el luxemburgu\u00e9s del Leopard-Trek, Frank Schleck, durante la etapa 16 del Tour, entre Saint-Paul-Trois-Chateaux y Gap.  Foto: Nicolas Bouvy \/ Efe<\/p><\/div>\n<p><em>Carlos de Torres. Gap (Francia).-<\/em> Alberto Contador alz\u00f3 la voz a las puertas de los Alpes con dos ataques en el \u00fanico puerto de la decimosexta etapa, a 11 kil\u00f3metros de meta, que sirvi\u00f3 para reducir diferencias con sus rivales, a excepci\u00f3n del australiano Cadel Evans, el \u00fanico que se rebel\u00f3 en una etapa que se adjudic\u00f3 el noruego Thor Hushovd (Garmin Cervelo).<\/p>\n<p>La decimosexta jornada del\u00a0Tour, con un recorrido de 162 kil\u00f3metros entre Saint Paul Trois Ch\u00e2teaux y Gap, volvi\u00f3 a encumbrar a Thor Hushovd, campe\u00f3n mundial, que firm\u00f3 su segunda etapa en un esprint entre tres por delante de su compatriota Edvald Boasson Hagen (SKY) y del canadiense Ryder Hesjedal (Garmin), componentes de la fuga que se fragu\u00f3 en el kil\u00f3metro 70.<\/p>\n<p>Por detr\u00e1s la carrera llegaba rota. Alberto Contador revent\u00f3 el grupo de favoritos en el ascenso del Col de Manse (2a), a 11 de meta, con un ataque a 3,5 kil\u00f3metros de la cima que tuvo continuidad en un ritmo elevado, que hizo da\u00f1o entre muchos de sus enemigos.<\/p>\n<p>El triple vencedor del\u00a0Tour, obligado a la estrategia ofensiva para compensar su retraso en la clasificaci\u00f3n, estaba loco por atacar y en la primera e inesperada oportunidad no par\u00f3 hasta descolgar a los hermanos Schleck e Ivan Basso.<\/p>\n<p>S\u00f3lo se resistieron Evans y Samuel S\u00e1nchez, con quien habl\u00f3 Contador para colaborar en la estrategia que consist\u00eda en coronar el puerto (lo hicieron con 20 segundos sobre el resto de favoritos) y tirar a bloque hasta Gap, sobre una carretera mojada y peligrosa. Objetivo, empezar a limar tiempo. Y mandar un mensaje de supervivencia.<\/p>\n<p>Contador cumpli\u00f3 con el objetivo y Evans demostr\u00f3 que est\u00e1 plet\u00f3rico de forma y que es el rival a batir. El corredor del BMC fue el m\u00e1s valiente en el descenso y se distanci\u00f3 del d\u00fao espa\u00f1ol. Ara\u00f1\u00f3 tres segundos. Otro aviso.<\/p>\n<p>A 18 segundos del madrile\u00f1o pasaron el franc\u00e9s Voeckler, que aguant\u00f3 un d\u00eda m\u00e1s el maillot amarillo, y Frank Schleck, m\u00e1s fuerte que su hermano Andy, el gran perjudicado, con un retraso de 1.06 minutos.<\/p>\n<p>&#8220;Estoy contento con el resultado porque las diferencias son mayores de las esperadas. Hoy pensaba atacar y prob\u00e9 por si alguno fallaba. Una pena que Samuel estuviera justo de fuerzas porque si no la ventaja hubiera sido mayor&#8221;, explic\u00f3 Contador.<\/p>\n<p>No hizo falta llegar a los Alpes ni a las citas claves del Galibier y Alpe D&#8217;Huez. Las etapas llamadas de transici\u00f3n a veces van cargadas con dinamita. Si no son las ca\u00eddas las que hacen diferencias, son ataques inesperados como el de Contador en el Col de Manse. La etapa marchaba tranquila y bajo gui\u00f3n. Pocos esperaban ver en acci\u00f3n al vencedor del Giro.<\/p>\n<p>En el puerto, de 9,5 kil\u00f3metros al 5,6 por ciento de desnivel todo vol\u00f3 por los aires. En la lucha por la etapa segu\u00eda vigente la fuga. El canadiense Ryder Hesjedal coron\u00f3 en solitario, perseguido por Hushovd, transformado en un solvente &#8220;escalador&#8221; y Boasson Hagen, dos noruegos que enlazaron en el descenso.<\/p>\n<p>Fue el maillot arco iris quien impuso su fuerza en la recta de meta, sin apenas respuesta. Mientras Hushovd festejaba su d\u00e9cima victoria de etapa en elTour\u00a0de Francia, tres corredores, Evans, Contador y Samuel S\u00e1nchez volaban en la bajada para causar los mayores destrozos posibles.<\/p>\n<p>Era la etapa que discute el podio de Par\u00eds, la que estaba dejando al descubierto las miserias de Andy Schleck y del italiano Ivan Basso, que tambi\u00e9n se dej\u00f3 tiempo, 51 segundos.<\/p>\n<p>Voeckler volvi\u00f3 a sufrir y luchar como un tit\u00e1n. Se ha pegado como una lapa al jersey amarillo, aunque ni \u00e9l mismo crea en sus posibilidades. Evans pas\u00f3 al segundo puesto a 1.45 minutos del l\u00edder y Frank Schleck baja al tercero a 1.49.<\/p>\n<p>El primer espa\u00f1ol es Samuel S\u00e1nchez, quinto, y le sigue Contador, que desde ahora hace nuevas cuentas. Est\u00e1 a 3.42 del l\u00edder, 1.57 de Evans, 2.01 de Frank Schlek y a solo 39 segundos de Andy Schleck, quien rest\u00f3 importancia al tropiezo sufrido. &#8220;Esto no cambia los planes, porque ya sab\u00edamos que tenemos que atacar en los Alpes&#8221;.<\/p>\n<p>Contador present\u00f3 credenciales al pie de los Alpes. Sin referencias de su dolorida rodilla, logr\u00f3 una victoria moral que le impulsa en las apuestas. El Galibier y el Alpe D&#8217;Huez esperan noticias.<\/p>\n<p>La decimos\u00e9ptima etapa se disputa entre Gap y Pinerolo (Italia), de 179 kil\u00f3metros, primera jornada de los Alpes, con cinco puertos, el \u00faltimo de ellos, de segunda, cerca de meta.<\/p>\n","protected":false},"excerpt":{"rendered":"<p>El espa\u00f1ol Alberto Contador alz\u00f3 la voz a las puertas de los Alpes con dos ataques en el \u00fanico puerto de la decimosexta etapa del Tour, que sirvi\u00f3 para reducir diferencias con sus rivales, a excepci\u00f3n del australiano Cadel Evans, \u00fanico que se rebel\u00f3 en una etapa que se adjudic\u00f3 el noruego Thor Hushovd.<\/p>\n","protected":false},"author":1,"featured_media":5340,"comment_status":"closed","ping_status":"open","sticky":false,"template":"","format":"standard","meta":{"footnotes":""},"categories":[28],"tags":[1479,6851,1215,1481],"class_list":["post-5336","post","type-post","status-publish","format-standard","has-post-thumbnail","hentry","category-deportes","tag-alberto-contador","tag-alpes","tag-ciclismo","tag-tour"],"_links":{"self":[{"href":"https:\/\/diarioelpopular.com\/index.php\/wp-json\/wp\/v2\/posts\/5336","targetHints":{"allow":["GET"]}}],"collection":[{"href":"https:\/\/diarioelpopular.com\/index.php\/wp-json\/wp\/v2\/posts"}],"about":[{"href":"https:\/\/diarioelpopular.com\/index.php\/wp-json\/wp\/v2\/types\/post"}],"author":[{"embeddable":true,"href":"https:\/\/diarioelpopular.com\/index.php\/wp-json\/wp\/v2\/users\/1"}],"replies":[{"embeddable":true,"href":"https:\/\/diarioelpopular.com\/index.php\/wp-json\/wp\/v2\/comments?post=5336"}],"version-history":[{"count":0,"href":"https:\/\/diarioelpopular.com\/index.php\/wp-json\/wp\/v2\/posts\/5336\/revisions"}],"wp:featuredmedia":[{"embeddable":true,"href":"https:\/\/diarioelpopular.com\/index.php\/wp-json\/"}],"wp:attachment":[{"href":"https:\/\/diarioelpopular.com\/index.php\/wp-json\/wp\/v2\/media?parent=5336"}],"wp:term":[{"taxonomy":"category","embeddable":true,"href":"https:\/\/diarioelpopular.com\/index.php\/wp-json\/wp\/v2\/categories?post=5336"},{"taxonomy":"post_tag","embeddable":true,"href":"https:\/\/diarioelpopular.com\/index.php\/wp-json\/wp\/v2\/tags?post=5336"}],"curies":[{"name":"wp","href":"https:\/\/api.w.org\/{rel}","templated":true}]}}