{"id":533604,"date":"2025-07-01T11:22:56","date_gmt":"2025-07-01T15:22:56","guid":{"rendered":"https:\/\/diarioelpopular.com\/?p=533604"},"modified":"2025-07-01T11:22:56","modified_gmt":"2025-07-01T15:22:56","slug":"nuestra-pequena-isla-machias-seal","status":"publish","type":"post","link":"https:\/\/diarioelpopular.com\/index.php\/2025\/07\/01\/nuestra-pequena-isla-machias-seal\/","title":{"rendered":"Nuestra Peque\u00f1a Isla Machias Seal\u00a0"},"content":{"rendered":"<p class=\"p1\">\n<p class=\"p1\"><em><strong>Por: Luc\u00eda P. de Garc\u00eda<\/strong><\/em><\/p>\n<p class=\"p1\"><em><strong>Toronto.-<\/strong><\/em> Esta bella isla de apenas 8 hect\u00e1reas de extensi\u00f3n, ubicada en el oc\u00e9ano Atl\u00e1ntico, en el centro de las Provincias Mar\u00edtimas, en la provincia canadiense de New Brunswick y el condado estadounidense de Maine, alberga en su interior una porci\u00f3n<span class=\"Apple-converted-space\">\u00a0 <\/span>de la l\u00ednea imaginaria que limita los territorios de Canad\u00e1 y Estados Unidos.<\/p>\n<p class=\"p1\">Conocida como \u201cLa frontera no defendida m\u00e1s larga del mundo\u201d, esta l\u00ednea se extiende a lo largo del paralelo 49 con una longitud de 8.891 km., los mismos que comprenden las respectivas secciones de los oc\u00e9anos \u00c1rtico, Atl\u00e1ntico y Pac\u00edfico, y los Grandes Lagos Superior, Michigan, Hur\u00f3n, Erie y Ontario.<\/p>\n<p class=\"p1\">El l\u00edmite territorial fue establecido cuando Gran Breta\u00f1a y las Trece Colonias estadounidenses firmaron el Tratado de Par\u00eds el 3 de septiembre de 1783, tras lo cual termin\u00f3 la Guerra de la Independencia de Estados Unidos.<span class=\"Apple-converted-space\">\u00a0<\/span><\/p>\n<p class=\"p1\">Canad\u00e1 por su parte, se gest\u00f3 como pa\u00eds durante los di\u00e1logos que entablaron entre 1864 y 1867 los 36 delegados de los gobiernos de las colonias de la entonces Norteam\u00e9rica Brit\u00e1nica. Ellos planificaron crear una Federaci\u00f3n poderosa, que permita frenar los anhelos expansionistas del vecino del sur.<span class=\"Apple-converted-space\">\u00a0<\/span><\/p>\n<p class=\"p1\">Gran Breta\u00f1a vio en esos intentos una soluci\u00f3n a la carga econ\u00f3mica y militar que significaban aquellos lejanos territorios canadienses, de manera que la Reina Victoria acept\u00f3 que las 4 provincias, Ontario, Quebeq, New Brunswick y Nueva Escocia, se juntaran mediante un Acuerdo de Colaboraci\u00f3n y Convivencia.<span class=\"Apple-converted-space\">\u00a0<\/span><\/p>\n<p class=\"p1\">As\u00ed, sin guerras, el 1 de Julio de 1867 naci\u00f3 el \u201cDominio de Canad\u00e1\u201d, y los llamados \u201cPadres de la Federaci\u00f3n Canadiense\u201d pasaron a la historia. Leonard Tilley fue quien sugiri\u00f3 el nombre, inspirado en el Salmo 72: 8, el cual indica que Jesucristo \u201ctendr\u00e1 dominio tambi\u00e9n de mar a mar, y desde el r\u00edo hasta los confines de la tierra\u201d. Quien lider\u00f3 la fundaci\u00f3n, Sir John A. Macdonald, fue nombrado como el Primer Ministro.<\/p>\n<p class=\"p1\">Con el tiempo y por la misma raz\u00f3n, es decir, defenderse del expansionismo estadounidense, se fueron integrando las otras 6 provincias: Columbia Brit\u00e1nica, Alberta, Saskatchewan, Manitoba, Terranova y Labrador, Isla del Pr\u00edncipe Eduardo; y los 3 territorios: Yuk\u00f3n, Territorios del Noroeste, Nunavut.<\/p>\n<p class=\"p2\"><span class=\"s1\">Esa uni\u00f3n extendi\u00f3 a\u00fan m\u00e1s la superficie de <\/span>Canad\u00e1, hasta totalizar 9.984.670 km2, que equivalen al 41% del continente norteamericano, lo que le ubica como el segundo pa\u00eds m\u00e1s grande del mundo. El primer lugar lo ostenta Rusia.<span class=\"Apple-converted-space\">\u00a0<\/span><\/p>\n<p class=\"p1\"><span class=\"s2\">A medida que se consolidaba la identidad canadiense suced\u00eda lo mismo con la frontera con Estados Unidos. Tr<\/span>atados y acuerdos firmados durante los a\u00f1os fueron ratificados por la Comisi\u00f3n Internacional de L\u00edmites en 1908, cuando Canad\u00e1 coloc\u00f3 sus hitos y deforest\u00f3 su respectiva zona de cruce fronterizo. <span class=\"Apple-converted-space\">\u00a0<\/span><\/p>\n<p class=\"p1\">La inmensa l\u00ednea imaginaria incluye las peque\u00f1as franjas localizadas en las islas canadienses que alegran los paisajes de r\u00edos, lagos, oc\u00e9anos. Entre ellas, como ya se indic\u00f3, est\u00e1 la Isla Machias Seal, provincia de Nuevo Brunswick, la \u00fanica que en forma oficial tiene como sus idiomas ingl\u00e9s y franc\u00e9s.<span class=\"Apple-converted-space\">\u00a0<\/span><\/p>\n<p class=\"p1\">La isla est\u00e1 bajo protecci\u00f3n del Servicio Canadiense de Vida Silvestre, no obstante, la quiere para s\u00ed Estados Unidos desde 1812, cuando el condado de Washington, Estado de Maine, la reclamaba, al igual que el Reino Unido.<\/p>\n<p class=\"p1\">Para afianzar su propiedad, en 1832 Reino Unido construy\u00f3 un faro, y desde entonces Canad\u00e1 ha hecho presencia en \u00e9l para defender ese territorio considerado una valiosa ruta estrat\u00e9gica, aunque sus \u00fanicos habitantes sean el gracioso frailecillo del atl\u00e1ntico, focas, gaviotas, langostas y aves marinas. \u00c9stas anidan durante el verano, \u00e9poca que coincide con las visitas de peque\u00f1os grupos de turistas, quienes obtienen sus boletos de viaje en barco en la isla de Gran Manan, Nuevo Brunswick, o en Cutler, Maine. Se dice es com\u00fan que al embarcar, los turistas pidan permiso al oc\u00e9ano Atl\u00e1ntico para viajar en aguas tranquilas, avistar ballenas y focas que toman el sol en las orillas rocosas, entre las cuales el barco deber\u00e1 buscar donde atracar.<\/p>\n<p class=\"p1\">Siendo el \u00fanico lugar fronterizo que Canad\u00e1 y Estados Unidos reclaman propiedad, pescadores de los dos pa\u00edses se han puesto de acuerdo para realizar sus tareas en armon\u00eda, turn\u00e1ndose para no agotar la riqueza de la que llaman \u201czona gris\u201d, como ya sucedi\u00f3 con el arenque o la viera. Hoy cuidan con rigurosidad la langosta.<span class=\"Apple-converted-space\">\u00a0<\/span><\/p>\n<p class=\"p1\">Por su lado, el Laboratorio Atl\u00e1ntico de Investigaci\u00f3n Aviar (ALAR) de New Brunswick asesora a cient\u00edficos, fot\u00f3grafos y observadores de aves que llegan desde diversos lugares del mundo para admirar esa maravillosa vida marina y silvestre de la Isla Mach\u00edas Seal, conocida tambi\u00e9n como Isla de las Focas Mach\u00edas.<span class=\"Apple-converted-space\">\u00a0<\/span><\/p>\n<p class=\"p1\">Al presente, Canad\u00e1 contin\u00faa construyendo su destino tanto en su zona mar\u00edtima como en la continental. Lo hace en forma independiente, creando lazos de paz, respeto y armon\u00eda con todas las naciones del mundo. Al mismo tiempo se enorgullece de sus tradicionales dignidad, orden, libertad, respeto, democracia; de su estricta observancia a las leyes; de su ejemplar trabajo a favor de sus 40\u00b4122.011 habitantes; de su maravilloso multiculturalismo y m\u00e1s, mucho m\u00e1s.<span class=\"Apple-converted-space\">\u00a0 <\/span>Por tal motivo, aprest\u00e9monos a festejar el cumplea\u00f1os 158 de nuestra querida naci\u00f3n con un sonoro:<span class=\"Apple-converted-space\">\u00a0<\/span><\/p>\n<p class=\"p1\">\u00a1Viva el 1 de Julio, D\u00eda de Canad\u00e1! <span class=\"s3\">\u00a0<\/span><\/p>\n","protected":false},"excerpt":{"rendered":"<p>Por: Luc\u00eda P. de Garc\u00eda Toronto.- Esta bella isla de apenas 8 hect\u00e1reas de extensi\u00f3n, ubicada en el oc\u00e9ano Atl\u00e1ntico, en el centro de las&hellip;<\/p>\n","protected":false},"author":99,"featured_media":0,"comment_status":"open","ping_status":"open","sticky":false,"template":"","format":"standard","meta":{"footnotes":""},"categories":[81,11362],"tags":[],"class_list":["post-533604","post","type-post","status-publish","format-standard","hentry","category-columnistas","category-cronicas"],"_links":{"self":[{"href":"https:\/\/diarioelpopular.com\/index.php\/wp-json\/wp\/v2\/posts\/533604","targetHints":{"allow":["GET"]}}],"collection":[{"href":"https:\/\/diarioelpopular.com\/index.php\/wp-json\/wp\/v2\/posts"}],"about":[{"href":"https:\/\/diarioelpopular.com\/index.php\/wp-json\/wp\/v2\/types\/post"}],"author":[{"embeddable":true,"href":"https:\/\/diarioelpopular.com\/index.php\/wp-json\/wp\/v2\/users\/99"}],"replies":[{"embeddable":true,"href":"https:\/\/diarioelpopular.com\/index.php\/wp-json\/wp\/v2\/comments?post=533604"}],"version-history":[{"count":1,"href":"https:\/\/diarioelpopular.com\/index.php\/wp-json\/wp\/v2\/posts\/533604\/revisions"}],"predecessor-version":[{"id":533605,"href":"https:\/\/diarioelpopular.com\/index.php\/wp-json\/wp\/v2\/posts\/533604\/revisions\/533605"}],"wp:attachment":[{"href":"https:\/\/diarioelpopular.com\/index.php\/wp-json\/wp\/v2\/media?parent=533604"}],"wp:term":[{"taxonomy":"category","embeddable":true,"href":"https:\/\/diarioelpopular.com\/index.php\/wp-json\/wp\/v2\/categories?post=533604"},{"taxonomy":"post_tag","embeddable":true,"href":"https:\/\/diarioelpopular.com\/index.php\/wp-json\/wp\/v2\/tags?post=533604"}],"curies":[{"name":"wp","href":"https:\/\/api.w.org\/{rel}","templated":true}]}}