{"id":533625,"date":"2025-07-02T09:20:53","date_gmt":"2025-07-02T13:20:53","guid":{"rendered":"https:\/\/diarioelpopular.com\/?p=533625"},"modified":"2025-07-02T09:20:53","modified_gmt":"2025-07-02T13:20:53","slug":"la-florida-del-alligator-alcatraz-el-estado-donde-mas-inmigrantes-han-muerto-en-custodia-del-ice-en-lo-que-va-de-ano","status":"publish","type":"post","link":"https:\/\/diarioelpopular.com\/index.php\/2025\/07\/02\/la-florida-del-alligator-alcatraz-el-estado-donde-mas-inmigrantes-han-muerto-en-custodia-del-ice-en-lo-que-va-de-ano\/","title":{"rendered":"La Florida del Alligator Alcatraz: el Estado donde m\u00e1s inmigrantes han muerto en custodia del ICE en lo que va de a\u00f1o"},"content":{"rendered":"<div id=\"attachment_533626\" style=\"width: 1210px\" class=\"wp-caption alignnone\"><img loading=\"lazy\" decoding=\"async\" aria-describedby=\"caption-attachment-533626\" class=\"wp-image-533626 size-custom-big-size\" src=\"https:\/\/diarioelpopular.com\/wp-content\/uploads\/2025\/07\/Screen-Shot-2025-07-02-at-9.20.02-AM-1200x801.png\" alt=\"\" width=\"1200\" height=\"801\" srcset=\"https:\/\/diarioelpopular.com\/wp-content\/uploads\/2025\/07\/Screen-Shot-2025-07-02-at-9.20.02-AM-1200x801.png 1200w, https:\/\/diarioelpopular.com\/wp-content\/uploads\/2025\/07\/Screen-Shot-2025-07-02-at-9.20.02-AM-300x200.png 300w, https:\/\/diarioelpopular.com\/wp-content\/uploads\/2025\/07\/Screen-Shot-2025-07-02-at-9.20.02-AM-768x513.png 768w, https:\/\/diarioelpopular.com\/wp-content\/uploads\/2025\/07\/Screen-Shot-2025-07-02-at-9.20.02-AM-636x425.png 636w, https:\/\/diarioelpopular.com\/wp-content\/uploads\/2025\/07\/Screen-Shot-2025-07-02-at-9.20.02-AM-109x73.png 109w, https:\/\/diarioelpopular.com\/wp-content\/uploads\/2025\/07\/Screen-Shot-2025-07-02-at-9.20.02-AM.png 1024w\" sizes=\"auto, (max-width: 1200px) 100vw, 1200px\" \/><p id=\"caption-attachment-533626\" class=\"wp-caption-text\">Protesta &#8216;Stop Alligator Alcatraz&#8217; en Florida, Estados Unidos, el 28 de junio de 2025.\u00a0 \u00a0 \u00a0 \u00a0 \u00a0 \u00a0 \u00a0 \u00a0 \u00a0 \u00a0 \u00a0 \u00a0 \u00a0 \u00a0 \u00a0 \u00a0 \u00a0 \u00a0 \u00a0 \u00a0 \u00a0 \u00a0 \u00a0 \u00a0 \u00a0 \u00a0 \u00a0 \u00a0 \u00a0 Foto CRISTOBAL HERRERA-ULASHKEVICH (EFE)<\/p><\/div>\n<p>&nbsp;<\/p>\n<p>&nbsp;<\/p>\n<h4 class=\"a_st\"><em>&#8211; En seis meses, 11 personas han muerto en centros operados por la agencia federal. Cinco de ellas fallecieron en Florida, que abre una nueva c\u00e1rcel en los Everglades<\/em><\/h4>\n<p>&nbsp;<\/p>\n<p class=\"\">En lo que va de a\u00f1o, 11 inmigrantes han muerto en centros de detenci\u00f3n administrados por el Servicio de Control de Inmigraci\u00f3n y Aduanas de Estados Unidos (ICE, por sus siglas en ingl\u00e9s). Casi la mitad de esas muertes \u2014cinco\u2014 han ocurrido en Florida, donde este martes comenz\u00f3 a operar una nueva c\u00e1rcel para inmigrantes en medio del pantano de los Everglades apodada Alligator Alcatraz y a\u00a0<a title=\"https:\/\/elpais.com\/us\/migracion\/2025-07-01\/trump-visita-alligator-alcatraz-el-nuevo-centro-de-detencion-para-migrantes-en-florida-les-vamos-a-ensenar-como-huir-de-un-caiman-si-se-escapan.html\" href=\"https:\/\/elpais.com\/us\/migracion\/2025-07-01\/trump-visita-alligator-alcatraz-el-nuevo-centro-de-detencion-para-migrantes-en-florida-les-vamos-a-ensenar-como-huir-de-un-caiman-si-se-escapan.html\" target=\"_self\" rel=\"\" data-link-track-dtm=\"\" data-mrf-link=\"https:\/\/elpais.com\/us\/migracion\/2025-07-01\/trump-visita-alligator-alcatraz-el-nuevo-centro-de-detencion-para-migrantes-en-florida-les-vamos-a-ensenar-como-huir-de-un-caiman-si-se-escapan.html\">cuya inauguraci\u00f3n asisti\u00f3 el presidente Donald Trump<\/a>. El nuevo centro, que el republicano tild\u00f3 de \u201chermoso\u201d durante su visita, abre en medio de crecientes cr\u00edticas sobre las condiciones dentro de estas instalaciones, particularmente las de Florida.<\/p>\n<p class=\"\">La muerte m\u00e1s reciente en este Estado fue la de Isidro P\u00e9rez, quien falleci\u00f3 el 26 de junio luego de tres semanas de arresto en el centro de detenci\u00f3n de Krome en Miami. P\u00e9rez era cubano, ten\u00eda 75 a\u00f1os y lleg\u00f3 a Estados Unidos cuando ten\u00eda 16. \u201cLa causa de muerte est\u00e1 a\u00fan bajo investigaci\u00f3n\u201d, declar\u00f3 la agencia el domingo en una\u00a0<a title=\"https:\/\/www.ice.gov\/news\/releases\/cuban-national-dies-ice-custody\" href=\"https:\/\/www.ice.gov\/news\/releases\/cuban-national-dies-ice-custody\" target=\"_blank\" rel=\"noopener\" data-link-track-dtm=\"\" data-mrf-link=\"https:\/\/www.ice.gov\/news\/releases\/cuban-national-dies-ice-custody\">nota de prensa<\/a>. Seg\u00fan el ICE, P\u00e9rez ingres\u00f3 el 6 de junio a la Unidad de Atenci\u00f3n M\u00e9dica de Krome, donde fue diagnosticado con \u201cvarios problemas m\u00e9dicos\u201d y el jueves 26 a las 7.00 pm notific\u00f3 al personal que ten\u00eda dolores de pecho, fue trasladado a un centro hospitalario y all\u00ed falleci\u00f3, a las 8.42 pm.<\/p>\n<p class=\"\">\u201cLa gente muere bajo custodia del ICE, la gente muere en c\u00e1rceles del condado, la gente muere en prisiones estatales\u201d,\u00a0<a title=\"https:\/\/www.c-span.org\/clip\/white-house-event\/border-czar-tom-homan-on-cuban-national-dying-in-ice-custody\/5166733\" href=\"https:\/\/www.c-span.org\/clip\/white-house-event\/border-czar-tom-homan-on-cuban-national-dying-in-ice-custody\/5166733\" target=\"_blank\" rel=\"noopener\" data-link-track-dtm=\"\" data-mrf-link=\"https:\/\/www.c-span.org\/clip\/white-house-event\/border-czar-tom-homan-on-cuban-national-dying-in-ice-custody\/5166733\">respondi\u00f3 Tom Homan, el zar de la frontera<\/a>, al ser cuestionado el lunes por la prensa sobre la muerte de P\u00e9rez. Homan, que en ese momento dijo desconocer los detalles sobre el caso del inmigrante cubano, se jact\u00f3 de las condiciones de detenci\u00f3n y los servicios de salud que reciben los detenidos a nivel nacional que, seg\u00fan \u00e9l, superan a las de cualquier centro de reclusi\u00f3n federal o estatal: \u201cTenemos los est\u00e1ndares m\u00e1s altos en la industria de la detenci\u00f3n, a un costo muy alto para los contribuyentes\u201d.<\/p>\n<p>&nbsp;<\/p>\n<figure class=\"a_m a_m-h \">\n<p><div style=\"width: 424px\" class=\"wp-caption alignnone\"><img loading=\"lazy\" decoding=\"async\" class=\"_re lazyload a_m-h\" src=\"https:\/\/imagenes.elpais.com\/resizer\/v2\/VXDU6S3GGGTPVOSB4TVFU7UA3Q.jpg?auth=bcef93cbcbc54bfd387f4dc7cee767feaae2dc7f77cdd73bd95323560f540791&amp;width=414\" sizes=\"auto, (min-width:1199px) 1155px,(min-width:1001px) calc(100vw - 44px),(min-width:768px) 767px, 100vw\" srcset=\"https:\/\/imagenes.elpais.com\/resizer\/v2\/VXDU6S3GGGTPVOSB4TVFU7UA3Q.jpg?auth=bcef93cbcbc54bfd387f4dc7cee767feaae2dc7f77cdd73bd95323560f540791&amp;width=414 414w,https:\/\/imagenes.elpais.com\/resizer\/v2\/VXDU6S3GGGTPVOSB4TVFU7UA3Q.jpg?auth=bcef93cbcbc54bfd387f4dc7cee767feaae2dc7f77cdd73bd95323560f540791&amp;width=828 640w,https:\/\/imagenes.elpais.com\/resizer\/v2\/VXDU6S3GGGTPVOSB4TVFU7UA3Q.jpg?auth=bcef93cbcbc54bfd387f4dc7cee767feaae2dc7f77cdd73bd95323560f540791&amp;width=980 1000w,https:\/\/imagenes.elpais.com\/resizer\/v2\/VXDU6S3GGGTPVOSB4TVFU7UA3Q.jpg?auth=bcef93cbcbc54bfd387f4dc7cee767feaae2dc7f77cdd73bd95323560f540791&amp;width=1960 1960w\" alt=\"Tom Homan ante los medios, el 30 de junio de 2025.\" width=\"414\" height=\"283\" \/><p class=\"wp-caption-text\">Tom Homan ante los medios, el 30 de junio de 2025.\u00a0 \u00a0 \u00a0 \u00a0 \u00a0 \u00a0 \u00a0 \u00a0 \u00a0 Foto Evelyn Hockstein (REUTERS)<\/p><\/div><figcaption class=\"a_m_p\" aria-hidden=\"true\"><\/figcaption><\/figure>\n<p>&nbsp;<\/p>\n<p class=\"\">Tres d\u00edas antes de la muerte de P\u00e9rez, el 23 de junio, el canadiense Johnny Noviello fue hallado muerto en una prisi\u00f3n federal del centro de Miami, que ha sido habilitada como centro de detenci\u00f3n de migrantes desde febrero. Noviello ten\u00eda 49 a\u00f1os, viv\u00eda en Daytona Beach desde los 10 y era residente legal desde 1991. En 2023, Noviello fue condenado por vender opioides y se encontraba bajo libertad condicional cuando fue detenido por el ICE, el 15 de mayo de este a\u00f1o, despu\u00e9s de que \u00e9l mismo acudiera al Departamento de Correcciones de Florida en Daytona Beach.<\/p>\n<p class=\"\">Desde entonces se encontraba en proceso de deportaci\u00f3n. Seg\u00fan sus familiares, Noviello ten\u00eda epilepsia y recib\u00eda medicaci\u00f3n contra las convulsiones. Al igual que P\u00e9rez, la causa de su muerte no ha sido determinada y ninguno de los dos casos han sido incluidos a\u00fan en el registro de decesos del a\u00f1o que publica el ICE en su\u00a0<a title=\"https:\/\/www.ice.gov\/detain\/detainee-death-reporting\" href=\"https:\/\/www.ice.gov\/detain\/detainee-death-reporting\" target=\"_blank\" rel=\"noopener\" data-link-track-dtm=\"\" data-mrf-link=\"https:\/\/www.ice.gov\/detain\/detainee-death-reporting\">p\u00e1gina web<\/a>, y que al cierre de esta edici\u00f3n mostraba solo las muertes reportadas hasta principios de mayo.<\/p>\n<p class=\"\">Entre enero y abril, otras tres personas fallecieron en centros de detenci\u00f3n de migrantes en Florida. Marie Angie Blaise, una mujer haitiana de 44 a\u00f1os,\u00a0<a title=\"https:\/\/elpais.com\/us\/migracion\/2025-05-03\/las-vidas-truncadas-en-custodia-del-ice-siete-migrantes-mueren-en-los-primeros-100-dias-de-trump.html\" href=\"https:\/\/elpais.com\/us\/migracion\/2025-05-03\/las-vidas-truncadas-en-custodia-del-ice-siete-migrantes-mueren-en-los-primeros-100-dias-de-trump.html\" target=\"_self\" rel=\"\" data-link-track-dtm=\"\" data-mrf-link=\"https:\/\/elpais.com\/us\/migracion\/2025-05-03\/las-vidas-truncadas-en-custodia-del-ice-siete-migrantes-mueren-en-los-primeros-100-dias-de-trump.html\">falleci\u00f3 el 25 de abril en el centro de Broward<\/a>\u00a0luego de reportar dolores en el pecho y de recibir medicamentos contra la hipertensi\u00f3n. Y en Krome, dos inmigrantes murieron \u201cpor causas naturales\u201d, seg\u00fan reportes forenses.<\/p>\n<p class=\"\">Organizaciones defensoras de migrantes han denunciado el empeoramiento de las condiciones de detenci\u00f3n en los centros del ICE desde el comienzo del segundo mandato de Trump y reportan que algunas de estas instalaciones han superado su capacidad hasta en 17%. En Florida, estos reportes han sido rebatidos por el legislador republicano Carlos Gim\u00e9nez, que el mes pasado visit\u00f3 Krome y dijo no haber visto hacinamiento ni condiciones sanitarias deplorables.<\/p>\n<p class=\"\">Gim\u00e9nez tambi\u00e9n dio un voto de confianza a las futuras operaciones de Alligator Alcatraz, el\u00a0<a title=\"https:\/\/elpais.com\/us\/migracion\/2025-06-25\/alligator-alcatraz-florida-levanta-un-centro-de-detencion-de-inmigrantes-en-los-everglades.html\" href=\"https:\/\/elpais.com\/us\/migracion\/2025-06-25\/alligator-alcatraz-florida-levanta-un-centro-de-detencion-de-inmigrantes-en-los-everglades.html\" target=\"_self\" rel=\"\" data-link-track-dtm=\"\" data-mrf-link=\"https:\/\/elpais.com\/us\/migracion\/2025-06-25\/alligator-alcatraz-florida-levanta-un-centro-de-detencion-de-inmigrantes-en-los-everglades.html\">nuevo centro de detenci\u00f3n levantado por el gobernador Ron DeSantis<\/a>\u00a0en los Everglades. \u201cNo ser\u00e1 inhumano de ninguna manera. La gente piensa que esto fue construido en el medio de los Everglades (\u2026) y est\u00e1 en el medio de los Everglades, pero en un \u00e1rea mejorada que fue antes un aeropuerto (&#8230;) Estoy seguro de que estas instalaciones estar\u00e1n muy bien\u201d.<\/p>\n<p class=\"\">Los Everglades abarcan unos 6.000 kil\u00f3metros cuadrados de humedales, desde el oeste de Miami hasta el centro de la pen\u00ednsula de Florida. All\u00ed, en lo que antes era el Aeropuerto Dade-Colier, funcionar\u00e1 este centro con una capacidad de 5.000 camas, que cuestan unos 245 d\u00f3lares por d\u00eda.<\/p>\n<p class=\"\">Antes de su visita al Alligator Alcatraz, Trump hizo bromas sobre las destrezas que deber\u00e1n desarrollar los inmigrantes para poder escapar del centro sin que les pille un caim\u00e1n. \u201cLes vamos a ense\u00f1ar c\u00f3mo huir de un caim\u00e1n si se escapan\u201d. \u201cNo corran en l\u00ednea recta. Corran as\u00ed\u201d, dijo, haciendo un gesto de zigzag.<\/p>\n","protected":false},"excerpt":{"rendered":"<p>&nbsp; &nbsp; &#8211; En seis meses, 11 personas han muerto en centros operados por la agencia federal. Cinco de ellas fallecieron en Florida, que abre&hellip;<\/p>\n","protected":false},"author":99,"featured_media":533626,"comment_status":"open","ping_status":"open","sticky":false,"template":"","format":"standard","meta":{"footnotes":""},"categories":[24],"tags":[],"class_list":["post-533625","post","type-post","status-publish","format-standard","has-post-thumbnail","hentry","category-mundo"],"_links":{"self":[{"href":"https:\/\/diarioelpopular.com\/index.php\/wp-json\/wp\/v2\/posts\/533625","targetHints":{"allow":["GET"]}}],"collection":[{"href":"https:\/\/diarioelpopular.com\/index.php\/wp-json\/wp\/v2\/posts"}],"about":[{"href":"https:\/\/diarioelpopular.com\/index.php\/wp-json\/wp\/v2\/types\/post"}],"author":[{"embeddable":true,"href":"https:\/\/diarioelpopular.com\/index.php\/wp-json\/wp\/v2\/users\/99"}],"replies":[{"embeddable":true,"href":"https:\/\/diarioelpopular.com\/index.php\/wp-json\/wp\/v2\/comments?post=533625"}],"version-history":[{"count":1,"href":"https:\/\/diarioelpopular.com\/index.php\/wp-json\/wp\/v2\/posts\/533625\/revisions"}],"predecessor-version":[{"id":533627,"href":"https:\/\/diarioelpopular.com\/index.php\/wp-json\/wp\/v2\/posts\/533625\/revisions\/533627"}],"wp:featuredmedia":[{"embeddable":true,"href":"https:\/\/diarioelpopular.com\/index.php\/wp-json\/wp\/v2\/media\/533626"}],"wp:attachment":[{"href":"https:\/\/diarioelpopular.com\/index.php\/wp-json\/wp\/v2\/media?parent=533625"}],"wp:term":[{"taxonomy":"category","embeddable":true,"href":"https:\/\/diarioelpopular.com\/index.php\/wp-json\/wp\/v2\/categories?post=533625"},{"taxonomy":"post_tag","embeddable":true,"href":"https:\/\/diarioelpopular.com\/index.php\/wp-json\/wp\/v2\/tags?post=533625"}],"curies":[{"name":"wp","href":"https:\/\/api.w.org\/{rel}","templated":true}]}}