{"id":533695,"date":"2025-07-04T09:24:35","date_gmt":"2025-07-04T13:24:35","guid":{"rendered":"https:\/\/diarioelpopular.com\/?p=533695"},"modified":"2025-07-04T09:24:35","modified_gmt":"2025-07-04T13:24:35","slug":"el-desconocido-y-sangriento-origen-del-dia-de-la-independencia-de-ee-uu","status":"publish","type":"post","link":"https:\/\/diarioelpopular.com\/index.php\/2025\/07\/04\/el-desconocido-y-sangriento-origen-del-dia-de-la-independencia-de-ee-uu\/","title":{"rendered":"El desconocido y sangriento origen del D\u00eda de la Independencia de EE.UU."},"content":{"rendered":"<p><img loading=\"lazy\" decoding=\"async\" class=\"alignnone size-custom-full-size wp-image-533696\" src=\"https:\/\/diarioelpopular.com\/wp-content\/uploads\/2025\/07\/Screen-Shot-2025-07-04-at-9.24.09-AM-636x361.png\" alt=\"\" width=\"636\" height=\"361\" srcset=\"https:\/\/diarioelpopular.com\/wp-content\/uploads\/2025\/07\/Screen-Shot-2025-07-04-at-9.24.09-AM-636x361.png 636w, https:\/\/diarioelpopular.com\/wp-content\/uploads\/2025\/07\/Screen-Shot-2025-07-04-at-9.24.09-AM-300x170.png 300w, https:\/\/diarioelpopular.com\/wp-content\/uploads\/2025\/07\/Screen-Shot-2025-07-04-at-9.24.09-AM-768x436.png 768w, https:\/\/diarioelpopular.com\/wp-content\/uploads\/2025\/07\/Screen-Shot-2025-07-04-at-9.24.09-AM-129x73.png 129w, https:\/\/diarioelpopular.com\/wp-content\/uploads\/2025\/07\/Screen-Shot-2025-07-04-at-9.24.09-AM.png 856w\" sizes=\"auto, (max-width: 636px) 100vw, 636px\" \/><\/p>\n<p>&nbsp;<\/p>\n<div class=\"bbc-19j92fr ebmt73l0\" dir=\"ltr\">\n<ul>\n<li class=\"bbc-hhl7in e17g058b0\" dir=\"ltr\"><em><b>Como brit\u00e1nica, no aprend\u00ed nada sobre la revoluci\u00f3n que llev\u00f3 a la independencia de EE.UU. en la escuela. Pero mis hijos crecieron en Estados Unidos, y ellos s\u00ed lo hicieron. Y me di cuenta de que, mientras que otro gran conflicto como la Guerra Civil se suele retratar con toda su violencia y crueldad, las historias de la independencia se centran en el hero\u00edsmo.<\/b><\/em><\/li>\n<\/ul>\n<\/div>\n<div class=\"bbc-19j92fr ebmt73l0\" dir=\"ltr\">\n<p dir=\"ltr\">\n<p class=\"bbc-hhl7in e17g058b0\" dir=\"ltr\">Por Katty Kay<\/p>\n<p class=\"bbc-hhl7in e17g058b0\" dir=\"ltr\">&#8216;Cuando pienso en ello, me vienen a la mente im\u00e1genes de los colonos enfurecidos tirando t\u00e9 en el puerto de Boston. La cabalgada nocturna de Paul Revere por Massachusetts. George Washington cruzando el r\u00edo Delaware. Estados Unidos unido, en solitario y en lo correcto.<\/p>\n<\/div>\n<div class=\"bbc-19j92fr ebmt73l0\" dir=\"ltr\">\n<p class=\"bbc-hhl7in e17g058b0\" dir=\"ltr\">Pero 250 a\u00f1os despu\u00e9s del inicio de la Guerra de Independencia, es hora de echar una mirada diferente y m\u00e1s compleja a la historia del origen de Estados Unidos.<\/p>\n<\/div>\n<div class=\"bbc-19j92fr ebmt73l0\" dir=\"ltr\">\n<p class=\"bbc-hhl7in e17g058b0\" dir=\"ltr\">Recientemente habl\u00e9 con el historiador Rick Atkinson, ganador del Premio Pulitzer, sobre las realidades de la Guerra de la Independencia que a menudo se pasan por alto. Su \u00faltimo libro sobre el conflicto,\u00a0<i class=\"bbc-h1y5j7 eih42320\">The Fate of the Day,<\/i>\u00a0sali\u00f3 a la venta a finales de abril.<\/p>\n<\/div>\n<section class=\"bbc-geybui\" role=\"region\" aria-label=\"Publicidad 2\" aria-hidden=\"true\" data-e2e=\"advertisement\">\n<div id=\"dotcom-mpu\" class=\"dotcom-ad active\" aria-hidden=\"true\">\n<div class=\"dotcom-ad-inner\"><\/div>\n<\/div>\n<\/section>\n<div class=\"bbc-19j92fr ebmt73l0\" dir=\"ltr\">\n<p class=\"bbc-hhl7in e17g058b0\" dir=\"ltr\">Fue una conversaci\u00f3n reveladora que me ense\u00f1\u00f3 mucho.<\/p>\n<\/div>\n<section class=\"bbc-1o3v5ug\" role=\"region\" data-e2e=\"recommendations-heading\" aria-labelledby=\"recommendations-heading\">\n<div class=\"bbc-bjn8wh eveec6k2\"><\/div>\n<\/section>\n<figure class=\"bbc-1qn0xuy\">\n<div class=\"bbc-18ywsw9\">\n<div style=\"width: 1034px\" class=\"wp-caption alignnone\"><img loading=\"lazy\" decoding=\"async\" class=\"bbc-139onq\" src=\"https:\/\/ichef.bbci.co.uk\/ace\/ws\/640\/cpsprodpb\/f755\/live\/eda2b650-585a-11f0-9074-8989d8c97d87.jpg.webp\" alt=\"Rick Atkinson y Katty Kay\" width=\"1024\" height=\"576\" \/><p class=\"wp-caption-text\">El historiador y ganador del Pulitzer Rick Atkinson convers\u00f3 con la periodista Katty Kay.<\/p><\/div>\n<\/div><figcaption class=\"bbc-15f1ujd\" dir=\"ltr\"><\/figcaption><\/figure>\n<div class=\"bbc-19j92fr ebmt73l0\" dir=\"ltr\">\n<p dir=\"ltr\">\n<p class=\"bbc-hhl7in e17g058b0\" dir=\"ltr\"><b>No fue hasta hace poco que realmente me di cuenta de lo espantosa que fue la Guerra de la Independencia. Uno de cada diez estadounidenses que luch\u00f3 en ella muri\u00f3, como usted relata en su libro. Las historias de las batallas de Saratoga, donde j\u00f3venes de 16 y 17 a\u00f1os murieron congelados en los campos. Me preguntaba por qu\u00e9 consider\u00f3 importante contar ese lado de la historia en sus libros.<\/b><\/p>\n<\/div>\n<div class=\"bbc-19j92fr ebmt73l0\" dir=\"ltr\">\n<p class=\"bbc-hhl7in e17g058b0\" dir=\"ltr\">La guerra tiene una especie de calidad litogr\u00e1fica descolorida. La sangre se ha desvanecido, pero fue un asunto terriblemente sangriento. Murieron al menos 25.000 estadounidenses, tal vez hasta 35.000 o 40.000. Eso supone una proporci\u00f3n mayor de la poblaci\u00f3n estadounidense de la \u00e9poca que la que muri\u00f3 en cualquiera de nuestras guerras, excepto en la Guerra Civil (1861-1865).<\/p>\n<\/div>\n<div class=\"bbc-19j92fr ebmt73l0\" dir=\"ltr\">\n<p class=\"bbc-hhl7in e17g058b0\" dir=\"ltr\">Creo que la raz\u00f3n por la que no se ha reconocido lo sangriento que fue es, en parte, la distancia: 250 a\u00f1os de distancia hacen dif\u00edcil sentir una conexi\u00f3n emocional con los muertos. La Guerra Civil, por ejemplo, tiene fotograf\u00edas de los muertos en lugares como Gettysburg y Antietam. No hay nada de eso en la Guerra de Independencia.<\/p>\n<\/div>\n<div class=\"bbc-19j92fr ebmt73l0\" dir=\"ltr\">\n<p class=\"bbc-hhl7in e17g058b0\" dir=\"ltr\"><b>Entiendo por qu\u00e9 en la Guerra de la Independencia fue necesario convertir a los padres fundadores en casi dioses griegos. \u00bfCrees que se les puso en un pedestal porque Estados Unidos lo necesitaba como punto de partida para su narrativa?<\/b><\/p>\n<\/div>\n<div class=\"bbc-19j92fr ebmt73l0\" dir=\"ltr\">\n<p class=\"bbc-hhl7in e17g058b0\" dir=\"ltr\">S\u00ed, creo que es cierto. Cuando se ha pasado por una prueba tan dura como la revoluci\u00f3n de ocho a\u00f1os (1775-1783), es natural creer que aquellos que lograron vencer son semidioses. Pero George Washington ten\u00eda pies de barro, como todos nosotros. Tuvo casi 600 esclavos en Mount Vernon durante su vida. Es un terrible recordatorio de que la prosperidad de este pa\u00eds se bas\u00f3 en gran medida en la esclavitud.<\/p>\n<\/div>\n<div class=\"bbc-19j92fr ebmt73l0\" dir=\"ltr\">\n<p class=\"bbc-hhl7in e17g058b0\" dir=\"ltr\">Los propagandistas que dirig\u00edan este pa\u00eds en aquella \u00e9poca eran tan eficaces que realmente hab\u00edan retratado a los brit\u00e1nicos como malhechores, a pesar de que ambas partes cometieron atrocidades. Si eras leal a la Corona [brit\u00e1nica] en este pa\u00eds, te expon\u00edas a la expropiaci\u00f3n, a la c\u00e1rcel sin fianza, a la tortura y, a veces, incluso a la ejecuci\u00f3n. Durante a\u00f1os, d\u00e9cadas, incluso siglos, hemos encubierto esa parte de la revoluci\u00f3n. Creo que, incluso hoy en d\u00eda, no lo hemos reconocido plenamente.<\/p>\n<p dir=\"ltr\">\n<\/div>\n<figure class=\"bbc-1qn0xuy\">\n<div class=\"bbc-18ywsw9\">\n<div style=\"width: 1034px\" class=\"wp-caption alignnone\"><img loading=\"lazy\" decoding=\"async\" class=\"bbc-139onq\" src=\"https:\/\/ichef.bbci.co.uk\/ace\/ws\/640\/cpsprodpb\/f32c\/live\/572ed2c0-585b-11f0-960d-e9f1088a89fe.jpg.webp\" alt=\"Una pintura del general George Washington recibido por una multitud\" width=\"1024\" height=\"704\" \/><p class=\"wp-caption-text\">Fuente de la imagen,Getty Images.\u00a0 El general George Washington era un latifundista con esclavos a su servicio.<\/p><\/div>\n<p class=\"bbc-by8ykd\" role=\"text\">\n<p role=\"text\">\n<\/div>\n<\/figure>\n<div class=\"bbc-19j92fr ebmt73l0\" dir=\"ltr\">\n<p class=\"bbc-hhl7in e17g058b0\" dir=\"ltr\"><b>Una cosa que dejas muy clara es que no solo hab\u00eda dos bandos en la Guerra de Independencia, sino que en realidad hab\u00eda muchos. Hab\u00eda estadounidenses que no quer\u00edan la independencia. Estadounidenses que simplemente no quer\u00edan luchar. Estadounidenses que se consideraban brit\u00e1nicos. El propio hijo de Benjamin Franklin no quer\u00eda la independencia. Una vez m\u00e1s, vuelvo a la idea de que la historia es quiz\u00e1s m\u00e1s turbia de lo que nos han contado durante un par de siglos.<\/b><\/p>\n<\/div>\n<div class=\"bbc-19j92fr ebmt73l0\" dir=\"ltr\">\n<p class=\"bbc-hhl7in e17g058b0\" dir=\"ltr\">Eso la convierte en una historia mucho m\u00e1s interesante. El querido hijo de Benjamin Franklin, William, era el gobernador real de Nueva Jersey. Consigui\u00f3 el puesto en parte gracias a la influencia de su padre. Y se neg\u00f3 a aceptar la idea de que la rebeli\u00f3n era leg\u00edtima. Fue a la c\u00e1rcel y finalmente al exilio. Si multiplicas eso por miles, ver\u00e1s familias divididas de la misma manera que en la Guerra Civil.<\/p>\n<\/div>\n<div class=\"bbc-19j92fr ebmt73l0\" dir=\"ltr\">\n<p class=\"bbc-hhl7in e17g058b0\" dir=\"ltr\">Las caracter\u00edsticas de la Guerra Civil se extienden de otras maneras. Las Seis Naciones de los iroqueses [nativos] se hab\u00edan llevado muy bien durante m\u00e1s de un siglo. Y la revoluci\u00f3n los oblig\u00f3 a elegir un bando. Cuatro de ellas se alinearon con los brit\u00e1nicos y dos con los rebeldes, y se mataron entre s\u00ed.<\/p>\n<\/div>\n<div class=\"bbc-19j92fr ebmt73l0\" dir=\"ltr\">\n<p class=\"bbc-hhl7in e17g058b0\" dir=\"ltr\">Este es uno de los aspectos de la revoluci\u00f3n que creo que no hemos apreciado plenamente en nuestra historia: hasta qu\u00e9 punto la guerra no fue solo entre nosotros y ellos, sino tambi\u00e9n entre nosotros y nosotros, a varios niveles.<\/p>\n<p dir=\"ltr\">\n<\/div>\n<figure class=\"bbc-1qn0xuy\">\n<div class=\"bbc-18ywsw9\">\n<div style=\"width: 1034px\" class=\"wp-caption alignnone\"><img loading=\"lazy\" decoding=\"async\" class=\"bbc-139onq\" src=\"https:\/\/ichef.bbci.co.uk\/ace\/ws\/640\/cpsprodpb\/3efb\/live\/725fec90-585c-11f0-b5c5-012c5796682d.jpg.webp\" alt=\"Una ilustraci\u00f3n de la Guerra Civil estadounidense\" width=\"1024\" height=\"662\" \/><p class=\"wp-caption-text\">Fuente de la imagen,Getty Images.\u00a0 La Guerra Civil suele ser ilustrada con escenas de batallas m\u00e1s violentas que las de la Guerra de Independencia.<\/p><\/div>\n<p class=\"bbc-by8ykd\" role=\"text\">\n<p role=\"text\">\n<\/div>\n<\/figure>\n<div class=\"bbc-19j92fr ebmt73l0\" dir=\"ltr\">\n<p class=\"bbc-hhl7in e17g058b0\" dir=\"ltr\"><b>Hace poco hablaba con el historiador y cineasta Ken Burns sobre la Guerra de Independencia y \u00e9l compar\u00f3 las intensas divisiones en las colonias con las de Vietnam del Sur durante la Ofensiva del Tet. Me pregunto si cree que comprender toda la confusi\u00f3n y complejidad de la revoluci\u00f3n hace que la guerra resulte m\u00e1s relevante para el p\u00fablico moderno.<\/b><\/p>\n<\/div>\n<div class=\"bbc-19j92fr ebmt73l0\" dir=\"ltr\">\n<p class=\"bbc-hhl7in e17g058b0\" dir=\"ltr\">Creo que cuando miras a Estados Unidos en 2025 y ves a esta gente conflictiva, puedes seguir ese hilo hasta los or\u00edgenes del pa\u00eds. Somos un pueblo conflictivo. Somos un pueblo belicoso. Somos un pueblo violento. No es f\u00e1cil reconocerlo. Nos gusta pensar que somos pacificadores y una fuerza del bien, pero eso no es lo \u00fanico que somos. Creo que comprender qui\u00e9nes eran esas personas y lo dif\u00edciles que pod\u00edan llegar a ser a veces puede ayudarnos a reconciliarnos con las personas que somos 250 a\u00f1os despu\u00e9s.<\/p>\n<\/div>\n<div class=\"bbc-19j92fr ebmt73l0\" dir=\"ltr\">\n<p class=\"bbc-hhl7in e17g058b0\" dir=\"ltr\"><b>Tambi\u00e9n creo que a menudo puede existir esta idea de origen seg\u00fan la cual Estados Unidos luch\u00f3 pr\u00e1cticamente solo en la Guerra de Independencia. Pero su libro comienza con Benjamin Franklin pidiendo ayuda a los franceses. \u00bfesa idea de hacerlo por s\u00ed mismos era algo que ten\u00edas presente al escribir el libro?<\/b><\/p>\n<\/div>\n<div class=\"bbc-19j92fr ebmt73l0\" dir=\"ltr\">\n<p class=\"bbc-hhl7in e17g058b0\" dir=\"ltr\">S\u00ed, porque de lo contrario no ser\u00eda una historia real. No ganamos la guerra en 1783 sin los franceses. La tarea de Franklin fue persuadir a Luis XVI de que Francia, una monarqu\u00eda absoluta y cat\u00f3lica, deb\u00eda unir su destino al de los protestantes, rebeldes y aspirantes a republicanos.<\/p>\n<p dir=\"ltr\">\n<\/div>\n<figure class=\"bbc-1qn0xuy\">\n<div class=\"bbc-18ywsw9\">\n<div style=\"width: 1034px\" class=\"wp-caption alignnone\"><img loading=\"lazy\" decoding=\"async\" class=\"bbc-139onq\" src=\"https:\/\/ichef.bbci.co.uk\/ace\/ws\/640\/cpsprodpb\/cef1\/live\/d1989ad0-58cb-11f0-960d-e9f1088a89fe.jpg.webp\" alt=\"Ilustraci\u00f3n de la rendici\u00f3n de Lord Cornwallis \" width=\"1024\" height=\"685\" \/><p class=\"wp-caption-text\">Fuente de la imagen,Getty Images.\u00a0 EE.UU. necesit\u00f3 de aliados para derrotar a los ingleses.<\/p><\/div>\n<p class=\"bbc-by8ykd\" role=\"text\">\n<p role=\"text\">\n<\/div>\n<\/figure>\n<div class=\"bbc-19j92fr ebmt73l0\" dir=\"ltr\">\n<p class=\"bbc-hhl7in e17g058b0\" dir=\"ltr\"><b>Bien, dicho as\u00ed, entiendo el reto diplom\u00e1tico.<\/b><\/p>\n<\/div>\n<div class=\"bbc-19j92fr ebmt73l0\" dir=\"ltr\">\n<p class=\"bbc-hhl7in e17g058b0\" dir=\"ltr\">\u00a1Le llev\u00f3 a\u00f1os! Pero era muy talentoso y convenci\u00f3 a los franceses de que unirse a la guerra era lo mejor para ellos, porque los franceses ten\u00edan agravios contra los brit\u00e1nicos. Y luego, los espa\u00f1oles llegaron con su apoyo. Y luego, los holandeses.<\/p>\n<\/div>\n<div class=\"bbc-19j92fr ebmt73l0\" dir=\"ltr\">\n<p class=\"bbc-hhl7in e17g058b0\" dir=\"ltr\">Estados Unidos necesitaba ayuda; esa es una parte importante de la historia. Cuando hoy en d\u00eda despreciamos a nuestros amigos m\u00e1s cercanos, debemos recordar que los hemos necesitado en el pasado. Los volveremos a necesitar en el futuro. Es una lecci\u00f3n que nos ense\u00f1an directamente las guerras estadounidenses del pasado, empezando por la revoluci\u00f3n. Winston Churchill dijo que lo \u00fanico peor que luchar con aliados es luchar sin ellos.<\/p>\n<\/div>\n","protected":false},"excerpt":{"rendered":"<p>&nbsp; Como brit\u00e1nica, no aprend\u00ed nada sobre la revoluci\u00f3n que llev\u00f3 a la independencia de EE.UU. en la escuela. Pero mis hijos crecieron en Estados&hellip;<\/p>\n","protected":false},"author":99,"featured_media":533696,"comment_status":"open","ping_status":"open","sticky":false,"template":"","format":"standard","meta":{"footnotes":""},"categories":[24],"tags":[],"class_list":["post-533695","post","type-post","status-publish","format-standard","has-post-thumbnail","hentry","category-mundo"],"_links":{"self":[{"href":"https:\/\/diarioelpopular.com\/index.php\/wp-json\/wp\/v2\/posts\/533695","targetHints":{"allow":["GET"]}}],"collection":[{"href":"https:\/\/diarioelpopular.com\/index.php\/wp-json\/wp\/v2\/posts"}],"about":[{"href":"https:\/\/diarioelpopular.com\/index.php\/wp-json\/wp\/v2\/types\/post"}],"author":[{"embeddable":true,"href":"https:\/\/diarioelpopular.com\/index.php\/wp-json\/wp\/v2\/users\/99"}],"replies":[{"embeddable":true,"href":"https:\/\/diarioelpopular.com\/index.php\/wp-json\/wp\/v2\/comments?post=533695"}],"version-history":[{"count":1,"href":"https:\/\/diarioelpopular.com\/index.php\/wp-json\/wp\/v2\/posts\/533695\/revisions"}],"predecessor-version":[{"id":533697,"href":"https:\/\/diarioelpopular.com\/index.php\/wp-json\/wp\/v2\/posts\/533695\/revisions\/533697"}],"wp:featuredmedia":[{"embeddable":true,"href":"https:\/\/diarioelpopular.com\/index.php\/wp-json\/wp\/v2\/media\/533696"}],"wp:attachment":[{"href":"https:\/\/diarioelpopular.com\/index.php\/wp-json\/wp\/v2\/media?parent=533695"}],"wp:term":[{"taxonomy":"category","embeddable":true,"href":"https:\/\/diarioelpopular.com\/index.php\/wp-json\/wp\/v2\/categories?post=533695"},{"taxonomy":"post_tag","embeddable":true,"href":"https:\/\/diarioelpopular.com\/index.php\/wp-json\/wp\/v2\/tags?post=533695"}],"curies":[{"name":"wp","href":"https:\/\/api.w.org\/{rel}","templated":true}]}}