{"id":533706,"date":"2025-07-04T10:08:40","date_gmt":"2025-07-04T14:08:40","guid":{"rendered":"https:\/\/diarioelpopular.com\/?p=533706"},"modified":"2025-07-04T10:08:40","modified_gmt":"2025-07-04T14:08:40","slug":"lumiere-l-aventure-continue-francia-2024-un-documental-escrito-y-dirigido-por-thierry-fremaux-104-minutos","status":"publish","type":"post","link":"https:\/\/diarioelpopular.com\/index.php\/2025\/07\/04\/lumiere-l-aventure-continue-francia-2024-un-documental-escrito-y-dirigido-por-thierry-fremaux-104-minutos\/","title":{"rendered":"LUMI\u00c8RE, L\u2019AVENTURE CONTINUE. Francia, 2024. Un documental escrito y dirigido por Thierry Fr\u00e9maux. 104 minutos"},"content":{"rendered":"<div id=\"attachment_533707\" style=\"width: 646px\" class=\"wp-caption alignnone\"><img loading=\"lazy\" decoding=\"async\" aria-describedby=\"caption-attachment-533707\" class=\"wp-image-533707 size-custom-full-size\" src=\"https:\/\/diarioelpopular.com\/wp-content\/uploads\/2025\/07\/LUMIERE-LAVENTURE-CONTINUE-636x477.jpg\" alt=\"\" width=\"636\" height=\"477\" srcset=\"https:\/\/diarioelpopular.com\/wp-content\/uploads\/2025\/07\/LUMIERE-LAVENTURE-CONTINUE-636x477.jpg 636w, https:\/\/diarioelpopular.com\/wp-content\/uploads\/2025\/07\/LUMIERE-LAVENTURE-CONTINUE-300x225.jpg 300w, https:\/\/diarioelpopular.com\/wp-content\/uploads\/2025\/07\/LUMIERE-LAVENTURE-CONTINUE-768x576.jpg 768w, https:\/\/diarioelpopular.com\/wp-content\/uploads\/2025\/07\/LUMIERE-LAVENTURE-CONTINUE-97x73.jpg 97w, https:\/\/diarioelpopular.com\/wp-content\/uploads\/2025\/07\/LUMIERE-LAVENTURE-CONTINUE.jpg 1024w\" sizes=\"auto, (max-width: 636px) 100vw, 636px\" \/><p id=\"caption-attachment-533707\" class=\"wp-caption-text\">Una escena de LUMI\u00c8RE, L\u2019AVENTURE CONTINUE<\/p><\/div>\n<p>&nbsp;<\/p>\n<p>&nbsp;<\/p>\n<p class=\"p1\"><b>Por Jorge Gutman<\/b><\/p>\n<p class=\"p3\"><b>LUMI\u00c8RE, L\u2019AVENTURE CONTINUE. <\/b>Francia, 2024. Un documental escrito y dirigido por Thierry Fr\u00e9maux. 104 minutos<\/p>\n<p class=\"p4\">Este documental es la continuaci\u00f3n del realizado por Thierry Fr\u00e9maux en 2017 cuyo contenido constituye una valiosa producci\u00f3n patrimonial que nos ha sido legada por los hermanos Auguste y Louis Lumi\u00e8re.<span class=\"Apple-converted-space\">\u00a0 <\/span>Es ahora que Fr\u00e9maux, el apasionado director de l\u2019Institute Lumi\u00e8re de Lyon y delegado general del Festival de Cannes, prosigue la haza\u00f1a a trav\u00e9s de una visi\u00f3n m\u00e1s exploradora efectuada por los inventores de la cinematograf\u00eda.<span class=\"Apple-converted-space\">\u00a0<\/span><\/p>\n<p class=\"p4\">Estructurado en 11 cap\u00edtulos, en el primero de los mismos el documental expone las iniciales im\u00e1genes animadas realizadas por los Lumi\u00e8re en 1894. Posteriormente se muestran los preparativos para el rodaje de <span class=\"s1\"><i>La Sortie de l&#8217;usine Lumi\u00e8re \u00e0 Lyon<\/i><\/span><span class=\"s2\">, la naciente pel\u00edcula de la historia del cine <\/span>que filmada en marzo de1895 con una duraci\u00f3n de 46 segundos tuvo su primera exhibici\u00f3n p\u00fablica el 28<span class=\"Apple-converted-space\">\u00a0 <\/span>de diciembre del mismo a\u00f1o. A esa pel\u00edcula se agregan los casi 1500 cortos de una duraci\u00f3n de 50 segundos que estos memorables hermanos han filmado entre 1895 y 1905. Mediante un trabajo minuciosamente realizado de los archivos visuales el Instituto Lumi\u00e8re de Lyon ha conseguido restaurar 120 de los mismos<span class=\"Apple-converted-space\">\u00a0 <\/span>que hasta<span class=\"Apple-converted-space\">\u00a0 <\/span>el presente permanecieron in\u00e9ditos; su visi\u00f3n claramente evidencia<span class=\"Apple-converted-space\">\u00a0 <\/span>la creatividad de los Lumi\u00e8re al igual que la inventiva del equipo de operadores integrado por Alexandre Promio, Gabriel Veyre, Constant Girel, Felix Mesguich y Charles Moisson.<\/p>\n<p class=\"p4\">Habiendo logrado impecables copias el espectador vive una alucinante experiencia sintiendo c\u00f3mo ese cine de \u00e9poca ha permitido reflejar al mundo valorado de diferente manera a trav\u00e9s de una c\u00e1mara pero al mismo tiempo admite reflexionar sobre lo que el cine ha sido, es y ser\u00e1 en el futuro.<\/p>\n<p class=\"p4\">Uno de los momentos m\u00e1s emotivos del documental es la filmaci\u00f3n realizada en Lyon el 19 de octubre de 2019 por el remarcable cineasta Francis Ford Coppola brindando su visi\u00f3n personal de<span class=\"Apple-converted-space\">\u00a0 <\/span>\u201cLa Nouvelle Sortie d\u2019Usine\u201d<span class=\"Apple-converted-space\">\u00a0 <\/span>en ocasi\u00f3n de haberle sido remitido el premio Lumi\u00e8re.<span class=\"Apple-converted-space\">\u00a0<\/span><\/p>\n<p class=\"p4\">Mediante el inteligente comentario narrado por Fr\u00e9maux as\u00ed como su excelente montaje realizado con la colaboraci\u00f3n de Jonathan Cayssials y Simon Gemelli, las bellas im\u00e1genes brindadas adquieren un inmensurable valor, permitiendo que la audiencia adquiera una inmersiva experiencia cinematogr\u00e1fica.<span class=\"Apple-converted-space\">\u00a0<\/span><\/p>\n<p class=\"p4\">Lo fundamental de este valioso film es la celebraci\u00f3n de la cinematograf\u00eda en sus 130 a\u00f1os de existencia y tal como queda expresado en el \u00faltimo cap\u00edtulo del documental, con el cine \u201cla muerte dejar\u00e1 de ser absoluta\u201d.<\/p>\n<p class=\"p4\">Como un elemente adicional de este cautivante viaje a trav\u00e9s del tiempo, la bella m\u00fasica del compositor Gabriel Faur\u00e9 acompasa y realza los valores de <b>Lumi\u00e8re, L\u2019aventure continue<\/b>.<\/p>\n<p class=\"p4\">El director dedica este film a la memoria de su admirado compatriota y cineasta Bertrand Tavernier, fallecido en 2021.<span class=\"Apple-converted-space\">\u00a0<\/span><\/p>\n<p class=\"p4\"><b>LOUIS RIEL OU LE CIEL TOUCHE LA TERRE <\/b>Canad\u00e1 2024. Un film escrito, dirigido e interpretado por Mat\u00edas Meyer. 84 minutos.<span class=\"Apple-converted-space\">\u00a0<\/span><\/p>\n<div id=\"attachment_533708\" style=\"width: 646px\" class=\"wp-caption alignnone\"><img loading=\"lazy\" decoding=\"async\" aria-describedby=\"caption-attachment-533708\" class=\"wp-image-533708 size-custom-full-size\" src=\"https:\/\/diarioelpopular.com\/wp-content\/uploads\/2025\/07\/LOUIS-RIEL-OU-LE-CEL-TOUCHE-LA-TERRE-636x358.jpg\" alt=\"\" width=\"636\" height=\"358\" srcset=\"https:\/\/diarioelpopular.com\/wp-content\/uploads\/2025\/07\/LOUIS-RIEL-OU-LE-CEL-TOUCHE-LA-TERRE-636x358.jpg 636w, https:\/\/diarioelpopular.com\/wp-content\/uploads\/2025\/07\/LOUIS-RIEL-OU-LE-CEL-TOUCHE-LA-TERRE-300x169.jpg 300w, https:\/\/diarioelpopular.com\/wp-content\/uploads\/2025\/07\/LOUIS-RIEL-OU-LE-CEL-TOUCHE-LA-TERRE-130x73.jpg 130w, https:\/\/diarioelpopular.com\/wp-content\/uploads\/2025\/07\/LOUIS-RIEL-OU-LE-CEL-TOUCHE-LA-TERRE.jpg 686w\" sizes=\"auto, (max-width: 636px) 100vw, 636px\" \/><p id=\"caption-attachment-533708\" class=\"wp-caption-text\">Mat\u00edas Meyer en LOUIS RIEL OU LE CIEL TOUCHE LA TERRE.<\/p><\/div>\n<p>&nbsp;<\/p>\n<p class=\"p4\">Centralizando su atenci\u00f3n en Louis Riel, uno de los personajes pol\u00edticos m\u00e1s complejos y controvertidos de la historia canadiense, el director mexicano Mat\u00edas Meyer analiza los \u00faltimos d\u00edas de su vida cuando fue condenado a muerte por el gobierno de Canad\u00e1.<\/p>\n<p class=\"p4\">Louis Riel (1844-1885) ha sido un pol\u00edtico canadiense y l\u00edder del pueblo metis, una etnia de ascendencia ind\u00edgena y europea. A trav\u00e9s de su actuaci\u00f3n encabez\u00f3 dos movimientos de resistencia contra el gobierno de Canad\u00e1 con el objetivo de preservar los derechos y la cultura de la comunidad metis. La primera insurrecci\u00f3n aconteci\u00f3 en 1869 extendi\u00e9ndose hasta 1870; es en la segunda de ellas ocurrida en 1885, conocida como la \u201cRebeli\u00f3n de Saskatchewan\u201d, que motiva su detenci\u00f3n y que despu\u00e9s de ser juzgado por haber cometido alta traici\u00f3n es condenado a la pena capital.<\/p>\n<p class=\"p4\">Esta informaci\u00f3n hist\u00f3rica, que el film apenas se refiere en los textos introductorios que preceden al relato, permite que el espectador pueda comprender mejor el grave problema emergente de Riel con el gobierno canadiense. A trav\u00e9s de un estilo minimalista, el claustrof\u00f3bico relato transcurre en una oscura celda, donde a lo largo de sus tres meses de cautiverio el condenado dedica su tiempo a la escritura de cartas y poemas como as\u00ed tambi\u00e9n a reflexiones que pasan por su mente en materia pol\u00edtica, sin desechar el aspecto on\u00edrico como asimismo su contenido espiritual. Asimismo la narraci\u00f3n se anima a trav\u00e9s del intercambio mantenido, entre otros,<span class=\"Apple-converted-space\">\u00a0 <\/span>con un sacerdote, el carcelero y las poco frecuentes visitas de su esposa e hijo. Filmado en blanco y negro mediante la estupenda fotograf\u00eda de Fran\u00e7ois Herquel, la intenci\u00f3n del realizador es que el espectador se involucre mejor en el derrotero de Riel y empatice con su suerte, sobre todo cuando la fecha de su ajusticiamiento se ve varias veces postergada.<\/p>\n<p class=\"p4\">El t\u00edtulo de la pel\u00edcula refiriendo \u201cal cielo tocando la tierra\u201d, viene al caso cuando Riel alude a estar comunicado con Dios y que lo que recibe del mismo le permite transcribirlo en su diario; es posible que esas alucinaciones resulten como consecuencia del l\u00fagubre y min\u00fasculo espacio de encierro que pudo haber afectado su condici\u00f3n mental.<span class=\"Apple-converted-space\">\u00a0<\/span><\/p>\n<p class=\"p4\">Para realizar el film, Meyer se vali\u00f3 de los diarios de prisi\u00f3n de Riel y en tal sentido a trav\u00e9s de su notable interpretaci\u00f3n logra transmitir muy bien el v\u00eda crucis del condenado que tranquilamente y sin temor aguarda lo que el destino habr\u00e1 de depararle. Aunque sobriamente dirigido, resulta innecesaria la escena del preparativo previo a su ahorcamiento acontecido el 16 de noviembre de 1885 en la provincia de Saskatchewan.<\/p>\n<p class=\"p4\">Al finalizar su proyecci\u00f3n, el film permite reflexionar sobre el revisionismo hist\u00f3rico del que en los \u00faltimos a\u00f1os ha sido objeto Canad\u00e1. Es as\u00ed que explorando la debatida personalidad de Riel como traidor y como h\u00e9roe, en la era actual no cabe duda que \u00e9l ha sido v\u00edctima de la pol\u00edtica colonizadora emprendida por Canad\u00e1 hacia las comunidades aut\u00f3ctonas.<span class=\"Apple-converted-space\">\u00a0<\/span><\/p>\n<p class=\"p5\"><b>F1: The Movie<\/b>. Estados Unidos, 2024. Un film de Joseph Kosinski. 155 minutos<\/p>\n<div id=\"attachment_533709\" style=\"width: 646px\" class=\"wp-caption alignnone\"><img loading=\"lazy\" decoding=\"async\" aria-describedby=\"caption-attachment-533709\" class=\"wp-image-533709 size-custom-full-size\" src=\"https:\/\/diarioelpopular.com\/wp-content\/uploads\/2025\/07\/F1-THE-MOVIE-636x477.jpg\" alt=\"\" width=\"636\" height=\"477\" srcset=\"https:\/\/diarioelpopular.com\/wp-content\/uploads\/2025\/07\/F1-THE-MOVIE-636x477.jpg 636w, https:\/\/diarioelpopular.com\/wp-content\/uploads\/2025\/07\/F1-THE-MOVIE-300x225.jpg 300w, https:\/\/diarioelpopular.com\/wp-content\/uploads\/2025\/07\/F1-THE-MOVIE-768x576.jpg 768w, https:\/\/diarioelpopular.com\/wp-content\/uploads\/2025\/07\/F1-THE-MOVIE-97x73.jpg 97w, https:\/\/diarioelpopular.com\/wp-content\/uploads\/2025\/07\/F1-THE-MOVIE.jpg 1024w\" sizes=\"auto, (max-width: 636px) 100vw, 636px\" \/><p id=\"caption-attachment-533709\" class=\"wp-caption-text\">Brad Pitt en F1: THE MOVIE<\/p><\/div>\n<p>&nbsp;<\/p>\n<p class=\"p5\">As\u00ed como en 2022 el director Joseph Kosinski brind\u00f3 en <i>Top Gun: Maverick<\/i>, un estimulante film de acci\u00f3n con sorprendentes escenas a\u00e9reas de aviones de guerra que permiti\u00f3 el lucimiento de Tom Cruise, en <b>F1: The Movie<\/b>, la pel\u00edcula est\u00e1 al servicio de Brad Pitt mediante un automovil\u00edsmo drama deportivo.<\/p>\n<p class=\"p5\">Aunque las carreras de autos han sido cuantiosas veces consideradas por el cine, lo que diferencia y distingue a esta pel\u00edcula es que el realizador ha logrado la inmersi\u00f3n total del espectador en este arriesgado deporte.<\/p>\n<p class=\"p5\">El gui\u00f3n de Ehren Kruger es lo que aqu\u00ed menos cuenta pero que de todos modos constituye la forma para justificar las sorprendentes escenas deportivas. El protagonista es Sonny Hayes (Brad Pitt), quien en el pasado ha sido un temerario y triunfante corredor hasta que en 1993 un accidente casi fatal quebr\u00f3 su carrera en F\u00f3rmula 1. Es ahora que con una casa rodante y sin dejar su vocaci\u00f3n va efectuando en Estados Unidos diversas carreras, incluyendo las 24 horas de Daytona que se aprecian en el comienzo del relato.<span class=\"Apple-converted-space\">\u00a0<\/span><\/p>\n<p class=\"p5\">La suerte de Sonny cambia cuando su viejo colega Ruben Cervantes (Javier Bardem) que ahora est\u00e1 al mando del equipo Apex Grand Prix de F1 sin lograr trascender, le solicita que se sume al mismo; el prop\u00f3sito<span class=\"Apple-converted-space\">\u00a0 <\/span>es<span class=\"Apple-converted-space\">\u00a0 <\/span>que su amigo pueda contribuir para que gane al menos una de las nueve carreras que restan para evitar<span class=\"Apple-converted-space\">\u00a0 <\/span>que los inversionistas decidan desprenderse de la escuder\u00eda. Es as\u00ed que Sonny acepta el desaf\u00edo considerando que esta segunda oportunidad que se le ofrece pueda constituir una revancha y poder volver a la gloria de anta\u00f1o. Para ello, en su condici\u00f3n de copiloto debe aceptar como compa\u00f1ero de equipo a<span class=\"Apple-converted-space\">\u00a0 <\/span>Joshua Pearce (Damson Idris) quien parece reunir las condiciones necesarias para ser un campe\u00f3n automovil\u00edstico.<span class=\"Apple-converted-space\">\u00a0<\/span><\/p>\n<p class=\"p6\"><span class=\"Apple-converted-space\">\u00a0<\/span><\/p>\n<p class=\"p5\">A nivel dram\u00e1tico lo m\u00e1s recurrente es la tensi\u00f3n que surge entre el experimentado Sonny y el novato y arrogante Joshua; pero esa confrontaci\u00f3n desaparece<span class=\"Apple-converted-space\">\u00a0 <\/span>despu\u00e9s que el joven sufre un accidente y Hayes lo conforta, logrando as\u00ed que la rivalidad se torne en amistad. Complementando la historia, el romanticismo se hace presente en el v\u00ednculo establecido entre Hayes y la directora t\u00e9cnica del equipo Kate McKenna (Kerry Condon).<\/p>\n<p class=\"p5\">.<\/p>\n<p class=\"p5\">Las vertiginosas carreras de Formula 1 emprendidas entre otros sitios en Budapest, Monza, Pa\u00edses Bajos, M\u00e9xico, B\u00e9lgica y Las Vegas son las que predominan en casi las dos terceras partes del metraje y sin duda alguna resultan excitantes. Con todo ,la m\u00e1s escalofriante es la efectuada en Espa\u00f1a en 2023; en el que<span class=\"Apple-converted-space\">\u00a0 <\/span>el circuito realizado por Hayes a cargo del pilotaje adquiere inigualable intensidad teniendo en cuenta que su b\u00f3lido de acero alcanza la velocidad de 290 kil\u00f3metros por hora. En tal sentido, Kosinski como realizador se supera a s\u00ed mismo logrando que su valioso<span class=\"Apple-converted-space\">\u00a0 <\/span>director de fotograf\u00eda Claudio Miranda mediante diferentes \u00e1ngulos capte esa carrera, brindando m\u00e1xima autenticidad y dando la sensaci\u00f3n de que el espectador realmente participa de la misma.<span class=\"Apple-converted-space\">\u00a0<\/span><\/p>\n<p class=\"p5\">Si bien con sus dos horas de duraci\u00f3n el film se alarga m\u00e1s de lo necesario, eso no desmerita sus logros en los que a los m\u00e9ritos mencionados se a\u00f1aden el de su buen elenco en el que se lucen Bardem e Idris, en tanto que menci\u00f3n especial merece Pitt quien ofreciendo su mejor actuaci\u00f3n profesional descuella con su vitalidad f\u00edsica conduciendo veh\u00edculos a extrema velocidad sin doble de riesgo.<span class=\"Apple-converted-space\">\u00a0<\/span><\/p>\n<p class=\"p5\">En suma, <b>F1: The Movie<\/b>, cumple su objetivo de brindar un entretenimiento de nivel superior capaz de satisfacer a los apasionados del automovilismo<span class=\"Apple-converted-space\">\u00a0 <\/span>e incluso a quienes no son adictos a este deporte.<\/p>\n","protected":false},"excerpt":{"rendered":"<p>&nbsp; &nbsp; Por Jorge Gutman LUMI\u00c8RE, L\u2019AVENTURE CONTINUE. Francia, 2024. Un documental escrito y dirigido por Thierry Fr\u00e9maux. 104 minutos Este documental es la continuaci\u00f3n&hellip;<\/p>\n","protected":false},"author":99,"featured_media":533707,"comment_status":"open","ping_status":"open","sticky":false,"template":"","format":"standard","meta":{"footnotes":""},"categories":[80,81,2482,434],"tags":[],"class_list":["post-533706","post","type-post","status-publish","format-standard","has-post-thumbnail","hentry","category-cine-2","category-columnistas","category-espectaculo","category-hablemos-de-cine"],"_links":{"self":[{"href":"https:\/\/diarioelpopular.com\/index.php\/wp-json\/wp\/v2\/posts\/533706","targetHints":{"allow":["GET"]}}],"collection":[{"href":"https:\/\/diarioelpopular.com\/index.php\/wp-json\/wp\/v2\/posts"}],"about":[{"href":"https:\/\/diarioelpopular.com\/index.php\/wp-json\/wp\/v2\/types\/post"}],"author":[{"embeddable":true,"href":"https:\/\/diarioelpopular.com\/index.php\/wp-json\/wp\/v2\/users\/99"}],"replies":[{"embeddable":true,"href":"https:\/\/diarioelpopular.com\/index.php\/wp-json\/wp\/v2\/comments?post=533706"}],"version-history":[{"count":1,"href":"https:\/\/diarioelpopular.com\/index.php\/wp-json\/wp\/v2\/posts\/533706\/revisions"}],"predecessor-version":[{"id":533710,"href":"https:\/\/diarioelpopular.com\/index.php\/wp-json\/wp\/v2\/posts\/533706\/revisions\/533710"}],"wp:featuredmedia":[{"embeddable":true,"href":"https:\/\/diarioelpopular.com\/index.php\/wp-json\/wp\/v2\/media\/533707"}],"wp:attachment":[{"href":"https:\/\/diarioelpopular.com\/index.php\/wp-json\/wp\/v2\/media?parent=533706"}],"wp:term":[{"taxonomy":"category","embeddable":true,"href":"https:\/\/diarioelpopular.com\/index.php\/wp-json\/wp\/v2\/categories?post=533706"},{"taxonomy":"post_tag","embeddable":true,"href":"https:\/\/diarioelpopular.com\/index.php\/wp-json\/wp\/v2\/tags?post=533706"}],"curies":[{"name":"wp","href":"https:\/\/api.w.org\/{rel}","templated":true}]}}