{"id":533719,"date":"2025-07-06T13:32:31","date_gmt":"2025-07-06T17:32:31","guid":{"rendered":"https:\/\/diarioelpopular.com\/?p=533719"},"modified":"2025-07-06T13:32:31","modified_gmt":"2025-07-06T17:32:31","slug":"emiten-orden-de-arresto-en-todo-canada-por-incendio-fatal-en-pickering","status":"publish","type":"post","link":"https:\/\/diarioelpopular.com\/index.php\/2025\/07\/06\/emiten-orden-de-arresto-en-todo-canada-por-incendio-fatal-en-pickering\/","title":{"rendered":"Emiten orden de arresto en todo Canad\u00e1 por incendio fatal en Pickering"},"content":{"rendered":"<p><img loading=\"lazy\" decoding=\"async\" class=\"alignnone size-custom-full-size wp-image-533721\" src=\"https:\/\/diarioelpopular.com\/wp-content\/uploads\/2025\/07\/Screen-Shot-2025-07-06-at-1.29.00-PM-636x480.png\" alt=\"\" width=\"636\" height=\"480\" srcset=\"https:\/\/diarioelpopular.com\/wp-content\/uploads\/2025\/07\/Screen-Shot-2025-07-06-at-1.29.00-PM-636x480.png 636w, https:\/\/diarioelpopular.com\/wp-content\/uploads\/2025\/07\/Screen-Shot-2025-07-06-at-1.29.00-PM-300x226.png 300w, https:\/\/diarioelpopular.com\/wp-content\/uploads\/2025\/07\/Screen-Shot-2025-07-06-at-1.29.00-PM-768x580.png 768w, https:\/\/diarioelpopular.com\/wp-content\/uploads\/2025\/07\/Screen-Shot-2025-07-06-at-1.29.00-PM-97x73.png 97w, https:\/\/diarioelpopular.com\/wp-content\/uploads\/2025\/07\/Screen-Shot-2025-07-06-at-1.29.00-PM.png 840w\" sizes=\"auto, (max-width: 636px) 100vw, 636px\" \/><\/p>\n<p>&nbsp;<\/p>\n<ul>\n<li><em><strong>Se emiti\u00f3 una orden de arresto en todo Canad\u00e1 para un delincuente de 34 a\u00f1os despu\u00e9s de que el incendio fatal en Pickering el mes pasado fuera declarado homicidio.<\/strong><\/em><\/li>\n<\/ul>\n<p>&nbsp;<\/p>\n<p>La Polic\u00eda Regional de Durham respondi\u00f3 el 11 de junio a las 14:20 h a un incendio en una casa en la zona de Primrose Ct.-Fairport Rd.<\/p>\n<p>En junio, Sandra Coutinho, de 34 a\u00f1os y residente de Pickering, fue arrestada y acusada de complicidad en asesinato. Se le impuso una fianza y goza de libertad condicionl.<\/p>\n<p>La polic\u00eda inform\u00f3 en ese momento que se hab\u00eda identificado a un sospechoso adicional, pero no dio a conocer detalles sobre \u00e9l.<\/p>\n<p>Tampoco se revelaron el nombre ni la causa de la muerte de la v\u00edctima.<\/p>\n<p>Tras la autopsia, la unidad de homicidios de la Polic\u00eda Regional de Durham asumi\u00f3 la investigaci\u00f3n.<\/p>\n<p>Este es el tercer homicidio en Durham en 2025.<\/p>\n<p>La polic\u00eda inform\u00f3 el s\u00e1bado que Elston Coutinho es buscado por asesinato en segundo grado.<\/p>\n<p>Los investigadores creen que se trata de un incidente aislado y que no representa una amenaza para la seguridad p\u00fablica.<\/p>\n<p>Se solicita a cualquier persona que tenga informaci\u00f3n que se comunique con la polic\u00eda al 1-888-579-1520 ext. 5421, o con la Polic\u00eda Regional de Durham al 1-800-222-TIPS (8477) o en durhamregionalcrimestoppers.ca.<\/p>\n<p><em><strong>La polic\u00eda lo busca por agresi\u00f3n sexual<\/strong><\/em><\/p>\n<p><img loading=\"lazy\" decoding=\"async\" class=\"alignnone size-custom-full-size wp-image-533722\" src=\"https:\/\/diarioelpopular.com\/wp-content\/uploads\/2025\/07\/Screen-Shot-2025-07-06-at-1.29.34-PM-636x400.png\" alt=\"\" width=\"636\" height=\"400\" srcset=\"https:\/\/diarioelpopular.com\/wp-content\/uploads\/2025\/07\/Screen-Shot-2025-07-06-at-1.29.34-PM-636x400.png 636w, https:\/\/diarioelpopular.com\/wp-content\/uploads\/2025\/07\/Screen-Shot-2025-07-06-at-1.29.34-PM-300x189.png 300w, https:\/\/diarioelpopular.com\/wp-content\/uploads\/2025\/07\/Screen-Shot-2025-07-06-at-1.29.34-PM-768x483.png 768w, https:\/\/diarioelpopular.com\/wp-content\/uploads\/2025\/07\/Screen-Shot-2025-07-06-at-1.29.34-PM-116x73.png 116w, https:\/\/diarioelpopular.com\/wp-content\/uploads\/2025\/07\/Screen-Shot-2025-07-06-at-1.29.34-PM.png 842w\" sizes=\"auto, (max-width: 636px) 100vw, 636px\" \/><\/p>\n<p>La polic\u00eda busca a un sospechoso acusado de agredir sexualmente a una persona en un ba\u00f1o p\u00fablico del centro el mes pasado.<\/p>\n<p>La Polic\u00eda de Toronto inform\u00f3 que el 24 de junio, alrededor de las 8 p. m., los agentes respondieron a una llamada por agresi\u00f3n sexual en la zona de las calles Bay y Temperance.<\/p>\n<p>Se report\u00f3 que, alrededor de las 2:50 p. m. de ese d\u00eda, el sospechoso se acerc\u00f3 a la v\u00edctima en un ba\u00f1o, la agredi\u00f3 sexualmente y abandon\u00f3 el ba\u00f1o con rumbo desconocido.<\/p>\n<p>El sujeto es descrito como una persona de unos 40 a\u00f1os, de 1,73 metros de altura y 63 kilos de peso. Ten\u00eda el pelo negro rapado a los lados y una perilla negra con barba. Fue visto por \u00faltima vez con gafas, traje gris, camisa blanca, cintur\u00f3n oscuro y zapatos oscuros.<\/p>\n<p>Se solicita a cualquier persona que tenga informaci\u00f3n que se comunique con la polic\u00eda al 416-808-5200, o con Crime Stoppers de forma an\u00f3nima al 416-222-TIPS (8477), o en 222tips.com.<\/p>\n<p><em><strong>Mujer hispana acusada en agresi\u00f3n por motivos de odio<\/strong><\/em><\/p>\n<p>Una mujer de Toronto de 47 a\u00f1os ha sido acusada en una investigaci\u00f3n de agresi\u00f3n por motivos de odio.<\/p>\n<p>La Polic\u00eda de Toronto inform\u00f3 que los agentes atendieron una llamada por radio sobre una agresi\u00f3n en las calles Dundas y Bloor. El 20 de marzo, se dijo que \u00e9sta se acerc\u00f3 a la v\u00edctima sin provocaci\u00f3n y la golpe\u00f3 en la cara mientras le gritaba insultos anti-negros. Luego\u00a0huy\u00f3 del lugar antes de la llegada de la polic\u00eda.<\/p>\n<p>El jueves, Jenny N\u00fa\u00f1ez fue arrestada y acusada de agresi\u00f3n y dos cargos de incumplimiento de libertad condicional.<\/p>\n<p>Esta investigaci\u00f3n se est\u00e1 considerando como un delito motivado por el odio.<\/p>\n<p>Se solicita a cualquier persona que tenga informaci\u00f3n que se comunique con la polic\u00eda al 416-808-3500, o con Crime Stoppers de forma an\u00f3nima al 416-222-TIPS (8477), o en 222tips.com.<\/p>\n<p><em><strong>Buscan a tres socios, uno es hispano, por asalto en zona este de la ciudad<\/strong><\/em><\/p>\n<p>La polic\u00eda busca a tres sospechosos tras un robo y asalto en la zona este de la ciudad.<\/p>\n<p>La Polic\u00eda de Toronto respondi\u00f3 el viernes pasado a la 1:04 p. m. a un robo en la zona de las avenidas Danforth y Woodbine.<\/p>\n<p>Se report\u00f3 que la v\u00edctima fue abordada por tres desconocidos mientras caminaba hacia su veh\u00edculo.<\/p>\n<p>Se desat\u00f3 un altercado f\u00edsico y la polic\u00eda inform\u00f3 que la v\u00edctima fue golpeada varias veces por uno de los maleantes.<\/p>\n<p>La v\u00edctima sufri\u00f3 lesiones que no pusieron en peligro su vida y fue trasladada al hospital.<\/p>\n<p>Los cacos le arrebataron el dinero a la v\u00edctima antes de huir del lugar en dos veh\u00edculos separados: una camioneta negra y un sed\u00e1n plateado.<\/p>\n<p>Fueron vistos por \u00faltima vez dirigi\u00e9ndose hacia el sur por East Lynn Ave.<\/p>\n<p>El primero es descrito de raza negra, de 1,73 metros de altura, complexi\u00f3n delgada y unos 20 a\u00f1os. Vest\u00eda ropa completamente negra y posiblemente ten\u00eda una lesi\u00f3n en el ojo izquierdo.<\/p>\n<p>El segundo tambi\u00e9n de raza negra, de aproximadamente 1,73 metros de altura y 68 kilos de peso. Vest\u00eda ropa completamente negra y una mascarilla morada.<\/p>\n<p>El tercero es hispano, de entre 20 y 30 a\u00f1os, de aproximadamente 1,83 metros de altura y 90 kilos de peso. Vest\u00eda ropa completamente negra.<\/p>\n<p>Cualquier persona que tenga informaci\u00f3n debe comunicarse con la polic\u00eda al 416-808-5500, o con Crime Stoppers de forma an\u00f3nima al 416-222-TIPS (8477), o en 222tips.com.<\/p>\n","protected":false},"excerpt":{"rendered":"<p>&nbsp; Se emiti\u00f3 una orden de arresto en todo Canad\u00e1 para un delincuente de 34 a\u00f1os despu\u00e9s de que el incendio fatal en Pickering el&hellip;<\/p>\n","protected":false},"author":99,"featured_media":533721,"comment_status":"open","ping_status":"open","sticky":false,"template":"","format":"standard","meta":{"footnotes":""},"categories":[11364],"tags":[],"class_list":["post-533719","post","type-post","status-publish","format-standard","has-post-thumbnail","hentry","category-toronto-gta"],"_links":{"self":[{"href":"https:\/\/diarioelpopular.com\/index.php\/wp-json\/wp\/v2\/posts\/533719","targetHints":{"allow":["GET"]}}],"collection":[{"href":"https:\/\/diarioelpopular.com\/index.php\/wp-json\/wp\/v2\/posts"}],"about":[{"href":"https:\/\/diarioelpopular.com\/index.php\/wp-json\/wp\/v2\/types\/post"}],"author":[{"embeddable":true,"href":"https:\/\/diarioelpopular.com\/index.php\/wp-json\/wp\/v2\/users\/99"}],"replies":[{"embeddable":true,"href":"https:\/\/diarioelpopular.com\/index.php\/wp-json\/wp\/v2\/comments?post=533719"}],"version-history":[{"count":1,"href":"https:\/\/diarioelpopular.com\/index.php\/wp-json\/wp\/v2\/posts\/533719\/revisions"}],"predecessor-version":[{"id":533723,"href":"https:\/\/diarioelpopular.com\/index.php\/wp-json\/wp\/v2\/posts\/533719\/revisions\/533723"}],"wp:featuredmedia":[{"embeddable":true,"href":"https:\/\/diarioelpopular.com\/index.php\/wp-json\/wp\/v2\/media\/533721"}],"wp:attachment":[{"href":"https:\/\/diarioelpopular.com\/index.php\/wp-json\/wp\/v2\/media?parent=533719"}],"wp:term":[{"taxonomy":"category","embeddable":true,"href":"https:\/\/diarioelpopular.com\/index.php\/wp-json\/wp\/v2\/categories?post=533719"},{"taxonomy":"post_tag","embeddable":true,"href":"https:\/\/diarioelpopular.com\/index.php\/wp-json\/wp\/v2\/tags?post=533719"}],"curies":[{"name":"wp","href":"https:\/\/api.w.org\/{rel}","templated":true}]}}