{"id":533737,"date":"2025-07-06T14:06:58","date_gmt":"2025-07-06T18:06:58","guid":{"rendered":"https:\/\/diarioelpopular.com\/?p=533737"},"modified":"2025-07-06T14:06:58","modified_gmt":"2025-07-06T18:06:58","slug":"no-habria-dejado-mi-hogar-por-el-ee-uu-de-trump-la-confesion-de-la-leyenda-del-tenis-martina-navratilova-a-50-anos-de-su-huida-de-la-extinta-checoslovaquia","status":"publish","type":"post","link":"https:\/\/diarioelpopular.com\/index.php\/2025\/07\/06\/no-habria-dejado-mi-hogar-por-el-ee-uu-de-trump-la-confesion-de-la-leyenda-del-tenis-martina-navratilova-a-50-anos-de-su-huida-de-la-extinta-checoslovaquia\/","title":{"rendered":"&#8220;No habr\u00eda dejado mi hogar por el EE.UU. de Trump&#8221;: la confesi\u00f3n de la leyenda del tenis Martina Navratilova a 50 a\u00f1os de su huida de la extinta Checoslovaquia"},"content":{"rendered":"<div id=\"attachment_533738\" style=\"width: 646px\" class=\"wp-caption alignnone\"><img loading=\"lazy\" decoding=\"async\" aria-describedby=\"caption-attachment-533738\" class=\"wp-image-533738 size-custom-full-size\" src=\"https:\/\/diarioelpopular.com\/wp-content\/uploads\/2025\/07\/Screen-Shot-2025-07-06-at-2.06.21-PM-636x362.png\" alt=\"\" width=\"636\" height=\"362\" srcset=\"https:\/\/diarioelpopular.com\/wp-content\/uploads\/2025\/07\/Screen-Shot-2025-07-06-at-2.06.21-PM-636x362.png 636w, https:\/\/diarioelpopular.com\/wp-content\/uploads\/2025\/07\/Screen-Shot-2025-07-06-at-2.06.21-PM-300x171.png 300w, https:\/\/diarioelpopular.com\/wp-content\/uploads\/2025\/07\/Screen-Shot-2025-07-06-at-2.06.21-PM-768x438.png 768w, https:\/\/diarioelpopular.com\/wp-content\/uploads\/2025\/07\/Screen-Shot-2025-07-06-at-2.06.21-PM-128x73.png 128w, https:\/\/diarioelpopular.com\/wp-content\/uploads\/2025\/07\/Screen-Shot-2025-07-06-at-2.06.21-PM.png 860w\" sizes=\"auto, (max-width: 636px) 100vw, 636px\" \/><p id=\"caption-attachment-533738\" class=\"wp-caption-text\">Navratilova desert\u00f3 de la Checoslovaquia comunista hace 50 a\u00f1os porque ambicionaba convertirse en la mejor tenista del mundo.<\/p><\/div>\n<p>&nbsp;<\/p>\n<p>&nbsp;<\/p>\n<div class=\"bbc-19j92fr ebmt73l0\" dir=\"ltr\">\n<ul>\n<li class=\"bbc-hhl7in e17g058b0\" dir=\"ltr\"><em><b>Hace 50 a\u00f1os, Martina Navratilova abandon\u00f3 la Checoslovaquia comunista en la que hab\u00eda nacido para empezar una nueva vida en Estados Unidos.<\/b><\/em><\/li>\n<\/ul>\n<\/div>\n<div class=\"bbc-19j92fr ebmt73l0\" dir=\"ltr\">\n<p dir=\"ltr\">\n<p class=\"bbc-hhl7in e17g058b0\" dir=\"ltr\">A sus 18 a\u00f1os, la entonces estudiante de bachillerato se convirti\u00f3 en una de las desertoras m\u00e1s destacadas de la Guerra Fr\u00eda y, m\u00e1s tarde, en una de las jugadoras de tenis m\u00e1s emblem\u00e1ticas del mundo.<\/p>\n<\/div>\n<div class=\"bbc-19j92fr ebmt73l0\" dir=\"ltr\">\n<p class=\"bbc-hhl7in e17g058b0\" dir=\"ltr\">Sin embargo, en una entrevista con el periodista Amol Rajan, dijo que tem\u00eda que, en la actualidad, EE.UU. no le dejar\u00eda entrar.<\/p>\n<\/div>\n<div class=\"bbc-19j92fr ebmt73l0\" dir=\"ltr\">\n<p class=\"bbc-hhl7in e17g058b0\" dir=\"ltr\">&#8220;No soy leal a Donald Trump&#8221;, comenta, y a\u00f1ade que le preocupa que EE.UU. se haya convertido en un Estado &#8220;totalitario&#8221;.<\/p>\n<\/div>\n<section class=\"bbc-geybui\" role=\"region\" aria-label=\"Publicidad 2\" aria-hidden=\"true\" data-e2e=\"advertisement\">\n<div id=\"dotcom-mpu\" class=\"dotcom-ad active\" aria-hidden=\"true\">\n<div class=\"dotcom-ad-inner\"><\/div>\n<\/div>\n<\/section>\n<div class=\"bbc-19j92fr ebmt73l0\" dir=\"ltr\">\n<p class=\"bbc-hhl7in e17g058b0\" dir=\"ltr\">Desde que Trump asumi\u00f3 el cargo en enero, su gobierno ha llevado a cabo extensas redadas de inmigraci\u00f3n, desatando protestas en algunas partes del pa\u00eds.<\/p>\n<\/div>\n<div class=\"bbc-19j92fr ebmt73l0\" dir=\"ltr\">\n<p class=\"bbc-hhl7in e17g058b0\" dir=\"ltr\">Tambi\u00e9n ha establecido una prohibici\u00f3n para viajar a ciudadanos de 12 pa\u00edses, y ha habido informes de muchos turistas detenidos en la frontera.<\/p>\n<\/div>\n<div class=\"bbc-19j92fr ebmt73l0\" dir=\"ltr\">\n<p class=\"bbc-hhl7in e17g058b0\" dir=\"ltr\">&#8220;Si ahora siguiera en la misma situaci\u00f3n (que en 1975) y tuviera que irme a vivir a alg\u00fan sitio, no ser\u00eda Estados Unidos, porque en este momento no es una democracia&#8221;, afirma.<\/p>\n<\/div>\n<div class=\"bbc-19j92fr ebmt73l0\" dir=\"ltr\">\n<p class=\"bbc-hhl7in e17g058b0\" dir=\"ltr\">Cuando habla de la pol\u00edtica estadounidense, la frustraci\u00f3n de Navratilova es palpable. Cree que la gente no se ha dado cuenta de que la situaci\u00f3n est\u00e1 empeorando gradualmente.<\/p>\n<\/div>\n<div class=\"bbc-19j92fr ebmt73l0\" dir=\"ltr\">\n<p class=\"bbc-hhl7in e17g058b0\" dir=\"ltr\">Estados Unidos, agrega, &#8220;se est\u00e1 volviendo definitivamente en contra de los inmigrantes&#8221;.<\/p>\n<\/div>\n<div class=\"bbc-19j92fr ebmt73l0\" dir=\"ltr\">\n<p class=\"bbc-hhl7in e17g058b0\" dir=\"ltr\">&#8220;La gente est\u00e1 siendo expulsada por la llamada Seguridad Nacional, est\u00e1n siendo expulsados porque no est\u00e1n completamente de acuerdo con la agenda de Donald Trump&#8230; porque no est\u00e1n mostr\u00e1ndole reverencia&#8221;, dice.<\/p>\n<\/div>\n<div class=\"bbc-19j92fr ebmt73l0\" dir=\"ltr\">\n<h2 id=\"Mujeres-transg\u00e9nero-en-el-tenis\" class=\"bbc-1lgzob2 eglt09e0\" tabindex=\"-1\">Mujeres transg\u00e9nero en el tenis<\/h2>\n<\/div>\n<div class=\"bbc-19j92fr ebmt73l0\" dir=\"ltr\">\n<p class=\"bbc-hhl7in e17g058b0\" dir=\"ltr\">La decisi\u00f3n de huir a EE.UU. en 1975 no fue f\u00e1cil, recuerda.<\/p>\n<\/div>\n<div class=\"bbc-19j92fr ebmt73l0\" dir=\"ltr\">\n<p class=\"bbc-hhl7in e17g058b0\" dir=\"ltr\">Cuenta que tuvo una infancia &#8220;id\u00edlica&#8221; en Revnice, en la actual Rep\u00fablica Checa, con una familia cari\u00f1osa que tuvo que dejar atr\u00e1s.<\/p>\n<\/div>\n<div class=\"bbc-19j92fr ebmt73l0\" dir=\"ltr\">\n<p class=\"bbc-hhl7in e17g058b0\" dir=\"ltr\">&#8220;No sab\u00eda cu\u00e1ndo volver\u00eda a ver a mis padres, o si volver\u00eda a verlos&#8221;.<\/p>\n<\/div>\n<div class=\"bbc-19j92fr ebmt73l0\" dir=\"ltr\">\n<p class=\"bbc-hhl7in e17g058b0\" dir=\"ltr\">Pero hacerlo cambi\u00f3 el curso de su vida. En una rueda de prensa, Navratilova explic\u00f3 que se march\u00f3 de Checoslovaquia porque quer\u00eda convertirse en la n\u00famero uno del tenis mundial, y que &#8220;no pod\u00eda hacerlo en su pa\u00eds en esas circunstancias&#8221;.<\/p>\n<p dir=\"ltr\">\n<\/div>\n<figure class=\"bbc-1qn0xuy\">\n<div class=\"bbc-18ywsw9\">\n<div style=\"width: 816px\" class=\"wp-caption alignnone\"><img loading=\"lazy\" decoding=\"async\" class=\"bbc-139onq\" src=\"https:\/\/ichef.bbci.co.uk\/ace\/ws\/640\/cpsprodpb\/f003\/live\/281f6520-4c31-11f0-a380-d5e16029f677.jpg.webp\" alt=\"Martina Navratilova.\" width=\"806\" height=\"454\" \/><p class=\"wp-caption-text\">Fuente de la imagen,Getty Images.\u00a0 Navratilova jugando en Wimbledon, en 1975.<\/p><\/div>\n<p class=\"bbc-by8ykd\" role=\"text\">\n<\/div>\n<\/figure>\n<div class=\"bbc-19j92fr ebmt73l0\" dir=\"ltr\">\n<p dir=\"ltr\">\n<p class=\"bbc-hhl7in e17g058b0\" dir=\"ltr\">De hecho, lleg\u00f3 a ser n\u00famero uno, tanto en individuales femeninos durante 332 semanas como en dobles femeninos durante un r\u00e9cord de 237 semanas. Hoy en d\u00eda se la considera una de las mejores tenistas del mundo.<\/p>\n<\/div>\n<div class=\"bbc-19j92fr ebmt73l0\" dir=\"ltr\">\n<p class=\"bbc-hhl7in e17g058b0\" dir=\"ltr\">Navratilova tiene doble nacionalidad, estadounidense y checa, y sigue viviendo en EE.UU. con su esposa, la modelo Julia Lemigova.<\/p>\n<\/div>\n<div class=\"bbc-19j92fr ebmt73l0\" dir=\"ltr\">\n<p class=\"bbc-hhl7in e17g058b0\" dir=\"ltr\">\u00bfLe preocupa que, en el actual clima pol\u00edtico, pueda perder su propia nacionalidad?<\/p>\n<\/div>\n<div class=\"bbc-19j92fr ebmt73l0\" dir=\"ltr\">\n<p class=\"bbc-hhl7in e17g058b0\" dir=\"ltr\">&#8220;Ahora mismo todo est\u00e1 en el aire, y de eso se trata. Todo el mundo anda con pies de plomo, sin saber qu\u00e9 va a pasar&#8221;.<\/p>\n<\/div>\n<div class=\"bbc-19j92fr ebmt73l0\" dir=\"ltr\">\n<p class=\"bbc-hhl7in e17g058b0\" dir=\"ltr\">Sin embargo, hay un tema extremadamente divisivo en el que ya ha dicho anteriormente que est\u00e1 de acuerdo con Trump: la participaci\u00f3n de las mujeres transexuales en el deporte.<\/p>\n<\/div>\n<div class=\"bbc-19j92fr ebmt73l0\" dir=\"ltr\">\n<p class=\"bbc-hhl7in e17g058b0\" dir=\"ltr\">Navratilova cree firmemente que la inclusi\u00f3n de mujeres transg\u00e9nero en el tenis femenino es &#8220;un error&#8221;.<\/p>\n<p dir=\"ltr\">\n<\/div>\n<figure class=\"bbc-1qn0xuy\">\n<div class=\"bbc-18ywsw9\">\n<div style=\"width: 1034px\" class=\"wp-caption alignnone\"><img loading=\"lazy\" decoding=\"async\" class=\"bbc-139onq\" src=\"https:\/\/ichef.bbci.co.uk\/ace\/ws\/640\/cpsprodpb\/7e8f\/live\/a53137a0-4c31-11f0-a380-d5e16029f677.jpg.webp\" alt=\"Martina Navratilova y Julia Lemigova.\" width=\"1024\" height=\"576\" \/><p class=\"wp-caption-text\">Fuente de la imagen,Getty Images. Navratilova sigue viviendo en EE.UU. con su esposa, la modelo Julia Lemigova<\/p><\/div>\n<p class=\"bbc-by8ykd\" role=\"text\">\n<\/div>\n<\/figure>\n<div class=\"bbc-19j92fr ebmt73l0\" dir=\"ltr\">\n<p dir=\"ltr\">\n<p class=\"bbc-hhl7in e17g058b0\" dir=\"ltr\">Ella dice que no est\u00e1 de acuerdo con las normas actuales de la Asociaci\u00f3n Mundial de Tenis (WTA), que establecen que las mujeres transexuales pueden participar en los partidos femeninos si presentan una declaraci\u00f3n escrita y firmada de que son mujeres o no binarias, que sus niveles de testosterona han estado por debajo de un determinado l\u00edmite durante dos a\u00f1os y que mantienen esos niveles de testosterona.<\/p>\n<\/div>\n<div class=\"bbc-19j92fr ebmt73l0\" dir=\"ltr\">\n<p class=\"bbc-hhl7in e17g058b0\" dir=\"ltr\">Navratilova cree que las mujeres trans tienen ventajas biol\u00f3gicas en el deporte femenino, una creencia muy debatida.<\/p>\n<\/div>\n<div class=\"bbc-19j92fr ebmt73l0\" dir=\"ltr\">\n<p class=\"bbc-hhl7in e17g058b0\" dir=\"ltr\">&#8220;No deber\u00eda haber ostracismo ni acoso&#8221;, afirma, &#8220;pero los cuerpos masculinos tienen que jugar en deportes masculinos. Pueden seguir compitiendo. Las mujeres trans no est\u00e1n prohibidas en el deporte. S\u00f3lo tienen que competir en la categor\u00eda adecuada, que es la masculina. Es as\u00ed de sencillo&#8221;.<\/p>\n<\/div>\n<div class=\"bbc-19j92fr ebmt73l0\" dir=\"ltr\">\n<p class=\"bbc-hhl7in e17g058b0\" dir=\"ltr\">Y a\u00f1ade: &#8220;Al incluir cuerpos masculinos en el torneo femenino, ahora alguien no entra en el torneo: una mujer no entra en el torneo porque ahora un hombre ha ocupado su lugar&#8221;.<\/p>\n<\/div>\n<div class=\"bbc-19j92fr ebmt73l0\" dir=\"ltr\">\n<p class=\"bbc-hhl7in e17g058b0\" dir=\"ltr\">Cuando se le pregunt\u00f3 si deber\u00edamos &#8220;dedicar un poco m\u00e1s de tiempo a ser comprensivos&#8221; con las personas trans, Navratilova respondi\u00f3: &#8220;Muy comprensivos, pero eso no les da derecho a los espacios femeninos basados en el g\u00e9nero&#8221;.<\/p>\n<\/div>\n<div class=\"bbc-19j92fr ebmt73l0\" dir=\"ltr\">\n<h2 id=\"Su-lucha-contra-el-c\u00e1ncer\" class=\"bbc-1lgzob2 eglt09e0\" tabindex=\"-1\">Su lucha contra el c\u00e1ncer<\/h2>\n<\/div>\n<div class=\"bbc-19j92fr ebmt73l0\" dir=\"ltr\">\n<p class=\"bbc-hhl7in e17g058b0\" dir=\"ltr\">Navratilova ha hablado abiertamente de su lucha contra el c\u00e1ncer en los \u00faltimos 15 a\u00f1os.<\/p>\n<\/div>\n<div class=\"bbc-19j92fr ebmt73l0\" dir=\"ltr\">\n<p class=\"bbc-hhl7in e17g058b0\" dir=\"ltr\">La primera vez que le diagnosticaron c\u00e1ncer de mama fue en 2010, a los 52 a\u00f1os. 13 a\u00f1os m\u00e1s tarde, el c\u00e1ncer volvi\u00f3 a aparecer, junto con un segundo c\u00e1ncer en la garganta que no estaba vinculado.<\/p>\n<p dir=\"ltr\">\n<\/div>\n<figure class=\"bbc-1qn0xuy\">\n<div class=\"bbc-18ywsw9\">\n<div style=\"width: 1027px\" class=\"wp-caption alignnone\"><img loading=\"lazy\" decoding=\"async\" class=\"bbc-139onq\" src=\"https:\/\/ichef.bbci.co.uk\/ace\/ws\/640\/cpsprodpb\/c0d4\/live\/23cb7ee0-4c32-11f0-a380-d5e16029f677.jpg.webp\" alt=\"Navratilova en 2023.\" width=\"1017\" height=\"572\" \/><p class=\"wp-caption-text\">Fuente de la imagen,Getty Images.\u00a0 Navratilova dice que, tras recuperarse de su enfermedad, ahora se siente muy bien.<\/p><\/div>\n<p class=\"bbc-by8ykd\" role=\"text\">\n<\/div>\n<\/figure>\n<div class=\"bbc-19j92fr ebmt73l0\" dir=\"ltr\">\n<p dir=\"ltr\">\n<p class=\"bbc-hhl7in e17g058b0\" dir=\"ltr\">&#8220;Cuando me enter\u00e9, me puse as\u00ed&#8221;, cuenta Navratilova, mientras se golpea la cara con las manos, como si algo la sorprendiera. &#8220;Y me dije: &#8220;oh, este ganglio linf\u00e1tico es un poco m\u00e1s grande&#8221;. Y un par de semanas despu\u00e9s, sigue m\u00e1s grande&#8221;.<\/p>\n<\/div>\n<div class=\"bbc-19j92fr ebmt73l0\" dir=\"ltr\">\n<p class=\"bbc-hhl7in e17g058b0\" dir=\"ltr\">Tras un esc\u00e1ner, los m\u00e9dicos tambi\u00e9n detectaron el segundo c\u00e1ncer en su pecho.<\/p>\n<\/div>\n<div class=\"bbc-19j92fr ebmt73l0\" dir=\"ltr\">\n<p class=\"bbc-hhl7in e17g058b0\" dir=\"ltr\">&#8220;Nos dieron los resultados y era c\u00e1ncer&#8221;, dice. &#8220;Y yo: &#8216;Dios m\u00edo, me voy a morir'&#8221;.<\/p>\n<\/div>\n<div class=\"bbc-19j92fr ebmt73l0\" dir=\"ltr\">\n<p class=\"bbc-hhl7in e17g058b0\" dir=\"ltr\">Aunque dice que el tratamiento fue &#8220;un infierno&#8221;, ahora se siente &#8220;muy bien&#8221;.<\/p>\n<\/div>\n<div class=\"bbc-19j92fr ebmt73l0\" dir=\"ltr\">\n<p class=\"bbc-hhl7in e17g058b0\" dir=\"ltr\">&#8220;Toco madera, todo est\u00e1 bien y sin efectos secundarios en absoluto &#8211; aparte de que el vino tinto todav\u00eda no sabe bien, as\u00ed que me he pasado al tequila y al vodka&#8221;, se r\u00ede. &#8220;Tengo suerte. La cura fue un infierno, pero lo que vino despu\u00e9s ha sido genial&#8221;.<\/p>\n<\/div>\n<div class=\"bbc-19j92fr ebmt73l0\" dir=\"ltr\">\n<p class=\"bbc-hhl7in e17g058b0\" dir=\"ltr\">\u00bfEl c\u00e1ncer ha cambiado en algo a Navratilova?<\/p>\n<\/div>\n<div class=\"bbc-19j92fr ebmt73l0\" dir=\"ltr\">\n<p class=\"bbc-hhl7in e17g058b0\" dir=\"ltr\">&#8220;El c\u00e1ncer me ense\u00f1\u00f3 a apreciar de verdad cada d\u00eda, cosa que ya hac\u00eda bastante de todos modos&#8221;, dice. &#8220;Pero, sobre todo, a no preocuparme por las cosas peque\u00f1as. Esas tienen arreglo&#8221;.<\/p>\n<\/div>\n","protected":false},"excerpt":{"rendered":"<p>&nbsp; &nbsp; Hace 50 a\u00f1os, Martina Navratilova abandon\u00f3 la Checoslovaquia comunista en la que hab\u00eda nacido para empezar una nueva vida en Estados Unidos. A&hellip;<\/p>\n","protected":false},"author":99,"featured_media":533738,"comment_status":"open","ping_status":"open","sticky":false,"template":"","format":"standard","meta":{"footnotes":""},"categories":[24],"tags":[],"class_list":["post-533737","post","type-post","status-publish","format-standard","has-post-thumbnail","hentry","category-mundo"],"_links":{"self":[{"href":"https:\/\/diarioelpopular.com\/index.php\/wp-json\/wp\/v2\/posts\/533737","targetHints":{"allow":["GET"]}}],"collection":[{"href":"https:\/\/diarioelpopular.com\/index.php\/wp-json\/wp\/v2\/posts"}],"about":[{"href":"https:\/\/diarioelpopular.com\/index.php\/wp-json\/wp\/v2\/types\/post"}],"author":[{"embeddable":true,"href":"https:\/\/diarioelpopular.com\/index.php\/wp-json\/wp\/v2\/users\/99"}],"replies":[{"embeddable":true,"href":"https:\/\/diarioelpopular.com\/index.php\/wp-json\/wp\/v2\/comments?post=533737"}],"version-history":[{"count":1,"href":"https:\/\/diarioelpopular.com\/index.php\/wp-json\/wp\/v2\/posts\/533737\/revisions"}],"predecessor-version":[{"id":533739,"href":"https:\/\/diarioelpopular.com\/index.php\/wp-json\/wp\/v2\/posts\/533737\/revisions\/533739"}],"wp:featuredmedia":[{"embeddable":true,"href":"https:\/\/diarioelpopular.com\/index.php\/wp-json\/wp\/v2\/media\/533738"}],"wp:attachment":[{"href":"https:\/\/diarioelpopular.com\/index.php\/wp-json\/wp\/v2\/media?parent=533737"}],"wp:term":[{"taxonomy":"category","embeddable":true,"href":"https:\/\/diarioelpopular.com\/index.php\/wp-json\/wp\/v2\/categories?post=533737"},{"taxonomy":"post_tag","embeddable":true,"href":"https:\/\/diarioelpopular.com\/index.php\/wp-json\/wp\/v2\/tags?post=533737"}],"curies":[{"name":"wp","href":"https:\/\/api.w.org\/{rel}","templated":true}]}}