{"id":533747,"date":"2025-07-07T09:27:19","date_gmt":"2025-07-07T13:27:19","guid":{"rendered":"https:\/\/diarioelpopular.com\/?p=533747"},"modified":"2025-07-07T09:27:19","modified_gmt":"2025-07-07T13:27:19","slug":"la-trata-de-personas-en-la-comunidad-por-problemas-en-divulgacion-la-fiscalia-se-ve-obligada-a-retirar-cargos","status":"publish","type":"post","link":"https:\/\/diarioelpopular.com\/index.php\/2025\/07\/07\/la-trata-de-personas-en-la-comunidad-por-problemas-en-divulgacion-la-fiscalia-se-ve-obligada-a-retirar-cargos\/","title":{"rendered":"La trata de personas en la comunidad. Por problemas en divulgaci\u00f3n, la Fiscal\u00eda se ve obligada a retirar cargos"},"content":{"rendered":"<div id=\"attachment_533748\" style=\"width: 1210px\" class=\"wp-caption alignnone\"><img loading=\"lazy\" decoding=\"async\" aria-describedby=\"caption-attachment-533748\" class=\"wp-image-533748 size-custom-big-size\" src=\"https:\/\/diarioelpopular.com\/wp-content\/uploads\/2025\/07\/Screen-Shot-2025-07-07-at-9.21.17-AM-1200x677.png\" alt=\"\" width=\"1200\" height=\"677\" srcset=\"https:\/\/diarioelpopular.com\/wp-content\/uploads\/2025\/07\/Screen-Shot-2025-07-07-at-9.21.17-AM-1200x677.png 1200w, https:\/\/diarioelpopular.com\/wp-content\/uploads\/2025\/07\/Screen-Shot-2025-07-07-at-9.21.17-AM-300x169.png 300w, https:\/\/diarioelpopular.com\/wp-content\/uploads\/2025\/07\/Screen-Shot-2025-07-07-at-9.21.17-AM-768x433.png 768w, https:\/\/diarioelpopular.com\/wp-content\/uploads\/2025\/07\/Screen-Shot-2025-07-07-at-9.21.17-AM-636x359.png 636w, https:\/\/diarioelpopular.com\/wp-content\/uploads\/2025\/07\/Screen-Shot-2025-07-07-at-9.21.17-AM-129x73.png 129w, https:\/\/diarioelpopular.com\/wp-content\/uploads\/2025\/07\/Screen-Shot-2025-07-07-at-9.21.17-AM.png 1024w\" sizes=\"auto, (max-width: 1200px) 100vw, 1200px\" \/><p id=\"caption-attachment-533748\" class=\"wp-caption-text\">La Real Polic\u00eda Montada de Canad\u00e1 (RCMP) present\u00f3 decenas de cargos por trata de personas en 2019 tras descubrir que migrantes mexicanos trabajaban sin permiso en varios lugares de Ontario, incluyendo granjas frut\u00edcolas. (Maggie MacPherson\/CBC).<\/p><\/div>\n<p>&nbsp;<\/p>\n<p>&nbsp;<\/p>\n<ul>\n<li><em><strong>La investigaci\u00f3n de la RCMP y la CBSA comenz\u00f3 en 2018, y el juicio se cancel\u00f3 tras un acuerdo con la fiscal\u00eda.<\/strong><\/em><\/li>\n<\/ul>\n<p>&nbsp;<\/p>\n<p>El d\u00eda en que deb\u00eda comenzar un juicio de un mes contra un hispano acusado de trata de personas &#8220;significativa&#8221;, el caso de la Corona se vino abajo por un tecnicismo.<\/p>\n<p>Christian Vitela, de 37 a\u00f1os, y su abogado defensor no hab\u00edan recibido toda la informaci\u00f3n ni las pruebas relacionadas con el caso en los a\u00f1os previos al juicio penal, declar\u00f3 la fiscal adjunta de la Corona, Heather Palin, el 23 de abril.<\/p>\n<p>&#8220;Hubo un problema de divulgaci\u00f3n importante, que se materializ\u00f3 a finales de la semana pasada, y que podr\u00eda haber afectado negativamente al juicio&#8221;, declar\u00f3 Palin al juez del Tribunal de Ontario, Stephen Darroch.<\/p>\n<p>Vitela no hab\u00eda accedido a todos los registros telef\u00f3nicos de los trabajadores migrantes por los que se le acusaba de trata; los tel\u00e9fonos hab\u00edan sido confiscados por la RCMP y eran &#8220;un elemento clave en los procesos por trata de personas&#8221;, declar\u00f3 el abogado de Vitela, Tobias Okada-Phillips.<\/p>\n<p>La Real Polic\u00eda Montada de Canad\u00e1 (RCMP), que inicialmente present\u00f3 nueve cargos por trata de personas contra Vitela en 2019, tiene una versi\u00f3n diferente de los hechos. Esta incluye que notificaron a Vitela en varias ocasiones que la informaci\u00f3n estaba disponible y habilitaron una sala y una computadora para que pudiera consultar los materiales, pero Vitela nunca se present\u00f3.<\/p>\n<p>La RCMP inform\u00f3 a CBC Hamilton en un correo electr\u00f3nico en junio que no hacen comentarios sobre las decisiones tomadas por los fiscales, pero que &#8220;la informaci\u00f3n esencial requerida para probar los cargos&#8230; se proporcion\u00f3 a la defensa con mucha antelaci\u00f3n a las fechas programadas para el juicio&#8221;.<\/p>\n<p>Al final, la Fiscal\u00eda consider\u00f3 que el asunto era lo suficientemente grave como para cancelar el juicio, con la aprobaci\u00f3n del juez, y tras llegar a un acuerdo con Vitela. El Fiscal General de Ontario declin\u00f3 hacer m\u00e1s comentarios.<\/p>\n<p>La investigaci\u00f3n conjunta de la RCMP y la Agencia de Servicios Fronterizos de Canad\u00e1 (CBSA), que comenz\u00f3 en 2018, involucr\u00f3 a varias agencias, incluyendo funcionarios federales de inmigraci\u00f3n y la polic\u00eda de Ontario, Hamilton, Peel, Ni\u00e1gara y Waterloo.<\/p>\n<p>Las fuerzas del orden afirmaron que trabajaron juntas para &#8220;combatir la delincuencia y garantizar la seguridad de todos nuestros ciudadanos&#8221;. En mayo, la Agencia de Servicios de Inmigraci\u00f3n Canadiense (CBSA) afirm\u00f3 que los arrestos y las sentencias reflejaban un &#8220;compromiso inquebrantable con la preservaci\u00f3n de la integridad del sistema de inmigraci\u00f3n de Canad\u00e1&#8221;.<\/p>\n<p>La trata de personas es uno de los delitos de mayor crecimiento a nivel mundial, seg\u00fan el gobierno de Ontario, que cuenta con una estrategia y financiaci\u00f3n para las investigaciones policiales y un equipo especial de la Fiscal\u00eda para &#8220;responsabilizar a los infractores mediante procesos judiciales rigurosos&#8221;.<\/p>\n<p><em><strong>80 mexicanos encontrados viviendo en &#8220;condiciones precarias&#8221;<\/strong><\/em><br \/>\nEn 2019, la Real Polic\u00eda Montada de Canad\u00e1 (RCMP) acus\u00f3 a Vitela del delito m\u00e1s grave de trata de personas, junto con otras cinco personas por cargos similares.<\/p>\n<p>La polic\u00eda inform\u00f3 en un comunicado de prensa que hab\u00eda encontrado a unas 80 personas procedentes de M\u00e9xico &#8220;en condiciones precarias&#8221; en varias propiedades, incluyendo una docena en la casa de Vitela en Milton, Ontario.<\/p>\n<p>Sin embargo, esta primavera, Vitela admiti\u00f3 el cargo menor de emplear a extranjeros sin autorizaci\u00f3n y fue condenado a dos a\u00f1os de libertad condicional. Tambi\u00e9n se le concedi\u00f3 la libertad condicional, lo que significa que no tendr\u00e1 antecedentes penales si cumple con los requisitos de la libertad condicional.<\/p>\n<p>Vitela les dio trabajo a los trabajadores migrantes, quienes no contaban con permisos de trabajo, a trav\u00e9s de su agencia de empleo, declar\u00f3 Palin, leyendo un escrito conjunto acordado por la defensa.<\/p>\n<p>Vitela organizaba su transporte de ida y vuelta a los lugares de trabajo en el \u00e1rea de Golden Horseshoe, incluyendo plantas de reciclaje y envasado de carne, invernaderos y granjas de flores, frutas y visones, afirm\u00f3 Palin. Las condiciones de trabajo eran, en ocasiones, extenuantes.<\/p>\n<p>Vitela cobraba los pagos de esos negocios y pagaba a los trabajadores, descontando el alquiler y otros gastos. Varios trabajadores recibieron menos dinero de Vitela de lo esperado, afirm\u00f3 Palin.<\/p>\n<p>La Real Polic\u00eda Montada de Canad\u00e1 (RCMP) inform\u00f3 a CBC Hamilton en un correo electr\u00f3nico el mes pasado que &#8220;exist\u00edan condiciones de control en la residencia de Vitela&#8221;.<\/p>\n<p>&#8220;Las v\u00edctimas denunciaron que se les oblig\u00f3 a entregar sus documentos de viaje y que no se les permit\u00eda salir al exterior cuando se encontraban en la residencia&#8221;, dijeron los investigadores.<\/p>\n<p>La trata de personas es una &#8220;forma moderna de esclavitud&#8221;, seg\u00fan el sitio web de Seguridad P\u00fablica de Canad\u00e1. Implica el reclutamiento, el transporte, la acogida y el ejercicio de control sobre personas mediante trabajo forzoso.<\/p>\n<p>La pena m\u00e1xima para una persona declarada culpable de trata de personas es cadena perpetua.<\/p>\n<p>En la audiencia de abril, Vitela se disculp\u00f3 por no haber investigado a dos personas que trabajaron para \u00e9l hace m\u00e1s de seis a\u00f1os durante un par de semanas.<\/p>\n<p>El juez reconoci\u00f3 el impacto significativo que los cargos han tenido en la vida de Vitela, incluyendo su negocio y su capacidad para viajar.<\/p>\n<p>&#8220;Tener cargos pendientes durante tanto tiempo puede tener un efecto disuasorio significativo&#8221;, dijo Darroch. &#8220;Espero que sea tu caso&#8221;.<\/p>\n<p>Los cargos de la RCMP contra la madre de Vitela tambi\u00e9n fueron retirados.<\/p>\n<p><em><strong>Caso relacionado con otros delitos de trata en Hamilton<\/strong><\/em><\/p>\n<div id=\"attachment_533749\" style=\"width: 646px\" class=\"wp-caption alignnone\"><img loading=\"lazy\" decoding=\"async\" aria-describedby=\"caption-attachment-533749\" class=\"wp-image-533749 size-custom-full-size\" src=\"https:\/\/diarioelpopular.com\/wp-content\/uploads\/2025\/07\/Screen-Shot-2025-07-07-at-9.21.48-AM-636x476.png\" alt=\"\" width=\"636\" height=\"476\" srcset=\"https:\/\/diarioelpopular.com\/wp-content\/uploads\/2025\/07\/Screen-Shot-2025-07-07-at-9.21.48-AM-636x476.png 636w, https:\/\/diarioelpopular.com\/wp-content\/uploads\/2025\/07\/Screen-Shot-2025-07-07-at-9.21.48-AM-300x224.png 300w, https:\/\/diarioelpopular.com\/wp-content\/uploads\/2025\/07\/Screen-Shot-2025-07-07-at-9.21.48-AM-768x574.png 768w, https:\/\/diarioelpopular.com\/wp-content\/uploads\/2025\/07\/Screen-Shot-2025-07-07-at-9.21.48-AM-1200x897.png 1200w, https:\/\/diarioelpopular.com\/wp-content\/uploads\/2025\/07\/Screen-Shot-2025-07-07-at-9.21.48-AM-98x73.png 98w, https:\/\/diarioelpopular.com\/wp-content\/uploads\/2025\/07\/Screen-Shot-2025-07-07-at-9.21.48-AM.png 1024w\" sizes=\"auto, (max-width: 636px) 100vw, 636px\" \/><p id=\"caption-attachment-533749\" class=\"wp-caption-text\">M\u00e1s de una docena de indocumentados viv\u00edan precariamente en esta casa de Hamilton, bajo el control de Mario Roca Morales. (Samantha Beattie\/CBC)<\/p><\/div>\n<p>Vitela estaba vinculado a dos personas en Hamilton que tambi\u00e9n fueron acusadas de trata de personas en la investigaci\u00f3n de la RCMP: Miurel Bracamonte y Mario Roca Morales, declar\u00f3 Palin.<\/p>\n<p>Bracamonte, de 47 a\u00f1os, recog\u00eda y transportaba a trabajadores a lugares de trabajo, organizados por Vitela y Roca Morales, y posteriormente dirig\u00eda su propia agencia de empleo, declar\u00f3 el fiscal adjunto Jim Cruess en una audiencia en febrero de 2023.<\/p>\n<p>&#8220;Les di un trabajo; soy culpable&#8221;, declar\u00f3 Bracamonte ante el tribunal.<\/p>\n<p>Ella se declar\u00f3 culpable de emplear a extranjeros sin autorizaci\u00f3n y una condena de apenas cuatro meses de arresto domiciliario y ocho meses de libertad condicional.<\/p>\n<p>&#8220;Las acusaciones contra Miurel eran que ella era miembro secundaria del grupo&#8221;, declar\u00f3 Cruess en 2023. &#8220;Las m\u00e1s graves son contra el Sr. Roca [Morales] y el Sr. Vitela&#8221;. Roca Morales, de 52 a\u00f1os, se declar\u00f3 culpable de tres cargos de trata de personas en febrero de 2024 y fue sentenciado a ocho a\u00f1os y medio de prisi\u00f3n. Los hechos de su caso se expusieron en un escrito conjunto presentado ante el tribunal.<\/p>\n<p>Las seis personas, procedentes de M\u00e9xico, ingresaron a Canad\u00e1 por los aeropuertos de Montreal y Toronto en 2018 y 2019, y trabajaron para Roca Morales mientras viv\u00edan en condiciones precarias en Hamilton. \u00c9l determinaba sus salarios, cu\u00e1nto supuestamente le deb\u00edan y les retrasaba los pagos.<\/p>\n<p>Las reprend\u00eda verbalmente y las amenazaba con agredirlas f\u00edsicamente, quitarles el trabajo o la vivienda, o hacer que las arrestaran, mientras vest\u00eda ropa de camuflaje y, en ocasiones, portaba un arma, seg\u00fan el escrito conjunto. Agredi\u00f3 sexualmente a una de las mujeres y les dijo a otras que quer\u00eda embarazarlas, a\u00f1adi\u00f3.<\/p>\n<p>Otra mujer que viv\u00eda en su apartamento dijo que &#8220;tuvo miedo todo el tiempo&#8230; ya que \u00e9l siempre beb\u00eda y era violento con su esposa&#8221;, seg\u00fan el documento judicial. Roca Morales les restringi\u00f3 cu\u00e1ndo pod\u00edan ba\u00f1arse, cu\u00e1ndo pod\u00edan salir y qu\u00e9 pod\u00edan comer.<\/p>\n<p>M\u00e1s de 12 personas viv\u00edan en una de sus casas a la vez, las cuales estaban infestadas de chinches, cucarachas y ratones.<\/p>\n<p>Un hombre &#8220;abri\u00f3 el refrigerador y vio cucarachas saliendo a raudales del caj\u00f3n de las verduras&#8221;, seg\u00fan la presentaci\u00f3n conjunta.<\/p>\n<p>En su audiencia de sentencia, Roca Morales llam\u00f3 &#8220;criminales&#8221; a algunas de las v\u00edctimas y le dijo al juez que se fuera a la mierda.<\/p>\n<p>Roca Morales, quien es residente permanente de Canad\u00e1, probablemente ser\u00e1 deportado a su pa\u00eds natal, Guatemala, despu\u00e9s de cumplir su condena, seg\u00fan escuch\u00f3 el tribunal.<\/p>\n","protected":false},"excerpt":{"rendered":"<p>&nbsp; &nbsp; La investigaci\u00f3n de la RCMP y la CBSA comenz\u00f3 en 2018, y el juicio se cancel\u00f3 tras un acuerdo con la fiscal\u00eda. &nbsp;&hellip;<\/p>\n","protected":false},"author":99,"featured_media":533748,"comment_status":"open","ping_status":"open","sticky":false,"template":"","format":"standard","meta":{"footnotes":""},"categories":[21,11191],"tags":[],"class_list":["post-533747","post","type-post","status-publish","format-standard","has-post-thumbnail","hentry","category-canada","category-top-news"],"_links":{"self":[{"href":"https:\/\/diarioelpopular.com\/index.php\/wp-json\/wp\/v2\/posts\/533747","targetHints":{"allow":["GET"]}}],"collection":[{"href":"https:\/\/diarioelpopular.com\/index.php\/wp-json\/wp\/v2\/posts"}],"about":[{"href":"https:\/\/diarioelpopular.com\/index.php\/wp-json\/wp\/v2\/types\/post"}],"author":[{"embeddable":true,"href":"https:\/\/diarioelpopular.com\/index.php\/wp-json\/wp\/v2\/users\/99"}],"replies":[{"embeddable":true,"href":"https:\/\/diarioelpopular.com\/index.php\/wp-json\/wp\/v2\/comments?post=533747"}],"version-history":[{"count":1,"href":"https:\/\/diarioelpopular.com\/index.php\/wp-json\/wp\/v2\/posts\/533747\/revisions"}],"predecessor-version":[{"id":533750,"href":"https:\/\/diarioelpopular.com\/index.php\/wp-json\/wp\/v2\/posts\/533747\/revisions\/533750"}],"wp:featuredmedia":[{"embeddable":true,"href":"https:\/\/diarioelpopular.com\/index.php\/wp-json\/wp\/v2\/media\/533748"}],"wp:attachment":[{"href":"https:\/\/diarioelpopular.com\/index.php\/wp-json\/wp\/v2\/media?parent=533747"}],"wp:term":[{"taxonomy":"category","embeddable":true,"href":"https:\/\/diarioelpopular.com\/index.php\/wp-json\/wp\/v2\/categories?post=533747"},{"taxonomy":"post_tag","embeddable":true,"href":"https:\/\/diarioelpopular.com\/index.php\/wp-json\/wp\/v2\/tags?post=533747"}],"curies":[{"name":"wp","href":"https:\/\/api.w.org\/{rel}","templated":true}]}}