{"id":533752,"date":"2025-07-07T09:45:39","date_gmt":"2025-07-07T13:45:39","guid":{"rendered":"https:\/\/diarioelpopular.com\/?p=533752"},"modified":"2025-07-07T09:45:39","modified_gmt":"2025-07-07T13:45:39","slug":"la-maldita-normalidad-en-sinaloa","status":"publish","type":"post","link":"https:\/\/diarioelpopular.com\/index.php\/2025\/07\/07\/la-maldita-normalidad-en-sinaloa\/","title":{"rendered":"La maldita normalidad en Sinaloa"},"content":{"rendered":"<div id=\"attachment_533753\" style=\"width: 1210px\" class=\"wp-caption alignnone\"><img loading=\"lazy\" decoding=\"async\" aria-describedby=\"caption-attachment-533753\" class=\"wp-image-533753 size-custom-big-size\" src=\"https:\/\/diarioelpopular.com\/wp-content\/uploads\/2025\/07\/Screen-Shot-2025-07-07-at-9.44.51-AM-1200x806.png\" alt=\"\" width=\"1200\" height=\"806\" srcset=\"https:\/\/diarioelpopular.com\/wp-content\/uploads\/2025\/07\/Screen-Shot-2025-07-07-at-9.44.51-AM-1200x806.png 1200w, https:\/\/diarioelpopular.com\/wp-content\/uploads\/2025\/07\/Screen-Shot-2025-07-07-at-9.44.51-AM-300x201.png 300w, https:\/\/diarioelpopular.com\/wp-content\/uploads\/2025\/07\/Screen-Shot-2025-07-07-at-9.44.51-AM-768x516.png 768w, https:\/\/diarioelpopular.com\/wp-content\/uploads\/2025\/07\/Screen-Shot-2025-07-07-at-9.44.51-AM-636x427.png 636w, https:\/\/diarioelpopular.com\/wp-content\/uploads\/2025\/07\/Screen-Shot-2025-07-07-at-9.44.51-AM-80x55.png 80w, https:\/\/diarioelpopular.com\/wp-content\/uploads\/2025\/07\/Screen-Shot-2025-07-07-at-9.44.51-AM-109x73.png 109w, https:\/\/diarioelpopular.com\/wp-content\/uploads\/2025\/07\/Screen-Shot-2025-07-07-at-9.44.51-AM.png 1024w\" sizes=\"auto, (max-width: 1200px) 100vw, 1200px\" \/><p id=\"caption-attachment-533753\" class=\"wp-caption-text\">Autoridades resguardan la colonia Guadalupe Victoria tras un enfrentamiento armado entre civiles y elementos de la Guardia Nacional, el 5 de junio en Culiac\u00e1n. Jos\u00e9 Betanzos Z\u00e1rate (Cuartoscuro)<\/p><\/div>\n<p>&nbsp;<\/p>\n<p>&nbsp;<\/p>\n<h4 class=\"a_st\"><em>&#8211; Una mezcla de miedo, silencio y necesidad de seguir adelante conforman el d\u00eda a d\u00eda en el Estado, que cerr\u00f3 junio con m\u00e1s de 200 asesinatos y 80 desapariciones, el mes m\u00e1s violento desde que se inici\u00f3 la guerra entre Los Mayitos y Los Chapitos<\/em><\/h4>\n<p>&nbsp;<\/p>\n<p class=\"\">Es lunes, va terminando junio. Juan Ignacio se despierta y lo primero que hace es tomar el celular, revisa si tiene notificaciones y luego va a WhatsApp, pero antes de que conteste el mensaje pendiente que le dej\u00f3 su madre va al apartado de grupos. Est\u00e1 en cinco diferentes, el de su sitio de noticias preferido en tiempo real, el de la Secretar\u00eda de Seguridad P\u00fablica y otros tres que surgieron en septiembre como chats ciudadanos, pero tras nueve meses sabe que no es otra cosa m\u00e1s que propaganda de grupos criminales. Por eso est\u00e1 en tres diferentes: el que sabe que es de\u00a0<a title=\"https:\/\/elpais.com\/mexico\/2025-05-30\/mexico-y-estados-unidos-diezman-a-los-chapitos.html\" href=\"https:\/\/elpais.com\/mexico\/2025-05-30\/mexico-y-estados-unidos-diezman-a-los-chapitos.html\" target=\"_self\" rel=\"\" data-link-track-dtm=\"\" data-mrf-link=\"https:\/\/elpais.com\/mexico\/2025-05-30\/mexico-y-estados-unidos-diezman-a-los-chapitos.html\">Los Chapitos<\/a>\u00a0porque tienen de logotipo una pizza; otro que piensa que es de Los Mayitos porque tienen un sombrero, y uno m\u00e1s que, a su pensar, podr\u00eda ser intermedio, aunque es el cuarto o quinto despu\u00e9s de este tiempo, ya que los dem\u00e1s han sido cerrados por sus administradores a los que amenazaron.<\/p>\n<p class=\"\">Revisa todos, ya no por morbo, sino para decidir si hoy sale o no de su casa, si llevar\u00e1 a los ni\u00f1os con su abuela o t\u00eda, que le ayudan a cuidarlos desde septiembre, cuando la escuela p\u00fablica decidi\u00f3 cerrar sus puertas y enviar a las clases presenciales por la\u00a0<a title=\"https:\/\/elpais.com\/mexico\/2025-06-09\/hallazgo-de-fosas-policias-asesinados-y-un-total-de-24-homicidios-sinaloa-vive-uno-de-los-fines-de-semana-mas-sangrientos-del-ano.html\" href=\"https:\/\/elpais.com\/mexico\/2025-06-09\/hallazgo-de-fosas-policias-asesinados-y-un-total-de-24-homicidios-sinaloa-vive-uno-de-los-fines-de-semana-mas-sangrientos-del-ano.html\" target=\"_self\" rel=\"\" data-link-track-dtm=\"\" data-mrf-link=\"https:\/\/elpais.com\/mexico\/2025-06-09\/hallazgo-de-fosas-policias-asesinados-y-un-total-de-24-homicidios-sinaloa-vive-uno-de-los-fines-de-semana-mas-sangrientos-del-ano.html\">\u201cfalta de condiciones\u201d<\/a>, las que comprendi\u00f3 muy bien porque todav\u00eda cuando parte al trabajo le toca ver cuerpos hombres tirados en el asfalto; por suerte, le habr\u00eda tocado verlos envueltos en bolsas de pl\u00e1stico y\u00a0<a title=\"https:\/\/elpais.com\/mexico\/2025-06-27\/la-sombra-del-cjng-planea-sobre-sinaloa-en-medio-de-los-golpes-de-harfuch-al-crimen-en-la-region.html\" href=\"https:\/\/elpais.com\/mexico\/2025-06-27\/la-sombra-del-cjng-planea-sobre-sinaloa-en-medio-de-los-golpes-de-harfuch-al-crimen-en-la-region.html\" target=\"_self\" rel=\"\" data-link-track-dtm=\"\" data-mrf-link=\"https:\/\/elpais.com\/mexico\/2025-06-27\/la-sombra-del-cjng-planea-sobre-sinaloa-en-medio-de-los-golpes-de-harfuch-al-crimen-en-la-region.html\">no vio el espect\u00e1culo de sangre<\/a>. Posiblemente ya le toc\u00f3 ver cabezas regadas como si fueran sand\u00edas ca\u00eddas de un cami\u00f3n de la fruter\u00eda, pero prefiri\u00f3 hacer como que eso no ten\u00eda por qu\u00e9 afectarle. Aunque s\u00ed lo hizo.<\/p>\n<div id=\"elpais_gpt-INTEXT\">\n<div id=\"google_ads_iframe_7811748\/elpais_mexico_web_5__container__\">Ese lunes despert\u00f3 y sigui\u00f3 la rutina,<a title=\"https:\/\/elpais.com\/mexico\/2025-06-30\/16-cuerpos-en-una-camioneta-y-4-decapitados-colgados-de-un-puente-el-horror-sin-fin-de-la-guerra-en-sinaloa.html\" href=\"https:\/\/elpais.com\/mexico\/2025-06-30\/16-cuerpos-en-una-camioneta-y-4-decapitados-colgados-de-un-puente-el-horror-sin-fin-de-la-guerra-en-sinaloa.html\" target=\"_self\" rel=\"\" data-link-track-dtm=\"\" data-mrf-link=\"https:\/\/elpais.com\/mexico\/2025-06-30\/16-cuerpos-en-una-camioneta-y-4-decapitados-colgados-de-un-puente-el-horror-sin-fin-de-la-guerra-en-sinaloa.html\">\u00a0ley\u00f3 que 20 hombres hab\u00edan sido asesinados<\/a>, que cuatro de ellos hab\u00edan sido decapitados y colgados de sus piernas en un puente de la carretera M\u00e9xico 15 y otros 16 hombres yac\u00edan dentro de una camioneta como las que usan en su trabajo para ir a repartir paquetes, aunque sin logotipos, solo marcas con plum\u00f3n y un mensaje en una lona colgada, igual de grotesco como la primera vez que todo esto comenz\u00f3:\u00a0<a title=\"https:\/\/elpais.com\/mexico\/2024-09-09\/culiacan-amanece-bajo-el-fuego-cruzado-de-nuevos-enfrentamientos-entre-el-narco-y-el-ejercito.html\" href=\"https:\/\/elpais.com\/mexico\/2024-09-09\/culiacan-amanece-bajo-el-fuego-cruzado-de-nuevos-enfrentamientos-entre-el-narco-y-el-ejercito.html\" target=\"_self\" rel=\"\" data-link-track-dtm=\"\" data-mrf-link=\"https:\/\/elpais.com\/mexico\/2024-09-09\/culiacan-amanece-bajo-el-fuego-cruzado-de-nuevos-enfrentamientos-entre-el-narco-y-el-ejercito.html\">el 9 de septiembre de 2024<\/a>.<\/div>\n<\/div>\n<p class=\"\">Se le revuelve el est\u00f3mago. Una semana antes fue amenazado un hermano suyo cuando reci\u00e9n sal\u00eda de su trabajo en la cafeter\u00eda que abri\u00f3 hace poco menos de un a\u00f1o. Una mujer tom\u00f3 el tel\u00e9fono del negocio a la fuerza y le llam\u00f3 para exigirle el pago de una deuda que no tiene, una inventada, de 230.000 pesos (unos 12.000 d\u00f3lares). La amenaza incluy\u00f3 la advertencia: \u201cA los chapitos les urge para seguir con la guerra\u201d.<\/p>\n<p class=\"\">Se le viene a la mente y le carcome, porque su hermano ten\u00eda mucho miedo cuando le cont\u00f3, era la segunda vez que le pasaba en este conflicto, el mismo en el que han asesinado a comerciantes e incendiado sus negocios luego de haber pasado por lo mismo. Reza y mientras recuerda el mensaje de su mam\u00e1, se le sube la sangre y llama desesperado. Ella le contesta y le pregunta si est\u00e1 bien, \u00e9l le pide saber de su hermano, pero el otro est\u00e1 dormido a\u00fan, roncando del cansancio tras la cena a la que no fue para no manejar de noche desde el otro lado de la ciudad, donde han ocurrido los hechos m\u00e1s brutales en Culiac\u00e1n. Una parte de \u00e9l descansa. Se despide, pero antes promete que ir\u00e1 y llevar\u00e1 a los ni\u00f1os antes de las 10 de la ma\u00f1ana, para despu\u00e9s prepararse a tomar el turno de la tarde, que ahora empieza m\u00e1s temprano luego de los robos constantes en calles y carreteras. En la empresa ya no pueden prometer que los pedidos llegar\u00e1n a tiempo.<\/p>\n<p class=\"\">Y sale de casa, ya con la mochila hecha para los ni\u00f1os, va a dejar a su esposa y con el est\u00f3mago volteado por el susto. No es la primera vez que pasa por algo as\u00ed, pero sigue sinti\u00e9ndose de la misma manera. Prende la radio en el auto y escucha a Feliciano Castro Mel\u00e9ndrez, secretario general de Gobierno y vocero del Gobierno de Sinaloa; suple al gobernador Rub\u00e9n Rocha Moya, que se fue a un evento con la presidente, Claudia Sheinbaum Pardo, pero eso no le importa, sino que el funcionario evit\u00f3 hablar de las 20 personas asesinadas y dejadas en un puente al norte de la ciudad. Peor le fue cuando el funcionario dijo: \u201cSeguramente todos estamos contentos porque junio nos lleg\u00f3 con lluvias, necesitamos m\u00e1s lluvias y queremos m\u00e1s lluvias\u201d.<\/p>\n<p class=\"\">Piensa que no sabe si es una burla, una forma de no hacer m\u00e1s propaganda a los grupos criminales o si esto que pasa es \u2014o deber\u00eda\u2014\u00a0<a title=\"https:\/\/elpais.com\/mexico\/2024-12-21\/el-secretario-de-seguridad-de-sinaloa-dimite-tras-mas-de-100-dias-de-enfrentamientos-entre-facciones-del-cartel-de-sinaloa.html\" href=\"https:\/\/elpais.com\/mexico\/2024-12-21\/el-secretario-de-seguridad-de-sinaloa-dimite-tras-mas-de-100-dias-de-enfrentamientos-entre-facciones-del-cartel-de-sinaloa.html\" target=\"_self\" rel=\"\" data-link-track-dtm=\"\" data-mrf-link=\"https:\/\/elpais.com\/mexico\/2024-12-21\/el-secretario-de-seguridad-de-sinaloa-dimite-tras-mas-de-100-dias-de-enfrentamientos-entre-facciones-del-cartel-de-sinaloa.html\">\u201cser lo normal\u201d<\/a>. Lo confirm\u00f3 m\u00e1s tarde, cuando el gobernador Rocha Moya le dec\u00eda a un reportero que \u201ceso (la violencia) ya no es nota\u201d, pese a que junio termin\u00f3 con 208 asesinatos y 80 desapariciones, las cifras m\u00e1s elevadas desde que en septiembre comenzara el conflicto armado entre las dos facciones del C\u00e1rtel de Sinaloa, y el tercer m\u00e1s violento de la historia del Estado desde que se tiene registro por la Fiscal\u00eda General.<\/p>\n<p class=\"\">Juan Ignacio, un nombre ficticio usado para esta cr\u00f3nica por motivos de seguridad, apenas hab\u00eda ido a Villa Ju\u00e1rez, un centro poblacional al sur,\u00a0<a title=\"https:\/\/elpais.com\/mexico\/2025-04-08\/la-ultima-masacre-en-culiacan-no-nos-mataron-a-todos-porque-se-le-entrampo-el-rifle.html\" href=\"https:\/\/elpais.com\/mexico\/2025-04-08\/la-ultima-masacre-en-culiacan-no-nos-mataron-a-todos-porque-se-le-entrampo-el-rifle.html\" target=\"_self\" rel=\"\" data-link-track-dtm=\"\" data-mrf-link=\"https:\/\/elpais.com\/mexico\/2025-04-08\/la-ultima-masacre-en-culiacan-no-nos-mataron-a-todos-porque-se-le-entrampo-el-rifle.html\">donde la violencia ha sido peor que en Culiac\u00e1n<\/a>. All\u00e1 la gente dej\u00f3 de hacer fiestas en la cancha p\u00fablica, de tomar con los amigos en la banqueta, de tener los abarrotes abiertos despu\u00e9s de las 20.00 horas.<\/p>\n<p class=\"\">Ese lugar es importante para Sinaloa, se fund\u00f3 y cre\u00f3 por personas migrantes de otros Estados, quienes llegaron a Sinaloa para trabajar en el campo. Ha crecido tanto que tiene m\u00e1s personas que la cabecera municipal de Navolato, a donde pertenece. Entre agosto y mayo suele duplicarse la poblaci\u00f3n, es la temporada agr\u00edcola de mayor importancia no solo para la regi\u00f3n, sino para el pa\u00eds completo, cuando se siembra un tercio del ma\u00edz que se produce en todo M\u00e9xico, y el tomate de mayor calidad y exportaci\u00f3n.<\/p>\n<p class=\"\">Este a\u00f1o los migrantes se fueron en marzo, no quisieron quedarse a averiguar\u00a0<a title=\"https:\/\/elpais.com\/mexico\/2025-05-20\/las-alianzas-de-las-facciones-del-cartel-de-sinaloa-anaden-mas-fuego-a-la-guerra-en-el-estado.html\" href=\"https:\/\/elpais.com\/mexico\/2025-05-20\/las-alianzas-de-las-facciones-del-cartel-de-sinaloa-anaden-mas-fuego-a-la-guerra-en-el-estado.html\" target=\"_self\" rel=\"\" data-link-track-dtm=\"\" data-mrf-link=\"https:\/\/elpais.com\/mexico\/2025-05-20\/las-alianzas-de-las-facciones-del-cartel-de-sinaloa-anaden-mas-fuego-a-la-guerra-en-el-estado.html\">si habr\u00eda m\u00e1s violencia<\/a>.<\/p>\n<p class=\"\">Lleg\u00f3 al trabajo y se prepar\u00f3 para ir a encender la camioneta, hacer inventario y marcharse a entregar paquetes, pero lo llamaron de recursos humanos para informarle que las ventas no van bien y que tocar\u00e1 hacer recorte, que se ir\u00e1 en ese, pero que la indemnizaci\u00f3n se cumplir\u00e1 conforme a la Ley, aunque en cuanto se pueda y haya oportunidad lo recontratar\u00e1n. Acepta pensando en que debe las dos tarjetas de cr\u00e9dito y otra departamental. Que las vacaciones que plane\u00f3 no suceder\u00e1n. Suspira y firma resignado.<\/p>\n<p class=\"\">Enciende la radio y ahora ya no es un funcionario, sino Martha Reyes, presidente de la C\u00e1mara Patronal de la Rep\u00fablica Mexicana (Coparmex), quien lee el reporte del Seguro Social sobre empleos. Juan Ignacio se entera de que es uno de los m\u00e1s de 15.000 que se quedaron sin trabajo en este periodo de violencia. No es un alivio, porque luego la empresaria remata: \u201cEntonces creo que la recuperaci\u00f3n que vayamos a tener, si es que esto tiene un desenlace, va a tener costos muy, pero muy elevados. Yo creo que esto va a partir de cinco a 10 a\u00f1os m\u00ednimo\u201d.<\/p>\n<p class=\"\">Y regresa a casa de su madre por los ni\u00f1os, le cuenta a ella que ahora tocar\u00e1 hacer solicitudes de empleo, que trabajar\u00e1 como conductor privado de plataforma, pero que lo har\u00e1 hasta las 11 de la noche porque \u201cla cosa despu\u00e9s de esa hora se pone muy fea\u201d. Juan Ignacio dice: \u201cEs inevitable que ella no se preocupe, pero entiende que\u00a0<a title=\"https:\/\/elpais.com\/mexico\/2025-03-24\/dentro-las-entranas-de-la-voragine-del-cartel-de-sinaloa-estados-unidos-sabe-todo-de-los-chapitos-porque-esta-infiltrado-al-100.html\" href=\"https:\/\/elpais.com\/mexico\/2025-03-24\/dentro-las-entranas-de-la-voragine-del-cartel-de-sinaloa-estados-unidos-sabe-todo-de-los-chapitos-porque-esta-infiltrado-al-100.html\" target=\"_self\" rel=\"\" data-link-track-dtm=\"\" data-mrf-link=\"https:\/\/elpais.com\/mexico\/2025-03-24\/dentro-las-entranas-de-la-voragine-del-cartel-de-sinaloa-estados-unidos-sabe-todo-de-los-chapitos-porque-esta-infiltrado-al-100.html\">todo ha estado yendo de la chingada<\/a>\u201d.<\/p>\n<p class=\"\">La mujer le da la bendici\u00f3n a su hijo y comienza a platicar de los 20 muertos de la ma\u00f1ana, y que cuando fue al supermercado escuch\u00f3 a la cajera hablar de eso mientras su compa\u00f1era preguntaba: \u201c\u00bfEn qu\u00e9 habr\u00e1n andado esos plebes?\u201d. A Juan Ignacio se le viene a la mente cuando mataron a Joseph, el hermano de su amiga Itzel.<\/p>\n<p class=\"\">Se pregunta: \u201c\u00bfQu\u00e9 sentido tiene el d\u00eda de hoy? \u00bfC\u00f3mo est\u00e1n las mam\u00e1s, las hermanas, las hijas, los hermanos de esos 20 hombres? \u00bfYa los identificaron a todos? \u00bfHabr\u00e1 terminado alguna terrible espera para alguien? 20 hombres de un jal\u00f3n \u00bfy los que faltan?\u201d.<\/p>\n<p class=\"\">Cuando le dieron la noticia de Joseph, hace ocho a\u00f1os ya, la comida que preparaba Itzel se qued\u00f3 en la estufa, apenas pudo apagar el fuego. Ah\u00ed estuvo por d\u00edas hasta que se llen\u00f3 de hongos y se ech\u00f3 a perder. La p\u00e1gina de noticias L\u00ednea Directa sac\u00f3 la nota, hab\u00edan puesto mal su nombre y su direcci\u00f3n pero era \u00e9l. Despu\u00e9s revis\u00f3 m\u00e1s noticias de ese 29 de marzo, y hab\u00eda una nota con una foto donde reconoci\u00f3 su par de tenis asomados bajo la lona azul, a unos metros una fila de personas curiosas tomando fotos con su celular, le estaban tomando fotos al cuerpo del hermano de Itzel, todav\u00eda no sabe para qu\u00e9. Quer\u00eda respuestas y las obtuvo, pero aunque no las que necesitaba, pens\u00f3 que se lo merec\u00eda por buscar m\u00e1s informaci\u00f3n.<\/p>\n<p class=\"\">En Facebook y WhatsApp hab\u00eda muchas personas que circularon las fotograf\u00edas de los cuerpos colgados y de los otros cuerpos dentro de la camioneta.<\/p>\n<p class=\"\">A Juan Ignacio le pesa el coraz\u00f3n, dice sentir como si fuera de plomo. Llora y se limpia para que no lo vean sus hijos, su madre o su esposa, porque cree que debe ser fuerte, que ma\u00f1ana le tocar\u00e1 salir a buscar trabajo y conducir su veh\u00edculo como conductor privado de una aplicaci\u00f3n para seguir como si no pasara nada. Aunque sabe muy bien que eso no es verdad.<\/p>\n","protected":false},"excerpt":{"rendered":"<p>&nbsp; &nbsp; &#8211; Una mezcla de miedo, silencio y necesidad de seguir adelante conforman el d\u00eda a d\u00eda en el Estado, que cerr\u00f3 junio con&hellip;<\/p>\n","protected":false},"author":99,"featured_media":533753,"comment_status":"open","ping_status":"open","sticky":false,"template":"","format":"standard","meta":{"footnotes":""},"categories":[23],"tags":[],"class_list":["post-533752","post","type-post","status-publish","format-standard","has-post-thumbnail","hentry","category-latinoamerica"],"_links":{"self":[{"href":"https:\/\/diarioelpopular.com\/index.php\/wp-json\/wp\/v2\/posts\/533752","targetHints":{"allow":["GET"]}}],"collection":[{"href":"https:\/\/diarioelpopular.com\/index.php\/wp-json\/wp\/v2\/posts"}],"about":[{"href":"https:\/\/diarioelpopular.com\/index.php\/wp-json\/wp\/v2\/types\/post"}],"author":[{"embeddable":true,"href":"https:\/\/diarioelpopular.com\/index.php\/wp-json\/wp\/v2\/users\/99"}],"replies":[{"embeddable":true,"href":"https:\/\/diarioelpopular.com\/index.php\/wp-json\/wp\/v2\/comments?post=533752"}],"version-history":[{"count":1,"href":"https:\/\/diarioelpopular.com\/index.php\/wp-json\/wp\/v2\/posts\/533752\/revisions"}],"predecessor-version":[{"id":533754,"href":"https:\/\/diarioelpopular.com\/index.php\/wp-json\/wp\/v2\/posts\/533752\/revisions\/533754"}],"wp:featuredmedia":[{"embeddable":true,"href":"https:\/\/diarioelpopular.com\/index.php\/wp-json\/wp\/v2\/media\/533753"}],"wp:attachment":[{"href":"https:\/\/diarioelpopular.com\/index.php\/wp-json\/wp\/v2\/media?parent=533752"}],"wp:term":[{"taxonomy":"category","embeddable":true,"href":"https:\/\/diarioelpopular.com\/index.php\/wp-json\/wp\/v2\/categories?post=533752"},{"taxonomy":"post_tag","embeddable":true,"href":"https:\/\/diarioelpopular.com\/index.php\/wp-json\/wp\/v2\/tags?post=533752"}],"curies":[{"name":"wp","href":"https:\/\/api.w.org\/{rel}","templated":true}]}}