{"id":533760,"date":"2025-07-07T10:07:59","date_gmt":"2025-07-07T14:07:59","guid":{"rendered":"https:\/\/diarioelpopular.com\/?p=533760"},"modified":"2025-07-07T10:07:59","modified_gmt":"2025-07-07T14:07:59","slug":"arqueologos-peruanos-descubren-una-ciudad-de-3-500-anos-que-conectaba-el-pacifico-con-los-andes-y-la-amazonia","status":"publish","type":"post","link":"https:\/\/diarioelpopular.com\/index.php\/2025\/07\/07\/arqueologos-peruanos-descubren-una-ciudad-de-3-500-anos-que-conectaba-el-pacifico-con-los-andes-y-la-amazonia\/","title":{"rendered":"Arque\u00f3logos peruanos descubren una ciudad de 3.500 a\u00f1os que conectaba el Pac\u00edfico con los Andes y la Amazon\u00eda"},"content":{"rendered":"<p><img loading=\"lazy\" decoding=\"async\" class=\"alignnone size-custom-full-size wp-image-533761\" src=\"https:\/\/diarioelpopular.com\/wp-content\/uploads\/2025\/07\/Screen-Shot-2025-07-07-at-10.07.12-AM-636x357.png\" alt=\"\" width=\"636\" height=\"357\" srcset=\"https:\/\/diarioelpopular.com\/wp-content\/uploads\/2025\/07\/Screen-Shot-2025-07-07-at-10.07.12-AM-636x357.png 636w, https:\/\/diarioelpopular.com\/wp-content\/uploads\/2025\/07\/Screen-Shot-2025-07-07-at-10.07.12-AM-300x168.png 300w, https:\/\/diarioelpopular.com\/wp-content\/uploads\/2025\/07\/Screen-Shot-2025-07-07-at-10.07.12-AM-768x431.png 768w, https:\/\/diarioelpopular.com\/wp-content\/uploads\/2025\/07\/Screen-Shot-2025-07-07-at-10.07.12-AM-130x73.png 130w, https:\/\/diarioelpopular.com\/wp-content\/uploads\/2025\/07\/Screen-Shot-2025-07-07-at-10.07.12-AM.png 866w\" sizes=\"auto, (max-width: 636px) 100vw, 636px\" \/><\/p>\n<p>&nbsp;<\/p>\n<p>&nbsp;<\/p>\n<div class=\"bbc-19j92fr ebmt73l0\" dir=\"ltr\">\n<ul>\n<li class=\"bbc-hhl7in e17g058b0\" dir=\"ltr\"><em><b>Arque\u00f3logos peruanos han anunciado el descubrimiento de una antigua ciudad en la provincia de Barranca, en el norte de Per\u00fa.<\/b><\/em><\/li>\n<\/ul>\n<\/div>\n<div class=\"bbc-19j92fr ebmt73l0\" dir=\"ltr\">\n<p dir=\"ltr\">\n<p class=\"bbc-hhl7in e17g058b0\" dir=\"ltr\">Se cree que esta ciudad de 3.500 a\u00f1os de antig\u00fcedad, llamada Pe\u00f1ico, fue un importante centro comercial que conectaba a las primeras comunidades de la costa del Pac\u00edfico con las de la cordillera de los Andes y la cuenca del Amazonas.<\/p>\n<\/div>\n<div class=\"bbc-19j92fr ebmt73l0\" dir=\"ltr\">\n<p class=\"bbc-hhl7in e17g058b0\" dir=\"ltr\">Situado a unos 200 km al norte de Lima, el yacimiento se encuentra a unos 600 metros sobre el nivel del mar y se cree que fue fundado entre 1.800 y 1.500 a.C., m\u00e1s o menos en la misma \u00e9poca en que florecieron las primeras civilizaciones en Oriente Pr\u00f3ximo y Asia.<\/p>\n<\/div>\n<div class=\"bbc-19j92fr ebmt73l0\" dir=\"ltr\">\n<p class=\"bbc-hhl7in e17g058b0\" dir=\"ltr\">Los investigadores afirman que el descubrimiento arroja luz sobre lo que sucedi\u00f3 a la civilizaci\u00f3n m\u00e1s antigua de Am\u00e9rica, la Caral.<\/p>\n<\/div>\n<div class=\"bbc-19j92fr ebmt73l0\" dir=\"ltr\">\n<p class=\"bbc-hhl7in e17g058b0\" dir=\"ltr\">Pe\u00f1ico abrir\u00e1 sus puertas al p\u00fablico el pr\u00f3ximo 12 de julio.<\/p>\n<\/div>\n<section class=\"bbc-1o3v5ug\" role=\"region\" data-e2e=\"recommendations-heading\" aria-labelledby=\"recommendations-heading\">\n<div class=\"bbc-bjn8wh eveec6k2\"><\/div>\n<\/section>\n<figure class=\"bbc-1qn0xuy\">\n<div class=\"bbc-18ywsw9\">\n<div style=\"width: 1010px\" class=\"wp-caption alignnone\"><img loading=\"lazy\" decoding=\"async\" class=\"bbc-139onq\" src=\"https:\/\/ichef.bbci.co.uk\/ace\/ws\/640\/cpsprodpb\/fd45\/live\/b490d1d0-5a62-11f0-bb7d-5f9bf28de527.jpg.webp\" alt=\"Vista a\u00e9rea de la zona arqueol\u00f3gica de Pe\u00f1ico, en Per\u00fa, una antigua ciudad fundada hace 3.500 a\u00f1os.\" width=\"1000\" height=\"563\" \/><p class=\"wp-caption-text\">Fuente de la imagen,Reuters.\u00a0 Vista a\u00e9rea de la zona arqueol\u00f3gica de Pe\u00f1ico, en Per\u00fa, una antigua ciudad fundada hace 3.500 a\u00f1os.<\/p><\/div>\n<p class=\"bbc-by8ykd\" role=\"text\">\n<\/div>\n<\/figure>\n<div class=\"bbc-19j92fr ebmt73l0\" dir=\"ltr\">\n<p dir=\"ltr\">\n<p class=\"bbc-hhl7in e17g058b0\" dir=\"ltr\">Las im\u00e1genes de dron difundidas por los investigadores muestran una estructura circular ubicada en el centro de la ciudad, en la ladera de una colina, rodeada de restos de edificios de piedra y barro.<\/p>\n<\/div>\n<div class=\"bbc-19j92fr ebmt73l0\" dir=\"ltr\">\n<p class=\"bbc-hhl7in e17g058b0\" dir=\"ltr\">Ocho a\u00f1os de investigaci\u00f3n en el yacimiento han revelado 18 estructuras, entre ellas templos ceremoniales y complejos residenciales.<\/p>\n<\/div>\n<div class=\"bbc-19j92fr ebmt73l0\" dir=\"ltr\">\n<p class=\"bbc-hhl7in e17g058b0\" dir=\"ltr\">En los edificios del yacimiento los investigadores descubrieron objetos ceremoniales, esculturas de arcilla de figuras humanas y animales y collares de cuentas y conchas marinas.<\/p>\n<\/div>\n<div class=\"bbc-19j92fr ebmt73l0\" dir=\"ltr\">\n<p class=\"bbc-hhl7in e17g058b0\" dir=\"ltr\">Entre sus edificaciones destaca una estructura con significativos dise\u00f1os de &#8216;pututus&#8217; (instrumentos musicales de viento conformados por caracolas) representados en los muros de un sal\u00f3n cuadrangular que, creen los expertos, podr\u00eda identificar este edificio como un espacio importante de actividad administrativa e ideol\u00f3gica, inform\u00f3 EFE.<\/p>\n<\/div>\n<div class=\"bbc-19j92fr ebmt73l0\" dir=\"ltr\">\n<p class=\"bbc-hhl7in e17g058b0\" dir=\"ltr\">Pe\u00f1ico est\u00e1 situado cerca de donde se asent\u00f3 Caral, reconocida como la civilizaci\u00f3n m\u00e1s antigua conocida de Am\u00e9rica, hace 5.000 a\u00f1os, en torno al 3.000 a.C., en el valle peruano de Supe.<\/p>\n<\/div>\n<div class=\"bbc-19j92fr ebmt73l0\" dir=\"ltr\">\n<p class=\"bbc-hhl7in e17g058b0\" dir=\"ltr\">Caral cuenta con 32 monumentos, entre ellos grandes estructuras piramidales, una sofisticada agricultura de regad\u00edo y asentamientos urbanos. Se cree que se desarroll\u00f3 de forma aislada a otras civilizaciones primitivas comparables de la India, Egipto, Sumeria y China.<\/p>\n<\/div>\n<div class=\"bbc-19j92fr ebmt73l0\" dir=\"ltr\">\n<p class=\"bbc-hhl7in e17g058b0\" dir=\"ltr\">La arque\u00f3loga Ruth Shady, que dirigi\u00f3 la reciente investigaci\u00f3n sobre Pe\u00f1ico y la excavaci\u00f3n de Caral en la d\u00e9cada de 1990, declar\u00f3 que el descubrimiento era importante para comprender qu\u00e9 fue de la civilizaci\u00f3n de Caral despu\u00e9s de que fuera diezmada por el cambio clim\u00e1tico.<\/p>\n<\/div>\n<div class=\"bbc-19j92fr ebmt73l0\" dir=\"ltr\">\n<p class=\"bbc-hhl7in e17g058b0\" dir=\"ltr\">La comunidad de Pe\u00f1ico estaba &#8220;situada en un lugar estrat\u00e9gico para el comercio, para el intercambio con sociedades de la costa, la sierra y la selva&#8221;, declar\u00f3 Shady a la agencia de noticias Reuters.<\/p>\n<\/div>\n<div class=\"bbc-19j92fr ebmt73l0\" dir=\"ltr\">\n<p class=\"bbc-hhl7in e17g058b0\" dir=\"ltr\">Seg\u00fan el arque\u00f3logo Marco Machacuay, investigador del Ministerio de Cultura, la importancia de Pe\u00f1ico radica en que es la continuaci\u00f3n de la sociedad Caral, afirm\u00f3 el jueves en una conferencia de prensa en la que se dieron a conocer los hallazgos.<\/p>\n<\/div>\n<div class=\"bbc-19j92fr ebmt73l0\" dir=\"ltr\">\n<p class=\"bbc-hhl7in e17g058b0\" dir=\"ltr\">Per\u00fa alberga muchos de los descubrimientos arqueol\u00f3gicos m\u00e1s importantes de Am\u00e9rica, como la ciudadela inca de Machu Picchu en los Andes y las misteriosas L\u00edneas de Nazca, grabadas en el desierto de la costa central.<\/p>\n<\/div>\n","protected":false},"excerpt":{"rendered":"<p>&nbsp; &nbsp; Arque\u00f3logos peruanos han anunciado el descubrimiento de una antigua ciudad en la provincia de Barranca, en el norte de Per\u00fa. Se cree que&hellip;<\/p>\n","protected":false},"author":99,"featured_media":533761,"comment_status":"open","ping_status":"open","sticky":false,"template":"","format":"standard","meta":{"footnotes":""},"categories":[23,11354],"tags":[],"class_list":["post-533760","post","type-post","status-publish","format-standard","has-post-thumbnail","hentry","category-latinoamerica","category-sucesos"],"_links":{"self":[{"href":"https:\/\/diarioelpopular.com\/index.php\/wp-json\/wp\/v2\/posts\/533760","targetHints":{"allow":["GET"]}}],"collection":[{"href":"https:\/\/diarioelpopular.com\/index.php\/wp-json\/wp\/v2\/posts"}],"about":[{"href":"https:\/\/diarioelpopular.com\/index.php\/wp-json\/wp\/v2\/types\/post"}],"author":[{"embeddable":true,"href":"https:\/\/diarioelpopular.com\/index.php\/wp-json\/wp\/v2\/users\/99"}],"replies":[{"embeddable":true,"href":"https:\/\/diarioelpopular.com\/index.php\/wp-json\/wp\/v2\/comments?post=533760"}],"version-history":[{"count":1,"href":"https:\/\/diarioelpopular.com\/index.php\/wp-json\/wp\/v2\/posts\/533760\/revisions"}],"predecessor-version":[{"id":533762,"href":"https:\/\/diarioelpopular.com\/index.php\/wp-json\/wp\/v2\/posts\/533760\/revisions\/533762"}],"wp:featuredmedia":[{"embeddable":true,"href":"https:\/\/diarioelpopular.com\/index.php\/wp-json\/wp\/v2\/media\/533761"}],"wp:attachment":[{"href":"https:\/\/diarioelpopular.com\/index.php\/wp-json\/wp\/v2\/media?parent=533760"}],"wp:term":[{"taxonomy":"category","embeddable":true,"href":"https:\/\/diarioelpopular.com\/index.php\/wp-json\/wp\/v2\/categories?post=533760"},{"taxonomy":"post_tag","embeddable":true,"href":"https:\/\/diarioelpopular.com\/index.php\/wp-json\/wp\/v2\/tags?post=533760"}],"curies":[{"name":"wp","href":"https:\/\/api.w.org\/{rel}","templated":true}]}}