{"id":533771,"date":"2025-07-07T10:35:34","date_gmt":"2025-07-07T14:35:34","guid":{"rendered":"https:\/\/diarioelpopular.com\/?p=533771"},"modified":"2025-07-07T10:35:34","modified_gmt":"2025-07-07T14:35:34","slug":"cronicas-mario-vargas-llosa","status":"publish","type":"post","link":"https:\/\/diarioelpopular.com\/index.php\/2025\/07\/07\/cronicas-mario-vargas-llosa\/","title":{"rendered":"CR\u00d3NICAS: Mario Vargas Llosa"},"content":{"rendered":"<p><img loading=\"lazy\" decoding=\"async\" class=\"alignnone size-custom-full-size wp-image-533772\" src=\"https:\/\/diarioelpopular.com\/wp-content\/uploads\/2025\/07\/Screen-Shot-2025-07-07-at-10.34.57-AM-636x643.png\" alt=\"\" width=\"636\" height=\"643\" srcset=\"https:\/\/diarioelpopular.com\/wp-content\/uploads\/2025\/07\/Screen-Shot-2025-07-07-at-10.34.57-AM-636x643.png 636w, https:\/\/diarioelpopular.com\/wp-content\/uploads\/2025\/07\/Screen-Shot-2025-07-07-at-10.34.57-AM-297x300.png 297w, https:\/\/diarioelpopular.com\/wp-content\/uploads\/2025\/07\/Screen-Shot-2025-07-07-at-10.34.57-AM-72x73.png 72w, https:\/\/diarioelpopular.com\/wp-content\/uploads\/2025\/07\/Screen-Shot-2025-07-07-at-10.34.57-AM.png 682w\" sizes=\"auto, (max-width: 636px) 100vw, 636px\" \/><\/p>\n<p class=\"p1\"><em><strong>Por: Luc\u00eda P. de Garc\u00eda<\/strong><\/em><\/p>\n<p class=\"p1\"><em><strong>Toronto.-<\/strong><\/em> Aunque el escritor peruano Mario Vargas Llosa falleci\u00f3 hace m\u00e1s de dos meses en Lima, nunca es tarde para evocar su aporte a las letras, de tal excelencia que su nombre integra la lista de los galardonados con el Premio Nobel de Literatura.<span class=\"Apple-converted-space\">\u00a0<\/span><\/p>\n<p class=\"p1\">Mario naci\u00f3 en Arequipa, Per\u00fa, el 28 de marzo de 1936, en el seno de una familia de clase media. Su madre, Dora Llosa Ureta, le cri\u00f3 sola, cont\u00e1ndole que su padre, Ernesto Vargas Maldonado, operador de radio en una empresa de aviaci\u00f3n, hab\u00eda muerto poco antes de que \u00e9l naciera. Su abuelo materno llev\u00f3 a toda la familia a Cochabamba, Bolivia, donde hab\u00eda sido contratado para administrar una hacienda algodonera en Saipina, Santa Cruz. Instalados abuelos, t\u00edos y primas en una gran casona del centro hist\u00f3rico cochabambino, Mario creci\u00f3 besando y dando las buenas noches a la fotograf\u00eda de su \u201cpapacito que est\u00e1 en el cielo\u201d, seg\u00fan contar\u00eda.<span class=\"Apple-converted-space\">\u00a0<\/span><\/p>\n<p class=\"p1\">Estudi\u00f3 en el colegio La Salle rodeado de los mimos familiares y de tal dicha que llam\u00f3 aquella \u00e9poca como \u201cun Ed\u00e9n\u201d. \u00c9ste termin\u00f3 cuando su padre apareci\u00f3 luego de diez a\u00f1os, y se enter\u00f3 que el traslado familiar obedec\u00eda a que su madre necesitaba alejarse de los chismes que suscitaba el abandono de su esposo antes de que su hijo naciera. El mismo d\u00eda que lleg\u00f3, su progenitor les llev\u00f3 a Lima a su madre y a \u00e9l. La convivencia fue terrible. Entre los 11 y 16 a\u00f1os se dedic\u00f3 a leer para para evitar la presencia de su autoritario padre, quien precisamente para alejarlo de los libros le inscribi\u00f3 en el Colegio Militar Leoncio Prado. Ya graduado, Mario estudi\u00f3 Derecho y Literatura en la Universidad de San Marcos y empez\u00f3 a trabajar en varios peri\u00f3dicos.<span class=\"Apple-converted-space\">\u00a0<\/span><\/p>\n<p class=\"p1\">La experiencia militar la plasm\u00f3 en su primera novela \u201cLa ciudad y los perros\u201d, que comenz\u00f3 a escribirla en 1958 en Madrid, mientras con una beca hac\u00eda un doctorado de literatura. Le acompa\u00f1\u00f3 su t\u00eda materna Julia Urquide, divorciada y 11 a\u00f1os mayor que \u00e9l, con quien se hab\u00eda casado secretamente a los 19 a\u00f1os. En 1961 termin\u00f3 la novela en Par\u00eds, donde se hab\u00edan radicado muy modestamente mientras laboraba como profesor de espa\u00f1ol. En 1963 la econom\u00eda del hogar mejor\u00f3 cuando su novela gan\u00f3 el premio Biblioteca Breve de Seix Barral. Su fama contrast\u00f3 con la indignaci\u00f3n del Colegio Militar, consideraba que se lo hab\u00eda desprestigiado.<span class=\"Apple-converted-space\">\u00a0<\/span><\/p>\n<p class=\"p1\">En Par\u00eds sigui\u00f3 trabajando en la televisi\u00f3n francesa mientras su matrimonio entraba en crisis y escrib\u00eda \u201cLa casa verde\u201d, narraci\u00f3n de lo que ocurre en un prost\u00edbulo de Piura. La public\u00f3 en 1966, un a\u00f1o m\u00e1s tarde gan\u00f3 el premio R\u00f3mulo Gallegos. En esa \u00e9poca empez\u00f3 a contagiarse del ideal de la Revoluci\u00f3n Cubana, que no s\u00f3lo termin\u00f3 con la dictadura de Batista, sino que cautiv\u00f3 a las j\u00f3venes generaciones de Am\u00e9rica Latina. De all\u00ed naci\u00f3 el ensayo \u201cLa llamada de la tribu\u201d. A Cuba viaj\u00f3 2 veces como periodista.<span class=\"Apple-converted-space\">\u00a0<\/span><\/p>\n<p class=\"p1\">Mario escribi\u00f3 20 novelas, 14 libros de ensayo, 10 obras de teatro, dos libros de cr\u00f3nicas, uno de cuentos, uno de memorias, innumerables libros de recopilaciones de sus columnas y otros textos.<span class=\"Apple-converted-space\">\u00a0<\/span><\/p>\n<p class=\"p1\">Entre ellos se destacan: El pez en el agua, autobiograf\u00eda. La fiesta del Chivo, dictadura de Rafael Le\u00f3nidas Trujillo en Rep\u00fablica Dominicana. Conversaci\u00f3n en La Catedral, dictadura de Odr\u00eda. La guerra del fin del mundo, sublevaci\u00f3n de los Canudos en el Brasil de 1897. Pantale\u00f3n y las visitadoras, s\u00e1tira a un militar que organiza un prost\u00edbulo en la selva. El hablador, alguien de un pueblo de la Amazon\u00eda que lucha por conservar su cultura. Lituma en los Andes, violencia terrorista en Per\u00fa durante los a\u00f1os 80. Travesuras de la ni\u00f1a mala, historia de amor. El sue\u00f1o del celta, biograf\u00eda de Roger Casement. El para\u00edso en la otra esquina, novela hist\u00f3rica. \u201cLa t\u00eda Julia y el escribidor\u201d publicada en 1977, esc\u00e1ndalo familiar que caus\u00f3 la boda con su t\u00eda.<span class=\"Apple-converted-space\">\u00a0<\/span><\/p>\n<p class=\"p1\">Rota la relaci\u00f3n con Julia, en 1965 se cas\u00f3 con la sobrina de \u00e9sta, Patricia Llosa Urquide, quien tambi\u00e9n era su prima hermana; tuvieron tres hijos: \u00c1lvaro, Gonzalo y Morgana. En 1967 la pareja se mud\u00f3 a Londres, donde Mario ense\u00f1\u00f3 literatura en el Queen Mary\u00b4s College y colabor\u00f3 con el Servicio Latinoamericano de la BBC.<span class=\"Apple-converted-space\">\u00a0<\/span><\/p>\n<p class=\"p1\">La renombrada agente literaria Carmen Balcells le sugiri\u00f3 ir a Espa\u00f1a para ayudarle a promover sus escritos. En Barcelona, la familia de Mario fue casi vecina de la familia de Gabriel Garc\u00eda M\u00e1rquez, quien en mayo de 1967 hab\u00eda publicado \u201cCien a\u00f1os de soledad\u201d en Buenos Aires. La amistad entre los dos escritores peruano y colombiano, fue entra\u00f1able. Mario bas\u00f3 su tesis de doctorado en el famoso libro del Gabriel, titul\u00e1ndola \u201cGarc\u00eda M\u00e1rquez, historia de un deicidio\u201d. Lastimosamente la amistad termin\u00f3 en 1976, cuando, estando en M\u00e9xico en una reuni\u00f3n social, Mario propin\u00f3 un pu\u00f1etazo a Gabriel. Nunca se supo el motivo, pero el golpe repercuti\u00f3 en el \u201crealismo m\u00e1gico\u201d que cre\u00f3 Gabriel y en el Boom literario de los escritores latinoamericanos.<span class=\"Apple-converted-space\">\u00a0<\/span><\/p>\n<p class=\"p1\">A los 50 a\u00f1os de casados, Patricia y Mario se divorciaron. En tercer matrimonio para<span class=\"Apple-converted-space\">\u00a0 <\/span>\u00e9l, se cas\u00f3 con Isabel Presley, ex esposa de Julio Iglesias y de Miguel Boyer; la uni\u00f3n de la pareja dur\u00f3 8 a\u00f1os. De vuelta a Per\u00fa recuper\u00f3 los lazos con sus hijos y Patricia.<span class=\"Apple-converted-space\">\u00a0<\/span><\/p>\n<p class=\"p1\">Juntos evocaron su pol\u00e9mica incursi\u00f3n pol\u00edtica. De revolucionario fidelista pas\u00f3 al neoliberalismo y a la ultraderecha. En 1990 se candidatiz\u00f3 a la presidencia de Per\u00fa por Frente Democr\u00e1tico; perdi\u00f3 en segunda vuelta con Alberto Fujimori, quien le amenaz\u00f3 con quitarle la ciudadan\u00eda por criticar su gobierno. Por esa raz\u00f3n Mario adopt\u00f3 la ciudadan\u00eda espa\u00f1ola, no sin antes reafirmar que Per\u00fa estaba \u201cen sus entra\u00f1as\u201d. Luego apoy\u00f3 a Alejandro Toledo; critic\u00f3 a Ollanta Humala; vot\u00f3 por Alan Garc\u00eda. Atac\u00f3 a Keiko Fujimori; respald\u00f3 a Pedro Castillo; apoy\u00f3 a Pedro Pablo Kuczynski. Juntos recordaron su elecci\u00f3n como docente de la Academia Peruana de la Lengua Mario Vargas Llosa. Como acad\u00e9mico en la Academia Francesa de la Lengua y de la Real Academia Espa\u00f1ola de la Lengua. La entrega del Premio Pr\u00edncipe de Asturias de las Letras; el Premio Planeta; el Premio Cervantes; el Premio Nobel de Literatura 2010.<span class=\"Apple-converted-space\">\u00a0<\/span><\/p>\n<p class=\"p1\">Poco antes de partir a la eternidad el 13 de abril 2025, mes que festeja el idioma espa\u00f1ol, Mario Vargas Llosa leg\u00f3 4.600 libros a Cochabamba; as\u00ed reciproc\u00f3 la inmensa felicidad que le brind\u00f3 \u201cel Ed\u00e9n\u201d.<\/p>\n","protected":false},"excerpt":{"rendered":"<p>Por: Luc\u00eda P. de Garc\u00eda Toronto.- Aunque el escritor peruano Mario Vargas Llosa falleci\u00f3 hace m\u00e1s de dos meses en Lima, nunca es tarde para&hellip;<\/p>\n","protected":false},"author":99,"featured_media":533772,"comment_status":"open","ping_status":"open","sticky":false,"template":"","format":"standard","meta":{"footnotes":""},"categories":[81,11362],"tags":[],"class_list":["post-533771","post","type-post","status-publish","format-standard","has-post-thumbnail","hentry","category-columnistas","category-cronicas"],"_links":{"self":[{"href":"https:\/\/diarioelpopular.com\/index.php\/wp-json\/wp\/v2\/posts\/533771","targetHints":{"allow":["GET"]}}],"collection":[{"href":"https:\/\/diarioelpopular.com\/index.php\/wp-json\/wp\/v2\/posts"}],"about":[{"href":"https:\/\/diarioelpopular.com\/index.php\/wp-json\/wp\/v2\/types\/post"}],"author":[{"embeddable":true,"href":"https:\/\/diarioelpopular.com\/index.php\/wp-json\/wp\/v2\/users\/99"}],"replies":[{"embeddable":true,"href":"https:\/\/diarioelpopular.com\/index.php\/wp-json\/wp\/v2\/comments?post=533771"}],"version-history":[{"count":1,"href":"https:\/\/diarioelpopular.com\/index.php\/wp-json\/wp\/v2\/posts\/533771\/revisions"}],"predecessor-version":[{"id":533773,"href":"https:\/\/diarioelpopular.com\/index.php\/wp-json\/wp\/v2\/posts\/533771\/revisions\/533773"}],"wp:featuredmedia":[{"embeddable":true,"href":"https:\/\/diarioelpopular.com\/index.php\/wp-json\/wp\/v2\/media\/533772"}],"wp:attachment":[{"href":"https:\/\/diarioelpopular.com\/index.php\/wp-json\/wp\/v2\/media?parent=533771"}],"wp:term":[{"taxonomy":"category","embeddable":true,"href":"https:\/\/diarioelpopular.com\/index.php\/wp-json\/wp\/v2\/categories?post=533771"},{"taxonomy":"post_tag","embeddable":true,"href":"https:\/\/diarioelpopular.com\/index.php\/wp-json\/wp\/v2\/tags?post=533771"}],"curies":[{"name":"wp","href":"https:\/\/api.w.org\/{rel}","templated":true}]}}