{"id":533861,"date":"2025-07-10T09:23:32","date_gmt":"2025-07-10T13:23:32","guid":{"rendered":"https:\/\/diarioelpopular.com\/?p=533861"},"modified":"2025-07-10T09:23:32","modified_gmt":"2025-07-10T13:23:32","slug":"sin-agua-para-banarse-y-solo-sandwiches-para-comer-afloran-las-primeras-denuncias-por-las-malas-condiciones-en-alligator-alcatraz","status":"publish","type":"post","link":"https:\/\/diarioelpopular.com\/index.php\/2025\/07\/10\/sin-agua-para-banarse-y-solo-sandwiches-para-comer-afloran-las-primeras-denuncias-por-las-malas-condiciones-en-alligator-alcatraz\/","title":{"rendered":"Sin agua para ba\u00f1arse y solo s\u00e1ndwiches para comer: afloran las primeras denuncias por las malas condiciones en Alligator Alcatraz"},"content":{"rendered":"<div id=\"attachment_533862\" style=\"width: 646px\" class=\"wp-caption alignnone\"><img loading=\"lazy\" decoding=\"async\" aria-describedby=\"caption-attachment-533862\" class=\"wp-image-533862 size-custom-full-size\" src=\"https:\/\/diarioelpopular.com\/wp-content\/uploads\/2025\/07\/Screen-Shot-2025-07-10-at-9.22.38-AM-636x425.png\" alt=\"\" width=\"636\" height=\"425\" srcset=\"https:\/\/diarioelpopular.com\/wp-content\/uploads\/2025\/07\/Screen-Shot-2025-07-10-at-9.22.38-AM-636x425.png 636w, https:\/\/diarioelpopular.com\/wp-content\/uploads\/2025\/07\/Screen-Shot-2025-07-10-at-9.22.38-AM-300x201.png 300w, https:\/\/diarioelpopular.com\/wp-content\/uploads\/2025\/07\/Screen-Shot-2025-07-10-at-9.22.38-AM-768x513.png 768w, https:\/\/diarioelpopular.com\/wp-content\/uploads\/2025\/07\/Screen-Shot-2025-07-10-at-9.22.38-AM-1536x1027.png 1536w, https:\/\/diarioelpopular.com\/wp-content\/uploads\/2025\/07\/Screen-Shot-2025-07-10-at-9.22.38-AM-1200x802.png 1200w, https:\/\/diarioelpopular.com\/wp-content\/uploads\/2025\/07\/Screen-Shot-2025-07-10-at-9.22.38-AM-109x73.png 109w, https:\/\/diarioelpopular.com\/wp-content\/uploads\/2025\/07\/Screen-Shot-2025-07-10-at-9.22.38-AM.png 1024w\" sizes=\"auto, (max-width: 636px) 100vw, 636px\" \/><p id=\"caption-attachment-533862\" class=\"wp-caption-text\">Interior de las jaulas en Alligator Alcatraz. Evan Vucci (AP)<\/p><\/div>\n<p>&nbsp;<\/p>\n<p>&nbsp;<\/p>\n<h4 class=\"a_st\"><em>&#8211; Tras abrir apenas hace una semana, los primeros inmigrantes en llegar al centro de detenci\u00f3n en los Everglades de Florida se quejan de que reciben un trato \u201cabusivo\u201d<\/em><\/h4>\n<p>&nbsp;<\/p>\n<p class=\"\">El controversial centro de detenci\u00f3n de inmigrantes Alligator Alcatraz, en Florida, ha tenido un arranque complicado, empa\u00f1ado por denuncias de malas condiciones y falta de acceso a las autoridades y la prensa local. Las operaciones empezaron oficialmente el 2 de julio, tras\u00a0<a title=\"https:\/\/elpais.com\/us\/migracion\/2025-07-01\/trump-visita-alligator-alcatraz-el-nuevo-centro-de-detencion-para-migrantes-en-florida-les-vamos-a-ensenar-como-huir-de-un-caiman-si-se-escapan.html\" href=\"https:\/\/elpais.com\/us\/migracion\/2025-07-01\/trump-visita-alligator-alcatraz-el-nuevo-centro-de-detencion-para-migrantes-en-florida-les-vamos-a-ensenar-como-huir-de-un-caiman-si-se-escapan.html\" target=\"_self\" rel=\"\" data-link-track-dtm=\"\" data-mrf-link=\"https:\/\/elpais.com\/us\/migracion\/2025-07-01\/trump-visita-alligator-alcatraz-el-nuevo-centro-de-detencion-para-migrantes-en-florida-les-vamos-a-ensenar-como-huir-de-un-caiman-si-se-escapan.html\">una visita de espaldarazo de Donald Trump<\/a>.<\/p>\n<p class=\"\">El Gobierno de Florida\u00a0<a title=\"https:\/\/elpais.com\/us\/migracion\/2025-06-25\/alligator-alcatraz-florida-levanta-un-centro-de-detencion-de-inmigrantes-en-los-everglades.html\" href=\"https:\/\/elpais.com\/us\/migracion\/2025-06-25\/alligator-alcatraz-florida-levanta-un-centro-de-detencion-de-inmigrantes-en-los-everglades.html\" target=\"_self\" rel=\"\" data-link-track-dtm=\"\" data-mrf-link=\"https:\/\/elpais.com\/us\/migracion\/2025-06-25\/alligator-alcatraz-florida-levanta-un-centro-de-detencion-de-inmigrantes-en-los-everglades.html\">levant\u00f3 en menos de dos semanas el centro de detenci\u00f3n<\/a> en un antiguo aeropuerto en el medio de una reserva ecol\u00f3gica en los Everglades, al oeste de Miami, donde instal\u00f3 carpas de lona con literas en celdas de alambre entrelazado, ba\u00f1os port\u00e1tiles y generadores el\u00e9ctricos. La construcci\u00f3n desat\u00f3 enormes protestas de medioambientalistas y tribus locales durante los pocos d\u00edas que dur\u00f3. Adem\u00e1s, la negativa de acceso a las autoridades locales y a la prensa, gener\u00f3 cr\u00edticas sobre falta de escrutinio p\u00fablico y garant\u00edas claras de legalidad.<\/p>\n<p class=\"\">Un hombre que se encuentra detenido ah\u00ed desde el jueves 3, cuando comenzaron a llegar los primeros reclusos, asegura que no tiene c\u00f3mo ba\u00f1arse o lavarse los dientes, que la comida consiste exclusivamente de s\u00e1ndwiches \u201ccon un pedacito de jam\u00f3n\u201d, y que a veces falla la electricidad, dijo su esposa.<\/p>\n<p class=\"\">\u201cSi alguien necesita ir a la enfermer\u00eda, lo llevan esposado de manos y pies, es un abuso\u201d, a\u00f1adi\u00f3 la mujer. Su marido,\u00a0<a title=\"https:\/\/elpais.com\/mexico\/2025-07-04\/sheinbaum-exigira-que-los-mexicanos-detenidos-en-alligator-alcatraz-sean-devueltos-de-inmediato.html\" href=\"https:\/\/elpais.com\/mexico\/2025-07-04\/sheinbaum-exigira-que-los-mexicanos-detenidos-en-alligator-alcatraz-sean-devueltos-de-inmediato.html\" target=\"_self\" rel=\"\" data-link-track-dtm=\"\" data-mrf-link=\"https:\/\/elpais.com\/mexico\/2025-07-04\/sheinbaum-exigira-que-los-mexicanos-detenidos-en-alligator-alcatraz-sean-devueltos-de-inmediato.html\">de nacionalidad mexicana<\/a>, fue detenido el 27 de junio por conducir sin licencia cuando iba a su trabajo, un sitio de construcci\u00f3n cerca de Tampa. Luego fue trasladado a Clearwater, Naples, Miami \u2014donde pas\u00f3 dos noches \u201cen un lugar peque\u00f1ito\u201d\u2014 y finalmente a Alligator Alcatraz el 3 de julio, cont\u00f3 la mujer, que \u201ctiene la esperanza\u201d de que lo deporten pronto \u201ca M\u00e9xico, y no a otro lado, como El Salvador o no s\u00e9 d\u00f3nde\u201d.<\/p>\n<p class=\"\">El hombre de 38 a\u00f1os y padre de cuatro hijos vive en Estados Unidos hace 20 a\u00f1os. Fue arrestado en 2014 por conducir bajo los efectos del alcohol. Seg\u00fan su esposa, es una persona trabajadora que no hace da\u00f1o a nadie. \u201cLamentablemente hay personas que se equivocan al ser j\u00f3venes, pero todos tienen derecho a rectificar\u201d, dijo.<\/p>\n<p class=\"\">En una grabaci\u00f3n de una llamada desde el centro de detenci\u00f3n se le escucha decir: \u201cSi me pasa algo, tienes toda mi informaci\u00f3n ah\u00ed, los demandas, porque esto aqu\u00ed no sirve, no sirve para nada\u201d.<\/p>\n<p>&nbsp;<\/p>\n<figure class=\"a_m a_m-h \">\n<p><div style=\"width: 424px\" class=\"wp-caption alignnone\"><img loading=\"lazy\" decoding=\"async\" class=\"_re lazyload a_m-h\" src=\"https:\/\/imagenes.elpais.com\/resizer\/v2\/7EUGUAIJIBL5FAUARCYAYKS5QI.jpg?auth=b12492fc2b6b19db94dad4f9e8b9945f715df3fbac13f551020823afba7ba71e&amp;width=414\" sizes=\"auto, (min-width:1199px) 1155px,(min-width:1001px) calc(100vw - 44px),(min-width:768px) 767px, 100vw\" srcset=\"https:\/\/imagenes.elpais.com\/resizer\/v2\/7EUGUAIJIBL5FAUARCYAYKS5QI.jpg?auth=b12492fc2b6b19db94dad4f9e8b9945f715df3fbac13f551020823afba7ba71e&amp;width=414 414w,https:\/\/imagenes.elpais.com\/resizer\/v2\/7EUGUAIJIBL5FAUARCYAYKS5QI.jpg?auth=b12492fc2b6b19db94dad4f9e8b9945f715df3fbac13f551020823afba7ba71e&amp;width=828 640w,https:\/\/imagenes.elpais.com\/resizer\/v2\/7EUGUAIJIBL5FAUARCYAYKS5QI.jpg?auth=b12492fc2b6b19db94dad4f9e8b9945f715df3fbac13f551020823afba7ba71e&amp;width=980 1000w,https:\/\/imagenes.elpais.com\/resizer\/v2\/7EUGUAIJIBL5FAUARCYAYKS5QI.jpg?auth=b12492fc2b6b19db94dad4f9e8b9945f715df3fbac13f551020823afba7ba71e&amp;width=1960 1960w\" alt=\"Trailers del Alligator Alcatraz.\" width=\"414\" height=\"276\" \/><p class=\"wp-caption-text\">Trailers del Alligator Alcatraz.Rebecca Blackwell (AP)<\/p><\/div><figcaption class=\"a_m_p\" aria-hidden=\"true\"><\/figcaption><\/figure>\n<p>&nbsp;<\/p>\n<p class=\"\">Reportes sobre las condiciones del centro y de que un detenido hab\u00eda sido trasladado al hospital generaron reacciones de funcionarios estatales y del Departamento de Seguridad Nacional (DHS), que desmintieron la informaci\u00f3n como \u201c<i>fake news<\/i>\u201d y se\u00f1alaron en redes sociales a la reportera de lo que describieron como \u201cteor\u00edas conspirativas\u201d.<\/p>\n<p class=\"\">El DHS escribi\u00f3 en X que \u201cmedios de noticias falsas\u201d estaban \u201cpromoviendo una falsa narrativa\u201d sobre \u201cextranjeros ilegales criminales condenados por violaci\u00f3n, homicidio y delitos sexuales contra menores\u201d, junto a un art\u00edculo del <i>Miami Herald<\/i>\u00a0que recogi\u00f3 el testimonio de familiares de tres detenidos en el centro.<\/p>\n<p class=\"\">El DHS a\u00f1adi\u00f3 que \u201cmantiene est\u00e1ndares de detenci\u00f3n m\u00e1s altos que la mayor\u00eda de las prisiones estadounidenses que albergan a ciudadanos del pa\u00eds\u201d y \u201ca todos los detenidos se les proporciona alimentaci\u00f3n adecuada, atenci\u00f3n m\u00e9dica, y se les brindan oportunidades para comunicarse con abogados y familiares\u201d. Un portavoz del Estado de Florida remiti\u00f3 esos comunicados.<\/p>\n<p class=\"\">El condado Miami-Dade, propietario del Aeropuerto Dade-Collier, donde se levant\u00f3 el centro, qued\u00f3 al margen de los planes del Estado, que ocup\u00f3 las instalaciones citando poderes de emergencia del gobernador Ron DeSantis. El lunes, la alcaldesa de Miami-Dade, la dem\u00f3crata Daniella Levine-Cava, solicit\u00f3 formalmente acceso al centro, en una carta al fiscal general de Florida, James Uthmeier. La alcaldesa dijo que estaba \u201cprofundamente preocupada por la\u00a0<a title=\"https:\/\/elpais.com\/us\/migracion\/2025-05-03\/las-vidas-truncadas-en-custodia-del-ice-siete-migrantes-mueren-en-los-primeros-100-dias-de-trump.html\" href=\"https:\/\/elpais.com\/us\/migracion\/2025-05-03\/las-vidas-truncadas-en-custodia-del-ice-siete-migrantes-mueren-en-los-primeros-100-dias-de-trump.html\" target=\"_self\" rel=\"\" data-link-track-dtm=\"\" data-mrf-link=\"https:\/\/elpais.com\/us\/migracion\/2025-05-03\/las-vidas-truncadas-en-custodia-del-ice-siete-migrantes-mueren-en-los-primeros-100-dias-de-trump.html\">alarmante cantidad de muertes y emergencias m\u00e9dicas<\/a>\u00a0en los centros de detenci\u00f3n de inmigrantes en Florida y en todo el pa\u00eds\u201d.<\/p>\n<p class=\"\"><a title=\"https:\/\/elpais.com\/us\/migracion\/2025-07-02\/la-florida-del-alligator-alcatraz-el-estado-donde-mas-inmigrantes-han-muerto-en-custodia-del-ice-en-lo-que-va-de-ano.html\" href=\"https:\/\/elpais.com\/us\/migracion\/2025-07-02\/la-florida-del-alligator-alcatraz-el-estado-donde-mas-inmigrantes-han-muerto-en-custodia-del-ice-en-lo-que-va-de-ano.html\" target=\"_self\" rel=\"\" data-link-track-dtm=\"\" data-mrf-link=\"https:\/\/elpais.com\/us\/migracion\/2025-07-02\/la-florida-del-alligator-alcatraz-el-estado-donde-mas-inmigrantes-han-muerto-en-custodia-del-ice-en-lo-que-va-de-ano.html\">Al menos cinco personas han muerto bajo custodia de inmigraci\u00f3n<\/a>\u00a0en Florida en lo que va de a\u00f1o, un repunte significativo con respecto a a\u00f1os anteriores. Tambi\u00e9n se ha reportado hacinamiento en los centros de detenci\u00f3n de inmigrantes, generando preocupaci\u00f3n sobre las condiciones.<\/p>\n<p class=\"\">Legisladores estatales dem\u00f3cratas que intentaron visitar el centro la semana pasada fueron rechazados por funcionarios estatales que alegaron preocupaciones de seguridad. Este mi\u00e9rcoles, el Gobierno de Florida emiti\u00f3 una invitaci\u00f3n formal a legisladores estatales y miembros del Congreso para un recorrido por las instalaciones este s\u00e1bado pr\u00f3ximo, report\u00f3 el <i>Miami Herald<\/i>.<\/p>\n<p class=\"\">Un portavoz del Servicio de Inmigraci\u00f3n y Control de Aduanas (ICE) indic\u00f3 que el Estado de Florida es quien est\u00e1 a cargo de Alligator Alcatraz. \u201cEl ICE no administra esta instalaci\u00f3n. La instalaci\u00f3n es gestionada por el Estado de Florida a trav\u00e9s de la Divisi\u00f3n de Manejo de Emergencias. Florida cuenta con miembros de la Guardia Nacional que operan bajo el programa 287(g) y han sido capacitados para desempe\u00f1ar funciones de detenci\u00f3n\u201d, dijo en un comunicado.<\/p>\n<p class=\"\">\u201cBajo el liderazgo de Trump, estamos trabajando a toda velocidad en formas innovadoras y rentables de cumplir con el mandato del pueblo estadounidense de llevar a cabo deportaciones masivas de inmigrantes ilegales con antecedentes criminales\u201d, agreg\u00f3.<\/p>\n<p class=\"\">La esposa del hombre de Tampa detenido dijo que \u201cninguna persona, por m\u00e1s mala que sea\u201d, merece ese trato. \u201cSi los van a deportar, que los deporten, pero no que los tengan tan mal. No se merecen que est\u00e9 as\u00ed. Venimos a trabajar, no a que nos traten como animales. Ahora un animal tiene m\u00e1s derechos que las personas\u201d, agreg\u00f3.<\/p>\n","protected":false},"excerpt":{"rendered":"<p>&nbsp; &nbsp; &#8211; Tras abrir apenas hace una semana, los primeros inmigrantes en llegar al centro de detenci\u00f3n en los Everglades de Florida se quejan&hellip;<\/p>\n","protected":false},"author":99,"featured_media":533862,"comment_status":"open","ping_status":"open","sticky":false,"template":"","format":"standard","meta":{"footnotes":""},"categories":[24],"tags":[],"class_list":["post-533861","post","type-post","status-publish","format-standard","has-post-thumbnail","hentry","category-mundo"],"_links":{"self":[{"href":"https:\/\/diarioelpopular.com\/index.php\/wp-json\/wp\/v2\/posts\/533861","targetHints":{"allow":["GET"]}}],"collection":[{"href":"https:\/\/diarioelpopular.com\/index.php\/wp-json\/wp\/v2\/posts"}],"about":[{"href":"https:\/\/diarioelpopular.com\/index.php\/wp-json\/wp\/v2\/types\/post"}],"author":[{"embeddable":true,"href":"https:\/\/diarioelpopular.com\/index.php\/wp-json\/wp\/v2\/users\/99"}],"replies":[{"embeddable":true,"href":"https:\/\/diarioelpopular.com\/index.php\/wp-json\/wp\/v2\/comments?post=533861"}],"version-history":[{"count":1,"href":"https:\/\/diarioelpopular.com\/index.php\/wp-json\/wp\/v2\/posts\/533861\/revisions"}],"predecessor-version":[{"id":533863,"href":"https:\/\/diarioelpopular.com\/index.php\/wp-json\/wp\/v2\/posts\/533861\/revisions\/533863"}],"wp:featuredmedia":[{"embeddable":true,"href":"https:\/\/diarioelpopular.com\/index.php\/wp-json\/wp\/v2\/media\/533862"}],"wp:attachment":[{"href":"https:\/\/diarioelpopular.com\/index.php\/wp-json\/wp\/v2\/media?parent=533861"}],"wp:term":[{"taxonomy":"category","embeddable":true,"href":"https:\/\/diarioelpopular.com\/index.php\/wp-json\/wp\/v2\/categories?post=533861"},{"taxonomy":"post_tag","embeddable":true,"href":"https:\/\/diarioelpopular.com\/index.php\/wp-json\/wp\/v2\/tags?post=533861"}],"curies":[{"name":"wp","href":"https:\/\/api.w.org\/{rel}","templated":true}]}}