{"id":533885,"date":"2025-07-11T08:32:07","date_gmt":"2025-07-11T12:32:07","guid":{"rendered":"https:\/\/diarioelpopular.com\/?p=533885"},"modified":"2025-07-11T08:32:07","modified_gmt":"2025-07-11T12:32:07","slug":"adolescente-de-16-anos-es-acusado-de-asesinato-por-la-muerte-de-uno-de-14","status":"publish","type":"post","link":"https:\/\/diarioelpopular.com\/index.php\/2025\/07\/11\/adolescente-de-16-anos-es-acusado-de-asesinato-por-la-muerte-de-uno-de-14\/","title":{"rendered":"Adolescente de 16 a\u00f1os es acusado de asesinato por la muerte de uno de 14"},"content":{"rendered":"<div id=\"attachment_533887\" style=\"width: 646px\" class=\"wp-caption alignnone\"><img loading=\"lazy\" decoding=\"async\" aria-describedby=\"caption-attachment-533887\" class=\"wp-image-533887 size-custom-full-size\" src=\"https:\/\/diarioelpopular.com\/wp-content\/uploads\/2025\/07\/Screen-Shot-2025-07-11-at-8.28.56-AM-636x485.png\" alt=\"\" width=\"636\" height=\"485\" srcset=\"https:\/\/diarioelpopular.com\/wp-content\/uploads\/2025\/07\/Screen-Shot-2025-07-11-at-8.28.56-AM-636x485.png 636w, https:\/\/diarioelpopular.com\/wp-content\/uploads\/2025\/07\/Screen-Shot-2025-07-11-at-8.28.56-AM-300x229.png 300w, https:\/\/diarioelpopular.com\/wp-content\/uploads\/2025\/07\/Screen-Shot-2025-07-11-at-8.28.56-AM-768x586.png 768w, https:\/\/diarioelpopular.com\/wp-content\/uploads\/2025\/07\/Screen-Shot-2025-07-11-at-8.28.56-AM-96x73.png 96w, https:\/\/diarioelpopular.com\/wp-content\/uploads\/2025\/07\/Screen-Shot-2025-07-11-at-8.28.56-AM.png 828w\" sizes=\"auto, (max-width: 636px) 100vw, 636px\" \/><p id=\"caption-attachment-533887\" class=\"wp-caption-text\">Abdoul Aziz Sarr, de 14 a\u00f1os y residente de Toronto, fue declarado muerto en un hospital tras ser apu\u00f1alado en el este de la ciudad. Foto: Polic\u00eda.<\/p><\/div>\n<p>&nbsp;<\/p>\n<p>&nbsp;<\/p>\n<ul>\n<li><em><strong>Un joven delincuente de 16 a\u00f1os ha sido acusado de asesinato en primer grado por la muerte de Abdoul Aziz Sarr, de 14 a\u00f1os, el fin de semana pasado.<\/strong><\/em><\/li>\n<\/ul>\n<p>&nbsp;<\/p>\n<p>El s\u00e1bado, alrededor de las 22:10, la Polic\u00eda de Toronto recibi\u00f3 una llamada por un apu\u00f1alamiento en la zona de las avenidas Eastern y Woodward.<\/p>\n<p>Los param\u00e9dicos fueron llamados por reportes de un apu\u00f1alamiento cerca de un restaurante de comida r\u00e1pida y una v\u00edctima masculina fue localizada con heridas y trasladada al hospital, donde fue declarada muerta.<\/p>\n<p>El lunes, el agresor se entreg\u00f3 a la polic\u00eda y fue acusado de asesinato en primer grado. Este es el decimonoveno homicidio en Toronto del a\u00f1o.<\/p>\n<p>Se solicita a cualquier persona que tenga informaci\u00f3n que se comunique con la polic\u00eda al 416-808-7400, con Crime Stoppers de forma an\u00f3nima al 416-222-TIPS (8477) o en 222tips.com.<\/p>\n","protected":false},"excerpt":{"rendered":"<p>&nbsp; &nbsp; Un joven delincuente de 16 a\u00f1os ha sido acusado de asesinato en primer grado por la muerte de Abdoul Aziz Sarr, de 14&hellip;<\/p>\n","protected":false},"author":99,"featured_media":533887,"comment_status":"open","ping_status":"open","sticky":false,"template":"","format":"standard","meta":{"footnotes":""},"categories":[11364],"tags":[],"class_list":["post-533885","post","type-post","status-publish","format-standard","has-post-thumbnail","hentry","category-toronto-gta"],"_links":{"self":[{"href":"https:\/\/diarioelpopular.com\/index.php\/wp-json\/wp\/v2\/posts\/533885","targetHints":{"allow":["GET"]}}],"collection":[{"href":"https:\/\/diarioelpopular.com\/index.php\/wp-json\/wp\/v2\/posts"}],"about":[{"href":"https:\/\/diarioelpopular.com\/index.php\/wp-json\/wp\/v2\/types\/post"}],"author":[{"embeddable":true,"href":"https:\/\/diarioelpopular.com\/index.php\/wp-json\/wp\/v2\/users\/99"}],"replies":[{"embeddable":true,"href":"https:\/\/diarioelpopular.com\/index.php\/wp-json\/wp\/v2\/comments?post=533885"}],"version-history":[{"count":1,"href":"https:\/\/diarioelpopular.com\/index.php\/wp-json\/wp\/v2\/posts\/533885\/revisions"}],"predecessor-version":[{"id":533888,"href":"https:\/\/diarioelpopular.com\/index.php\/wp-json\/wp\/v2\/posts\/533885\/revisions\/533888"}],"wp:featuredmedia":[{"embeddable":true,"href":"https:\/\/diarioelpopular.com\/index.php\/wp-json\/wp\/v2\/media\/533887"}],"wp:attachment":[{"href":"https:\/\/diarioelpopular.com\/index.php\/wp-json\/wp\/v2\/media?parent=533885"}],"wp:term":[{"taxonomy":"category","embeddable":true,"href":"https:\/\/diarioelpopular.com\/index.php\/wp-json\/wp\/v2\/categories?post=533885"},{"taxonomy":"post_tag","embeddable":true,"href":"https:\/\/diarioelpopular.com\/index.php\/wp-json\/wp\/v2\/tags?post=533885"}],"curies":[{"name":"wp","href":"https:\/\/api.w.org\/{rel}","templated":true}]}}