{"id":533911,"date":"2025-07-11T09:38:52","date_gmt":"2025-07-11T13:38:52","guid":{"rendered":"https:\/\/diarioelpopular.com\/?p=533911"},"modified":"2025-07-11T09:38:52","modified_gmt":"2025-07-11T13:38:52","slug":"por-que-trump-tiene-a-brasil-en-el-punto-de-mira-y-como-eso-puede-favorecer-a-lula","status":"publish","type":"post","link":"https:\/\/diarioelpopular.com\/index.php\/2025\/07\/11\/por-que-trump-tiene-a-brasil-en-el-punto-de-mira-y-como-eso-puede-favorecer-a-lula\/","title":{"rendered":"Por qu\u00e9 Trump tiene a Brasil en el punto de mira (y c\u00f3mo eso puede favorecer a Lula)"},"content":{"rendered":"<div id=\"attachment_533912\" style=\"width: 646px\" class=\"wp-caption alignnone\"><img loading=\"lazy\" decoding=\"async\" aria-describedby=\"caption-attachment-533912\" class=\"wp-image-533912 size-custom-full-size\" src=\"https:\/\/diarioelpopular.com\/wp-content\/uploads\/2025\/07\/Screen-Shot-2025-07-11-at-9.37.56-AM-636x359.png\" alt=\"\" width=\"636\" height=\"359\" srcset=\"https:\/\/diarioelpopular.com\/wp-content\/uploads\/2025\/07\/Screen-Shot-2025-07-11-at-9.37.56-AM-636x359.png 636w, https:\/\/diarioelpopular.com\/wp-content\/uploads\/2025\/07\/Screen-Shot-2025-07-11-at-9.37.56-AM-300x169.png 300w, https:\/\/diarioelpopular.com\/wp-content\/uploads\/2025\/07\/Screen-Shot-2025-07-11-at-9.37.56-AM-768x433.png 768w, https:\/\/diarioelpopular.com\/wp-content\/uploads\/2025\/07\/Screen-Shot-2025-07-11-at-9.37.56-AM-129x73.png 129w, https:\/\/diarioelpopular.com\/wp-content\/uploads\/2025\/07\/Screen-Shot-2025-07-11-at-9.37.56-AM.png 858w\" sizes=\"auto, (max-width: 636px) 100vw, 636px\" \/><p id=\"caption-attachment-533912\" class=\"wp-caption-text\">Donald Trump, y Jair Bolsonaro, el expresidente de Brasil, tienen una relaci\u00f3n estrecha.<\/p><\/div>\n<p>&nbsp;<\/p>\n<p>&nbsp;<\/p>\n<div class=\"bbc-19j92fr ebmt73l0\" dir=\"ltr\">\n<ul>\n<li class=\"bbc-hhl7in e17g058b0\" dir=\"ltr\"><em><b>Un mensaje que Donald Trump, emiti\u00f3 el mi\u00e9rcoles impact\u00f3 con fuerza en Brasil y llev\u00f3 la relaci\u00f3n entre ambas naciones al punto m\u00e1s bajo del que se tenga recuerdo.<\/b><\/em><\/li>\n<\/ul>\n<\/div>\n<div class=\"bbc-19j92fr ebmt73l0\" dir=\"ltr\">\n<p dir=\"ltr\">\n<p class=\"bbc-hhl7in e17g058b0\" dir=\"ltr\">Trump prometi\u00f3 bajo amenazas imponerle a Brasil aranceles de hasta el 50%.<\/p>\n<\/div>\n<div class=\"bbc-19j92fr ebmt73l0\" dir=\"ltr\">\n<p class=\"bbc-hhl7in e17g058b0\" dir=\"ltr\">Acus\u00f3 al pa\u00eds sudamericano de &#8220;ataques&#8221; a empresas tecnol\u00f3gicas estadounidenses y de llevar a cabo una &#8220;cacer\u00eda de brujas&#8221; contra, su amigo en ideolog\u00eda, el expresidente de extrema derecha Jair Bolsonaro, aliado suyo de larga data que enfrenta un proceso judicial por su participaci\u00f3n en un complot para anular las elecciones brasile\u00f1as de 2022.<\/p>\n<\/div>\n<div class=\"bbc-19j92fr ebmt73l0\" dir=\"ltr\">\n<p class=\"bbc-hhl7in e17g058b0\" dir=\"ltr\">La medida se produce tras una nueva ronda de enfrentamientos pol\u00edticos entre Trump y el actual presidente brasile\u00f1o, Luiz In\u00e1cio Lula da Silva, tensionando a\u00fan m\u00e1s una relaci\u00f3n que ya era tensa de por s\u00ed.<\/p>\n<\/div>\n<div class=\"bbc-19j92fr ebmt73l0\" dir=\"ltr\">\n<p class=\"bbc-hhl7in e17g058b0\" dir=\"ltr\">Trump hab\u00eda amenazado previamente a los miembros del grupo BRICS, del que Brasil forma parte, con aranceles, acus\u00e1ndolos de posturas antiestadounidenses.<\/p>\n<\/div>\n<div class=\"bbc-19j92fr ebmt73l0\" dir=\"ltr\">\n<p class=\"bbc-hhl7in e17g058b0\" dir=\"ltr\">El bloque incluye a India, Rusia y China, y ha crecido hasta incluir a Ir\u00e1n. Fue dise\u00f1ado para contrarrestar la abusiva influencia de EE.UU. en el mundo.<\/p>\n<\/div>\n<div class=\"bbc-19j92fr ebmt73l0\" dir=\"ltr\">\n<p class=\"bbc-hhl7in e17g058b0\" dir=\"ltr\">Lula respondi\u00f3 a la amenaza arancelaria de Trump en una publicaci\u00f3n en X, escribiendo que &#8220;Brasil es una naci\u00f3n soberana con instituciones independientes y no aceptar\u00e1 ning\u00fan tipo de tutelaje&#8221;.<\/p>\n<\/div>\n<div class=\"bbc-19j92fr ebmt73l0\" dir=\"ltr\">\n<p class=\"bbc-hhl7in e17g058b0\" dir=\"ltr\">Trump ha implementado un amplio programa de aranceles \u2014o impuestos a las importaciones\u2014 desde que regres\u00f3 al poder en enero.<\/p>\n<\/div>\n<div class=\"bbc-19j92fr ebmt73l0\" dir=\"ltr\">\n<p class=\"bbc-hhl7in e17g058b0\" dir=\"ltr\">Argumenta que estos impulsar\u00e1n la industria manufacturera estadounidense y proteger\u00e1n el empleo, aunque tambi\u00e9n los ha utilizado con fines pol\u00edticos.<\/p>\n<\/div>\n<div class=\"bbc-19j92fr ebmt73l0\" dir=\"ltr\">\n<p class=\"bbc-hhl7in e17g058b0\" dir=\"ltr\">Esto tambi\u00e9n parece ser cierto en el caso de Brasil.<\/p>\n<\/div>\n<div class=\"bbc-19j92fr ebmt73l0\" dir=\"ltr\">\n<p class=\"bbc-hhl7in e17g058b0\" dir=\"ltr\">El gobierno de Lula afirm\u00f3 que corresponder\u00eda con aranceles rec\u00edprocos para los productos estadounidenses. Sin embargo, no est\u00e1 claro c\u00f3mo podr\u00eda darse esto o si Brasil si quiera tiene la capacidad econ\u00f3mica para afrontar las consecuencias de una escalada.<\/p>\n<\/div>\n<div class=\"bbc-19j92fr ebmt73l0\" dir=\"ltr\">\n<p class=\"bbc-hhl7in e17g058b0\" dir=\"ltr\">Mientras tanto, muchos brasile\u00f1os se preguntan por qu\u00e9 Trump ha atacado a su pa\u00eds y c\u00f3mo esta saga podr\u00eda terminar desenvolvi\u00e9ndose. La respuesta es f\u00e1cil de ver.<\/p>\n<\/div>\n<div class=\"bbc-19j92fr ebmt73l0\" dir=\"ltr\">\n<h2 id=\"Defendiendo-a-un-viejo-aliado\" class=\"bbc-1lgzob2 eglt09e0\" tabindex=\"-1\">Defendiendo a un viejo aliado<\/h2>\n<\/div>\n<figure class=\"bbc-1qn0xuy\">\n<div class=\"bbc-18ywsw9\">\n<div style=\"width: 5510px\" class=\"wp-caption alignnone\"><img loading=\"lazy\" decoding=\"async\" class=\"bbc-139onq\" src=\"https:\/\/ichef.bbci.co.uk\/ace\/ws\/640\/cpsprodpb\/f65c\/live\/8bc1c990-5dcc-11f0-b5c5-012c5796682d.jpg.webp\" alt=\"Jair Bolsonaro en una manifestaci\u00f3n con una imagen de Trump sosteniendo una bandera de EE.UU.\" width=\"5500\" height=\"3667\" \/><p class=\"wp-caption-text\">Fuente de la imagen,Reuters. La imagen de Trump se ve con frecuencia en los encuentros pol\u00edticos de apoyo a Bolsonaro.<\/p><\/div>\n<p class=\"bbc-by8ykd\" role=\"text\">\n<\/div>\n<\/figure>\n<div class=\"bbc-19j92fr ebmt73l0\" dir=\"ltr\">\n<p dir=\"ltr\">\n<p class=\"bbc-hhl7in e17g058b0\" dir=\"ltr\">Brasil es uno de los pocos pa\u00edses que le compra m\u00e1s a EE.UU. de lo que le vende, situaci\u00f3n que, en teor\u00eda, se ajusta a la agenda comercial de Trump.<\/p>\n<\/div>\n<div class=\"bbc-19j92fr ebmt73l0\" dir=\"ltr\">\n<p class=\"bbc-hhl7in e17g058b0\" dir=\"ltr\">Dado este desequilibrio, muchos analistas y pol\u00edticos brasile\u00f1os interpretaron la amenaza arancelaria como un gesto manifiesto de apoyo a Jair Bolsonaro.<\/p>\n<\/div>\n<div class=\"bbc-19j92fr ebmt73l0\" dir=\"ltr\">\n<p class=\"bbc-hhl7in e17g058b0\" dir=\"ltr\">Esto qued\u00f3 remarcado por la carta que Trump hizo p\u00fablica el mi\u00e9rcoles, criticando duramente al gobierno brasile\u00f1o y el juicio en contra de Bolsonaro que actualmente cursa en el Tribunal Supremo y gira alrededor de un presunto intento de golpe de Estado ocurrido hace dos a\u00f1os.<\/p>\n<\/div>\n<div class=\"bbc-19j92fr ebmt73l0\" dir=\"ltr\">\n<p class=\"bbc-hhl7in e17g058b0\" dir=\"ltr\">Los pol\u00edticos en Brasil ya esperaban que Trump le ofreciera alg\u00fan tipo de apoyo a Bolsonaro, pero no a esta escala.<\/p>\n<\/div>\n<div class=\"bbc-19j92fr ebmt73l0\" dir=\"ltr\">\n<p class=\"bbc-hhl7in e17g058b0\" dir=\"ltr\">El 8 de enero de 2023, cientos de partidarios de Bolsonaro irrumpieron en el Congreso, el Tribunal Supremo y el palacio presidencial de Brasil, en un aparente intento de revertir las elecciones que Lula hab\u00eda ganado unos meses antes.<\/p>\n<\/div>\n<div class=\"bbc-19j92fr ebmt73l0\" dir=\"ltr\">\n<p class=\"bbc-hhl7in e17g058b0\" dir=\"ltr\">Bolsonaro niega cualquier conexi\u00f3n con ese suceso, el cual muchos consideraron una versi\u00f3n brasile\u00f1a de los ataques al Capitolio de EE.UU., perpetrados por partidarios de Trump dos a\u00f1os antes. Trump tambi\u00e9n fue investigado tras los disturbios en EE. UU. y posteriormente en venganza, conden\u00f3 a quienes intentaron procesarlo.<\/p>\n<\/div>\n<div class=\"bbc-19j92fr ebmt73l0\" dir=\"ltr\">\n<p class=\"bbc-hhl7in e17g058b0\" dir=\"ltr\">Los partidarios de Bolsonaro llevan meses pidiendo alg\u00fan tipo de apoyo a Trump. Su hijo Eduardo se ausent\u00f3 del Congreso brasile\u00f1o, donde se desempe\u00f1a como diputado, y se mud\u00f3 a EE.UU.<\/p>\n<\/div>\n<div class=\"bbc-19j92fr ebmt73l0\" dir=\"ltr\">\n<p class=\"bbc-hhl7in e17g058b0\" dir=\"ltr\">Asiduo a Mar-a-Lago, ha buscado el apoyo para su padre en el c\u00edrculo \u00edntimo de Trump y en su movimiento MAGA (<i class=\"bbc-h1y5j7 eih42320\">Make America Great Again<\/i>).<\/p>\n<\/div>\n<div class=\"bbc-19j92fr ebmt73l0\" dir=\"ltr\">\n<p class=\"bbc-hhl7in e17g058b0\" dir=\"ltr\">En otra parte de su misiva, considerada como un firme respaldo a Bolsonaro, Trump acus\u00f3 al gobierno brasile\u00f1o de &#8220;ataques insidiosos a las elecciones libres y al derecho fundamental a la libertad de expresi\u00f3n de los estadounidenses&#8221;, incluyendo la censura de las &#8220;plataformas de redes sociales estadounidenses&#8221;.<\/p>\n<\/div>\n<div class=\"bbc-19j92fr ebmt73l0\" dir=\"ltr\">\n<p class=\"bbc-hhl7in e17g058b0\" dir=\"ltr\">Como parte de una investigaci\u00f3n en curso sobre la propagaci\u00f3n de desinformaci\u00f3n en el pa\u00eds, el Tribunal Supremo de Brasil ha ordenado en los \u00faltimos a\u00f1os el bloqueo de varias cuentas de redes sociales, muchas de ellas pertenecientes a partidarios de Bolsonaro.<\/p>\n<\/div>\n<div class=\"bbc-19j92fr ebmt73l0\" dir=\"ltr\">\n<h2 id=\"Impulso-para-Bolsonaro\" class=\"bbc-1lgzob2 eglt09e0\" tabindex=\"-1\">Impulso para Bolsonaro<\/h2>\n<\/div>\n<figure class=\"bbc-1qn0xuy\">\n<div class=\"bbc-18ywsw9\">\n<div style=\"width: 1546px\" class=\"wp-caption alignnone\"><img loading=\"lazy\" decoding=\"async\" class=\"bbc-139onq\" src=\"https:\/\/ichef.bbci.co.uk\/ace\/ws\/640\/cpsprodpb\/71b9\/live\/28589c20-5dcd-11f0-960d-e9f1088a89fe.jpg.webp\" alt=\"Jair Bolsonaro le entrega la camiseta n\u00famero 10 del equipo de Brasil -con el nombre Trump- al presidente de EE.UU. Donald Trump\" width=\"1536\" height=\"864\" \/><p class=\"wp-caption-text\">Fuente de la imagen,Getty Images.\u00a0 Bolsonaro le regal\u00f3 a su amigo una camiseta de f\u00fatbol brasile\u00f1a durante una reuni\u00f3n en la Casa Blanca en 2019.<\/p><\/div>\n<p class=\"bbc-by8ykd\" role=\"text\">\n<\/div>\n<\/figure>\n<div class=\"bbc-19j92fr ebmt73l0\" dir=\"ltr\">\n<p dir=\"ltr\">\n<p class=\"bbc-hhl7in e17g058b0\" dir=\"ltr\">Las autoridades y empresas brasile\u00f1as est\u00e1n corriendo a calcular el posible impacto econ\u00f3mico de los aranceles que se anunciaron, pero las consecuencias pol\u00edticas tambi\u00e9n podr\u00edan ser enormes.<\/p>\n<\/div>\n<div class=\"bbc-19j92fr ebmt73l0\" dir=\"ltr\">\n<p class=\"bbc-hhl7in e17g058b0\" dir=\"ltr\">Las palabras de Trump sugieren que Bolsonaro tiene una cercan\u00eda pol\u00edtica con el republicano que pocos pol\u00edticos brasile\u00f1os o latinoamericanos podr\u00edan so\u00f1ar.<\/p>\n<\/div>\n<div class=\"bbc-19j92fr ebmt73l0\" dir=\"ltr\">\n<p class=\"bbc-hhl7in e17g058b0\" dir=\"ltr\">La carta ser\u00e1 vista como un poderoso respaldo a Bolsonaro, quien desea postularse nuevamente a la presidencia, a pesar de que el m\u00e1ximo tribunal electoral del pa\u00eds le ha prohibido hacerlo hasta 2030.<\/p>\n<\/div>\n<div class=\"bbc-19j92fr ebmt73l0\" dir=\"ltr\">\n<p class=\"bbc-hhl7in e17g058b0\" dir=\"ltr\">Los partidarios del expresidente han sacado provecho pol\u00edtico de la amenaza de aranceles, sugiriendo que la culpa recae firmemente sobre Lula, el actual presidente.<\/p>\n<\/div>\n<div class=\"bbc-19j92fr ebmt73l0\" dir=\"ltr\">\n<p class=\"bbc-hhl7in e17g058b0\" dir=\"ltr\">&#8220;Lula antepuso la ideolog\u00eda a la econom\u00eda, y este es el resultado. La responsabilidad recae en quienes ostentan el poder. Las narrativas no resolver\u00e1n el problema&#8221;, declar\u00f3 el gobernador de S\u00e3o Paulo, Tarc\u00edsio de Freitas, un aliado incondicional de Bolsonaro.<\/p>\n<\/div>\n<div class=\"bbc-19j92fr ebmt73l0\" dir=\"ltr\">\n<p class=\"bbc-hhl7in e17g058b0\" dir=\"ltr\">Sin embargo, algunos analistas y pol\u00edticos afirman que, con el tiempo, el gesto de Trump podr\u00eda ser contraproducente para Bolsonaro.<\/p>\n<\/div>\n<div class=\"bbc-19j92fr ebmt73l0\" dir=\"ltr\">\n<p class=\"bbc-hhl7in e17g058b0\" dir=\"ltr\">EE.UU. es el segundo socio comercial m\u00e1s importante de Brasil, solo superado por China.<\/p>\n<\/div>\n<div class=\"bbc-19j92fr ebmt73l0\" dir=\"ltr\">\n<p class=\"bbc-hhl7in e17g058b0\" dir=\"ltr\">Y algunos de los sectores que m\u00e1s afectados podr\u00edan verse por una nueva ronda de aranceles estadounidenses son aquellos estrechamente alineados con la base pol\u00edtica de Bolsonaro, en particular la agroindustria.<\/p>\n<\/div>\n<div class=\"bbc-19j92fr ebmt73l0\" dir=\"ltr\">\n<p class=\"bbc-hhl7in e17g058b0\" dir=\"ltr\">Existe una creciente preocupaci\u00f3n por el posible impacto en las exportaciones brasile\u00f1as de naranjas, caf\u00e9 y carne de res a EE.UU..<\/p>\n<\/div>\n<div class=\"bbc-19j92fr ebmt73l0\" dir=\"ltr\">\n<h2 id=\"Salvaci\u00f3n-para-Lula\" class=\"bbc-1lgzob2 eglt09e0\" tabindex=\"-1\">\u00bfSalvaci\u00f3n para Lula?<\/h2>\n<\/div>\n<figure class=\"bbc-1qn0xuy\">\n<div class=\"bbc-18ywsw9\">\n<div style=\"width: 1546px\" class=\"wp-caption alignnone\"><img loading=\"lazy\" decoding=\"async\" class=\"bbc-139onq\" src=\"https:\/\/ichef.bbci.co.uk\/ace\/ws\/640\/cpsprodpb\/4516\/live\/bedfc420-5dcd-11f0-960d-e9f1088a89fe.jpg.webp\" alt=\"Luis Inacio Lula da Silva, sentado en una silla, con el pulgar izquierdo al aire\" width=\"1536\" height=\"864\" \/><p class=\"wp-caption-text\">Fuente de la imagen,Getty Images.\u00a0 Los analistas dicen que la medida de Trump podr\u00eda tener el efecto inesperado de beneficiar a Lula.<\/p><\/div>\n<p class=\"bbc-by8ykd\" role=\"text\">\n<\/div>\n<\/figure>\n<div class=\"bbc-19j92fr ebmt73l0\" dir=\"ltr\">\n<p dir=\"ltr\">\n<p class=\"bbc-hhl7in e17g058b0\" dir=\"ltr\">En lugar de hacerle el juego a Bolsonaro, la amenaza arancelaria de Trump podr\u00eda servir como salvavidas para Lula, quien ha estado lidiando con la ca\u00edda de su popularidad y con dificultades para tratar con el Congreso.<\/p>\n<\/div>\n<div class=\"bbc-19j92fr ebmt73l0\" dir=\"ltr\">\n<p class=\"bbc-hhl7in e17g058b0\" dir=\"ltr\">Una encuesta publicada en mayo sugiri\u00f3 que el 55% de los brasile\u00f1os desaprueba a Trump. Y es poco probable que una nueva ola de aranceles cambie esa opini\u00f3n.<\/p>\n<\/div>\n<div class=\"bbc-19j92fr ebmt73l0\" dir=\"ltr\">\n<p class=\"bbc-hhl7in e17g058b0\" dir=\"ltr\">Justo despu\u00e9s del anuncio de Trump, Lula y otros miembros de la izquierda brasile\u00f1a reaccionaron con un tono nacionalista, hablando de soberan\u00eda e intentando culpar a Bolsonaro por las posibles consecuencias econ\u00f3micas de los aranceles.<\/p>\n<\/div>\n<div class=\"bbc-19j92fr ebmt73l0\" dir=\"ltr\">\n<p class=\"bbc-hhl7in e17g058b0\" dir=\"ltr\">Pero las reacciones a las amenazas de Trump tambi\u00e9n han sido mayoritariamente negativas entre los pol\u00edticos de centro.<\/p>\n<\/div>\n<div class=\"bbc-19j92fr ebmt73l0\" dir=\"ltr\">\n<p class=\"bbc-hhl7in e17g058b0\" dir=\"ltr\">&#8220;Ning\u00fan ciudadano, especialmente los representantes elegidos por el pueblo, puede tolerar una agresi\u00f3n extranjera contra Brasil, independientemente de la supuesta justificaci\u00f3n. Es hora del verdadero patriotismo&#8221;, escribi\u00f3 Alessandro Vieira, senador de centro, quien suele mantener una postura cr\u00edtica contra Lula.<\/p>\n<\/div>\n<div class=\"bbc-19j92fr ebmt73l0\" dir=\"ltr\">\n<p class=\"bbc-hhl7in e17g058b0\" dir=\"ltr\">Algunos analistas argumentan que esto podr\u00eda generar un efecto de apoyo pol\u00edtico para Lula, quien necesita urgentemente un impulso pol\u00edtico.<\/p>\n<\/div>\n<div class=\"bbc-19j92fr ebmt73l0\" dir=\"ltr\">\n<p class=\"bbc-hhl7in e17g058b0\" dir=\"ltr\">&#8220;Incluso los cr\u00edticos de Lula podr\u00edan interpretar la acci\u00f3n de Trump como un ataque a la soberan\u00eda nacional y la independencia del poder judicial&#8221;, afirm\u00f3 Oliver Stuenkel, profesor de la Fundaci\u00f3n Get\u00falio Vargas (FGV) e investigador del centro de estudios Carnegie Endowment for International Peace en Washington.<\/p>\n<\/div>\n<div class=\"bbc-19j92fr ebmt73l0\" dir=\"ltr\">\n<p class=\"bbc-hhl7in e17g058b0\" dir=\"ltr\">Las elecciones presidenciales de Brasil en octubre de 2026 a\u00fan est\u00e1n lejos, pero algunos analistas ya est\u00e1n comparando la situaci\u00f3n con la de Canad\u00e1, donde un candidato de derecha que inicialmente se hab\u00eda comparado con Trump perdi\u00f3 ante un oponente m\u00e1s de centro que hizo campa\u00f1a abiertamente contra el l\u00edder estadounidense.<\/p>\n<\/div>\n<div class=\"bbc-19j92fr ebmt73l0\" dir=\"ltr\">\n<p class=\"bbc-hhl7in e17g058b0\" dir=\"ltr\">Como Bolsonaro est\u00e1 incapacitado para presentarse, sus aliados ya est\u00e1n discutiendo qu\u00e9 candidato representar\u00e1 a la derecha brasile\u00f1a en las urnas.<\/p>\n<\/div>\n<div class=\"bbc-19j92fr ebmt73l0\" dir=\"ltr\">\n<p class=\"bbc-hhl7in e17g058b0\" dir=\"ltr\">Miles de personas empezaron a compartir memes en redes sociales, donde se desarrolla gran parte del debate pol\u00edtico, con posibles candidatos para recibir el apoyo de Bolsonaro, a menudo con cr\u00edticas a la decisi\u00f3n de Trump.<\/p>\n<\/div>\n<div class=\"bbc-19j92fr ebmt73l0\" dir=\"ltr\">\n<p class=\"bbc-hhl7in e17g058b0\" dir=\"ltr\">Uno mostraba a Tarc\u00edsio, gobernador de S\u00e3o Paulo y probable candidato, con una gorra de Trump MAGA.<\/p>\n<\/div>\n<div class=\"bbc-19j92fr ebmt73l0\" dir=\"ltr\">\n<p class=\"bbc-hhl7in e17g058b0\" dir=\"ltr\">Con su amenaza de aranceles, Trump ha provocado una posible tormenta no solo para la econom\u00eda de Brasil, sino tambi\u00e9n para su futuro pol\u00edtico.<\/p>\n<\/div>\n","protected":false},"excerpt":{"rendered":"<p>&nbsp; &nbsp; Un mensaje que Donald Trump, emiti\u00f3 el mi\u00e9rcoles impact\u00f3 con fuerza en Brasil y llev\u00f3 la relaci\u00f3n entre ambas naciones al punto m\u00e1s&hellip;<\/p>\n","protected":false},"author":99,"featured_media":533912,"comment_status":"open","ping_status":"open","sticky":false,"template":"","format":"standard","meta":{"footnotes":""},"categories":[24],"tags":[],"class_list":["post-533911","post","type-post","status-publish","format-standard","has-post-thumbnail","hentry","category-mundo"],"_links":{"self":[{"href":"https:\/\/diarioelpopular.com\/index.php\/wp-json\/wp\/v2\/posts\/533911","targetHints":{"allow":["GET"]}}],"collection":[{"href":"https:\/\/diarioelpopular.com\/index.php\/wp-json\/wp\/v2\/posts"}],"about":[{"href":"https:\/\/diarioelpopular.com\/index.php\/wp-json\/wp\/v2\/types\/post"}],"author":[{"embeddable":true,"href":"https:\/\/diarioelpopular.com\/index.php\/wp-json\/wp\/v2\/users\/99"}],"replies":[{"embeddable":true,"href":"https:\/\/diarioelpopular.com\/index.php\/wp-json\/wp\/v2\/comments?post=533911"}],"version-history":[{"count":1,"href":"https:\/\/diarioelpopular.com\/index.php\/wp-json\/wp\/v2\/posts\/533911\/revisions"}],"predecessor-version":[{"id":533913,"href":"https:\/\/diarioelpopular.com\/index.php\/wp-json\/wp\/v2\/posts\/533911\/revisions\/533913"}],"wp:featuredmedia":[{"embeddable":true,"href":"https:\/\/diarioelpopular.com\/index.php\/wp-json\/wp\/v2\/media\/533912"}],"wp:attachment":[{"href":"https:\/\/diarioelpopular.com\/index.php\/wp-json\/wp\/v2\/media?parent=533911"}],"wp:term":[{"taxonomy":"category","embeddable":true,"href":"https:\/\/diarioelpopular.com\/index.php\/wp-json\/wp\/v2\/categories?post=533911"},{"taxonomy":"post_tag","embeddable":true,"href":"https:\/\/diarioelpopular.com\/index.php\/wp-json\/wp\/v2\/tags?post=533911"}],"curies":[{"name":"wp","href":"https:\/\/api.w.org\/{rel}","templated":true}]}}