{"id":533941,"date":"2025-07-12T09:46:29","date_gmt":"2025-07-12T13:46:29","guid":{"rendered":"https:\/\/diarioelpopular.com\/?p=533941"},"modified":"2025-07-12T09:46:29","modified_gmt":"2025-07-12T13:46:29","slug":"buscan-a-dos-ladrones-por-allanamiento-de-residencia-en-scarborough","status":"publish","type":"post","link":"https:\/\/diarioelpopular.com\/index.php\/2025\/07\/12\/buscan-a-dos-ladrones-por-allanamiento-de-residencia-en-scarborough\/","title":{"rendered":"Buscan a dos ladrones por allanamiento de residencia en Scarborough"},"content":{"rendered":"<div id=\"attachment_533942\" style=\"width: 646px\" class=\"wp-caption alignnone\"><img loading=\"lazy\" decoding=\"async\" aria-describedby=\"caption-attachment-533942\" class=\"wp-image-533942 size-custom-full-size\" src=\"https:\/\/diarioelpopular.com\/wp-content\/uploads\/2025\/07\/Screen-Shot-2025-07-12-at-9.41.36-AM-636x479.png\" alt=\"\" width=\"636\" height=\"479\" srcset=\"https:\/\/diarioelpopular.com\/wp-content\/uploads\/2025\/07\/Screen-Shot-2025-07-12-at-9.41.36-AM-636x479.png 636w, https:\/\/diarioelpopular.com\/wp-content\/uploads\/2025\/07\/Screen-Shot-2025-07-12-at-9.41.36-AM-300x226.png 300w, https:\/\/diarioelpopular.com\/wp-content\/uploads\/2025\/07\/Screen-Shot-2025-07-12-at-9.41.36-AM-97x73.png 97w, https:\/\/diarioelpopular.com\/wp-content\/uploads\/2025\/07\/Screen-Shot-2025-07-12-at-9.41.36-AM.png 698w\" sizes=\"auto, (max-width: 636px) 100vw, 636px\" \/><p id=\"caption-attachment-533942\" class=\"wp-caption-text\">Uno de los dos sospechosos buscados por la polic\u00eda. Foto: Handout\/Polic\u00eda de Toronto.<\/p><\/div>\n<p>&nbsp;<\/p>\n<p>&nbsp;<\/p>\n<ul>\n<li><em><strong>Investigadores solicitan la colaboraci\u00f3n ciudadana para identificar a dos sujetos en relaci\u00f3n con un allanamiento ocurrido el 2 de julio en Scarborough.<\/strong><\/em><\/li>\n<\/ul>\n<p>&nbsp;<\/p>\n<p>La Polic\u00eda de Toronto informa que los agentes acudieron tras el reporte de que dos sujetos llamaron a la puerta de una residencia cerca de Sheppard Ave. E. y Kennedy Rd. e ingresaron a la fuerza cuando las v\u00edctimas abrieron la puerta alrededor de las 23:15.<\/p>\n<p>Se dijo adem\u00e1s que uno de los asaltantes sac\u00f3 un cuchillo y ambos agredieron a las v\u00edctimas mientras les exig\u00edan dinero.<\/p>\n<p>Tambi\u00e9n se inform\u00f3 que se llevaron un tel\u00e9fono celular antes de huir de la zona y ambas v\u00edctimas sufrieron lesiones que no ponen en peligro su vida.<\/p>\n<p>La polic\u00eda busca a dos de entre 20 y 30 a\u00f1os. Uno de ellos tiene un tatuaje en la parte inferior interna del b\u00edceps derecho y otro en la parte interna del antebrazo izquierdo.<\/p>\n<div id=\"attachment_533943\" style=\"width: 646px\" class=\"wp-caption alignnone\"><img loading=\"lazy\" decoding=\"async\" aria-describedby=\"caption-attachment-533943\" class=\"wp-image-533943 size-custom-full-size\" src=\"https:\/\/diarioelpopular.com\/wp-content\/uploads\/2025\/07\/Screen-Shot-2025-07-12-at-9.42.57-AM-636x818.png\" alt=\"\" width=\"636\" height=\"818\" srcset=\"https:\/\/diarioelpopular.com\/wp-content\/uploads\/2025\/07\/Screen-Shot-2025-07-12-at-9.42.57-AM-636x818.png 636w, https:\/\/diarioelpopular.com\/wp-content\/uploads\/2025\/07\/Screen-Shot-2025-07-12-at-9.42.57-AM-233x300.png 233w, https:\/\/diarioelpopular.com\/wp-content\/uploads\/2025\/07\/Screen-Shot-2025-07-12-at-9.42.57-AM-768x988.png 768w, https:\/\/diarioelpopular.com\/wp-content\/uploads\/2025\/07\/Screen-Shot-2025-07-12-at-9.42.57-AM-57x73.png 57w, https:\/\/diarioelpopular.com\/wp-content\/uploads\/2025\/07\/Screen-Shot-2025-07-12-at-9.42.57-AM.png 796w\" sizes=\"auto, (max-width: 636px) 100vw, 636px\" \/><p id=\"caption-attachment-533943\" class=\"wp-caption-text\">Este es el segundo delincuente buscado por las autoridades. Polic\u00eda de Toronto.<\/p><\/div>\n<p><em><strong>Por agresi\u00f3n sexual a mujer que conoci\u00f3 en internet, es arrestado<\/strong><\/em><\/p>\n<div id=\"attachment_533944\" style=\"width: 646px\" class=\"wp-caption alignnone\"><img loading=\"lazy\" decoding=\"async\" aria-describedby=\"caption-attachment-533944\" class=\"wp-image-533944 size-custom-full-size\" src=\"https:\/\/diarioelpopular.com\/wp-content\/uploads\/2025\/07\/Screen-Shot-2025-07-12-at-9.44.38-AM-636x717.png\" alt=\"\" width=\"636\" height=\"717\" srcset=\"https:\/\/diarioelpopular.com\/wp-content\/uploads\/2025\/07\/Screen-Shot-2025-07-12-at-9.44.38-AM-636x717.png 636w, https:\/\/diarioelpopular.com\/wp-content\/uploads\/2025\/07\/Screen-Shot-2025-07-12-at-9.44.38-AM-266x300.png 266w, https:\/\/diarioelpopular.com\/wp-content\/uploads\/2025\/07\/Screen-Shot-2025-07-12-at-9.44.38-AM-768x866.png 768w, https:\/\/diarioelpopular.com\/wp-content\/uploads\/2025\/07\/Screen-Shot-2025-07-12-at-9.44.38-AM-65x73.png 65w, https:\/\/diarioelpopular.com\/wp-content\/uploads\/2025\/07\/Screen-Shot-2025-07-12-at-9.44.38-AM.png 844w\" sizes=\"auto, (max-width: 636px) 100vw, 636px\" \/><p id=\"caption-attachment-533944\" class=\"wp-caption-text\">Hamad Nadeem, de 23 a\u00f1os y residente de Mississauga, ha sido arrestado agresi\u00f3n sexual.\u00a0 \u00a0 \u00a0 \u00a0 \u00a0 \u00a0 \u00a0 \u00a0Foto: Polic\u00eda Regional de Peel.<\/p><\/div>\n<p>&nbsp;<\/p>\n<p>Un individuo de 23 a\u00f1os de Mississauga est\u00e1 acusado de agredir sexualmente a una mujer de 18 a\u00f1os tras conocerla por internet.<\/p>\n<p>La Polic\u00eda Regional de Peel dijo que, entre junio y julio, el sujeto se comunic\u00f3 con la mujer a trav\u00e9s de una aplicaci\u00f3n de citas, usando el nombre de usuario &#8220;Alejandro&#8221;, y finalmente concertaron una cita.<\/p>\n<p>Se dijo adem\u00e1s que el hombre lleg\u00f3 en un Tesla Model 3 blanco y agredi\u00f3 sexualmente a la mujer.<\/p>\n<p>Posteriormente, la polic\u00eda lo identific\u00f3 y fue arrestado el martes. Hamad Nadeem est\u00e1 acusado de agresi\u00f3n sexual.<\/p>\n<p>Los investigadores est\u00e1n preocupados por la posibilidad de otras posibles v\u00edctimas e instan a cualquier persona que tenga informaci\u00f3n a llamar a la Unidad de V\u00edctimas Especiales al 905-453-2121, ext. 3460, o a Crime Stoppers de forma an\u00f3nima al 1-800-222-TIPS (8477).<\/p>\n","protected":false},"excerpt":{"rendered":"<p>&nbsp; &nbsp; Investigadores solicitan la colaboraci\u00f3n ciudadana para identificar a dos sujetos en relaci\u00f3n con un allanamiento ocurrido el 2 de julio en Scarborough. &nbsp;&hellip;<\/p>\n","protected":false},"author":99,"featured_media":533942,"comment_status":"open","ping_status":"open","sticky":false,"template":"","format":"standard","meta":{"footnotes":""},"categories":[11364],"tags":[],"class_list":["post-533941","post","type-post","status-publish","format-standard","has-post-thumbnail","hentry","category-toronto-gta"],"_links":{"self":[{"href":"https:\/\/diarioelpopular.com\/index.php\/wp-json\/wp\/v2\/posts\/533941","targetHints":{"allow":["GET"]}}],"collection":[{"href":"https:\/\/diarioelpopular.com\/index.php\/wp-json\/wp\/v2\/posts"}],"about":[{"href":"https:\/\/diarioelpopular.com\/index.php\/wp-json\/wp\/v2\/types\/post"}],"author":[{"embeddable":true,"href":"https:\/\/diarioelpopular.com\/index.php\/wp-json\/wp\/v2\/users\/99"}],"replies":[{"embeddable":true,"href":"https:\/\/diarioelpopular.com\/index.php\/wp-json\/wp\/v2\/comments?post=533941"}],"version-history":[{"count":1,"href":"https:\/\/diarioelpopular.com\/index.php\/wp-json\/wp\/v2\/posts\/533941\/revisions"}],"predecessor-version":[{"id":533945,"href":"https:\/\/diarioelpopular.com\/index.php\/wp-json\/wp\/v2\/posts\/533941\/revisions\/533945"}],"wp:featuredmedia":[{"embeddable":true,"href":"https:\/\/diarioelpopular.com\/index.php\/wp-json\/wp\/v2\/media\/533942"}],"wp:attachment":[{"href":"https:\/\/diarioelpopular.com\/index.php\/wp-json\/wp\/v2\/media?parent=533941"}],"wp:term":[{"taxonomy":"category","embeddable":true,"href":"https:\/\/diarioelpopular.com\/index.php\/wp-json\/wp\/v2\/categories?post=533941"},{"taxonomy":"post_tag","embeddable":true,"href":"https:\/\/diarioelpopular.com\/index.php\/wp-json\/wp\/v2\/tags?post=533941"}],"curies":[{"name":"wp","href":"https:\/\/api.w.org\/{rel}","templated":true}]}}