{"id":533947,"date":"2025-07-12T10:02:05","date_gmt":"2025-07-12T14:02:05","guid":{"rendered":"https:\/\/diarioelpopular.com\/?p=533947"},"modified":"2025-07-12T10:02:48","modified_gmt":"2025-07-12T14:02:48","slug":"dos-chicas-menores-de-edad-arrestadas-tras-violento-ataque","status":"publish","type":"post","link":"https:\/\/diarioelpopular.com\/index.php\/2025\/07\/12\/dos-chicas-menores-de-edad-arrestadas-tras-violento-ataque\/","title":{"rendered":"Dos chicas menores de edad arrestadas tras violento ataque, otras son buscadas"},"content":{"rendered":"<p><img loading=\"lazy\" decoding=\"async\" class=\"alignnone size-custom-full-size wp-image-533948\" src=\"https:\/\/diarioelpopular.com\/wp-content\/uploads\/2025\/07\/Screen-Shot-2025-07-12-at-10.01.33-AM-636x474.png\" alt=\"\" width=\"636\" height=\"474\" srcset=\"https:\/\/diarioelpopular.com\/wp-content\/uploads\/2025\/07\/Screen-Shot-2025-07-12-at-10.01.33-AM-636x474.png 636w, https:\/\/diarioelpopular.com\/wp-content\/uploads\/2025\/07\/Screen-Shot-2025-07-12-at-10.01.33-AM-300x223.png 300w, https:\/\/diarioelpopular.com\/wp-content\/uploads\/2025\/07\/Screen-Shot-2025-07-12-at-10.01.33-AM-768x572.png 768w, https:\/\/diarioelpopular.com\/wp-content\/uploads\/2025\/07\/Screen-Shot-2025-07-12-at-10.01.33-AM-98x73.png 98w, https:\/\/diarioelpopular.com\/wp-content\/uploads\/2025\/07\/Screen-Shot-2025-07-12-at-10.01.33-AM.png 846w\" sizes=\"auto, (max-width: 636px) 100vw, 636px\" \/><\/p>\n<p>&nbsp;<\/p>\n<ul>\n<li><em><strong>La polic\u00eda inform\u00f3 que se ha emitido una orden de arresto contra otras.<\/strong><\/em><\/li>\n<\/ul>\n<p>Dos chicas, de 13 y 14 a\u00f1os, est\u00e1n acusadas de un ataque a mansalva contra el due\u00f1o de una pizzer\u00eda en Oshawa a principios de este mes, mientras que se ha emitido una orden de arresto contra una tercera.<\/p>\n<p>Mientras tanto, la Polic\u00eda Regional de Durham intenta identificar a una cuarta involucrada, mientras que un quinto, un ni\u00f1o de apenas 11 a\u00f1os, ha sido identificado, pero no puede ser acusado debido a su edad.<\/p>\n<p>La polic\u00eda inform\u00f3 que el grupo de adolescentes caus\u00f3 varios disturbios en un restaurante Pizza Pizza ubicado en el n\u00famero 199 de Wentworth St. W. poco despu\u00e9s de la medianoche del 2 de julio y atacaron a la v\u00edctima tras ser confrontados.<\/p>\n<p>En ese momento, la polic\u00eda indic\u00f3 que el ataque se estaba investigando como un posible delito de odio.<\/p>\n<p>Sin embargo, el viernes, la polic\u00eda declar\u00f3 que, si bien la investigaci\u00f3n sigue en curso, no hay pruebas que indiquen que el odio fuera un factor agravante en esta agresi\u00f3n.<\/p>\n<p>La polic\u00eda inform\u00f3 que los j\u00f3venes hab\u00edan estado &#8220;causando disturbios&#8221; en el restaurante y que uno de ellos se abalanz\u00f3 detr\u00e1s del mostrador e intent\u00f3 robarse un art\u00edculo.<\/p>\n<p>Fue confrontado por la v\u00edctima, momento en el que, seg\u00fan la polic\u00eda, se produjo una &#8220;lucha violenta&#8221; contra la empleada.<\/p>\n<p>&#8220;Durante el ataque, otros tambi\u00e9n se abalanzaron detr\u00e1s del mostrador sobre la v\u00edctima y la agredieron&#8221;, declar\u00f3 la polic\u00eda en un comunicado de prensa.<\/p>\n<p>Los investigadores dijeron que las im\u00e1genes de vigilancia de la tienda muestran al grupo abalanz\u00e1ndose y agrediendo a la empleada en el local.<\/p>\n<p>Amira Elghawaby, representante especial federal para la lucha contra la islamofobia, dijo que los agresores le arrancaron &#8220;violentamente&#8221; el hiyab a la v\u00edctima y la patearon repetidamente durante el ataque.<\/p>\n<p>&#8220;Nos reunimos para condenar este \u00faltimo ataque contra una mujer musulmana aqu\u00ed en Oshawa&#8221;, declar\u00f3 en una conferencia de prensa frente al Ayuntamiento, organizada por el Consejo Nacional de Musulmanes Canadienses.<\/p>\n<p>&#8220;Como parte de nuestro proceso de investigaci\u00f3n, se han investigado todos los motivos, incluyendo la posibilidad de que se tratara de un ataque racista. \u201cLos hechos, incluyendo los delitos motivados por el odio, est\u00e1n siendo investigados exhaustivamente\u201d, declar\u00f3 la polic\u00eda en un comunicado posterior al ataque.<\/p>\n<p>La adolescente de 13 a\u00f1os ya identificada es buscada por agresi\u00f3n con lesiones corporales, obstrucci\u00f3n a la polic\u00eda e incumplimiento de una orden de liberaci\u00f3n bajo fianza por otros delitos.<\/p>\n<p>El grupo de acusados no pueden ser identificados seg\u00fan la Ley de Justicia Penal Juvenil.<\/p>\n<p>La delincuente no identificada es descrita como una mujer de raza negra de complexi\u00f3n delgada, trenzas largas, de entre 12 y 15 a\u00f1os, que vest\u00eda una camiseta gris, pantalones grises de licra y sandalias negras.<\/p>\n<p>Se solicita a cualquier persona que tenga informaci\u00f3n, que haya presenciado el incidente o que conozca la identidad de los involucrados que llame a la polic\u00eda al 905-579-1520, ext. 2765, o a Crime Stoppers de forma an\u00f3nima al 1-800-222-TIPS (8477).<\/p>\n","protected":false},"excerpt":{"rendered":"<p>&nbsp; La polic\u00eda inform\u00f3 que se ha emitido una orden de arresto contra otras. Dos chicas, de 13 y 14 a\u00f1os, est\u00e1n acusadas de un&hellip;<\/p>\n","protected":false},"author":99,"featured_media":533948,"comment_status":"open","ping_status":"open","sticky":false,"template":"","format":"standard","meta":{"footnotes":""},"categories":[11364],"tags":[],"class_list":["post-533947","post","type-post","status-publish","format-standard","has-post-thumbnail","hentry","category-toronto-gta"],"_links":{"self":[{"href":"https:\/\/diarioelpopular.com\/index.php\/wp-json\/wp\/v2\/posts\/533947","targetHints":{"allow":["GET"]}}],"collection":[{"href":"https:\/\/diarioelpopular.com\/index.php\/wp-json\/wp\/v2\/posts"}],"about":[{"href":"https:\/\/diarioelpopular.com\/index.php\/wp-json\/wp\/v2\/types\/post"}],"author":[{"embeddable":true,"href":"https:\/\/diarioelpopular.com\/index.php\/wp-json\/wp\/v2\/users\/99"}],"replies":[{"embeddable":true,"href":"https:\/\/diarioelpopular.com\/index.php\/wp-json\/wp\/v2\/comments?post=533947"}],"version-history":[{"count":2,"href":"https:\/\/diarioelpopular.com\/index.php\/wp-json\/wp\/v2\/posts\/533947\/revisions"}],"predecessor-version":[{"id":533950,"href":"https:\/\/diarioelpopular.com\/index.php\/wp-json\/wp\/v2\/posts\/533947\/revisions\/533950"}],"wp:featuredmedia":[{"embeddable":true,"href":"https:\/\/diarioelpopular.com\/index.php\/wp-json\/wp\/v2\/media\/533948"}],"wp:attachment":[{"href":"https:\/\/diarioelpopular.com\/index.php\/wp-json\/wp\/v2\/media?parent=533947"}],"wp:term":[{"taxonomy":"category","embeddable":true,"href":"https:\/\/diarioelpopular.com\/index.php\/wp-json\/wp\/v2\/categories?post=533947"},{"taxonomy":"post_tag","embeddable":true,"href":"https:\/\/diarioelpopular.com\/index.php\/wp-json\/wp\/v2\/tags?post=533947"}],"curies":[{"name":"wp","href":"https:\/\/api.w.org\/{rel}","templated":true}]}}