{"id":533952,"date":"2025-07-12T10:19:43","date_gmt":"2025-07-12T14:19:43","guid":{"rendered":"https:\/\/diarioelpopular.com\/?p=533952"},"modified":"2025-07-12T10:19:43","modified_gmt":"2025-07-12T14:19:43","slug":"ovidio-el-raton-el-primero-de-los-guzman-en-pactar-con-estados-unidos","status":"publish","type":"post","link":"https:\/\/diarioelpopular.com\/index.php\/2025\/07\/12\/ovidio-el-raton-el-primero-de-los-guzman-en-pactar-con-estados-unidos\/","title":{"rendered":"Ovidio \u2018El Rat\u00f3n\u2019, el primero de los Guzm\u00e1n en pactar con Estados Unidos"},"content":{"rendered":"<div id=\"attachment_533953\" style=\"width: 646px\" class=\"wp-caption alignnone\"><img loading=\"lazy\" decoding=\"async\" aria-describedby=\"caption-attachment-533953\" class=\"wp-image-533953 size-custom-full-size\" src=\"https:\/\/diarioelpopular.com\/wp-content\/uploads\/2025\/07\/Screen-Shot-2025-07-12-at-10.19.05-AM-636x363.png\" alt=\"\" width=\"636\" height=\"363\" srcset=\"https:\/\/diarioelpopular.com\/wp-content\/uploads\/2025\/07\/Screen-Shot-2025-07-12-at-10.19.05-AM-636x363.png 636w, https:\/\/diarioelpopular.com\/wp-content\/uploads\/2025\/07\/Screen-Shot-2025-07-12-at-10.19.05-AM-300x171.png 300w, https:\/\/diarioelpopular.com\/wp-content\/uploads\/2025\/07\/Screen-Shot-2025-07-12-at-10.19.05-AM-768x438.png 768w, https:\/\/diarioelpopular.com\/wp-content\/uploads\/2025\/07\/Screen-Shot-2025-07-12-at-10.19.05-AM-1200x685.png 1200w, https:\/\/diarioelpopular.com\/wp-content\/uploads\/2025\/07\/Screen-Shot-2025-07-12-at-10.19.05-AM-128x73.png 128w, https:\/\/diarioelpopular.com\/wp-content\/uploads\/2025\/07\/Screen-Shot-2025-07-12-at-10.19.05-AM.png 1024w\" sizes=\"auto, (max-width: 636px) 100vw, 636px\" \/><p id=\"caption-attachment-533953\" class=\"wp-caption-text\">Ovidio Guzm\u00e1n es extraditado a Estados Unidos. @DEREKMALTZ_SR<\/p><\/div>\n<p>&nbsp;<\/p>\n<h4 class=\"a_st\"><em>&#8211; La colaboraci\u00f3n del hijo del Chapo abre la puerta a dar informaci\u00f3n sobre localizaci\u00f3n de laboratorios, rutas de trasiego y posibles v\u00ednculos del Cartel de Sinaloa con autoridades mexicanas<\/em><\/h4>\n<p>&nbsp;<\/p>\n<p class=\"\">Han bastado menos de dos a\u00f1os en una c\u00e1rcel estadounidense para deshilachar la imagen del poderoso heredero del narco capaz de doblegar al Ej\u00e9rcito mexicano.<\/p>\n<p class=\"\">Ovidio Guzm\u00e1n ya no es el joven que sale tranquilo\u00a0<a title=\"https:\/\/elpais.com\/internacional\/2019\/10\/30\/actualidad\/1572450116_384039.html\" href=\"https:\/\/elpais.com\/internacional\/2019\/10\/30\/actualidad\/1572450116_384039.html\" target=\"_self\" rel=\"\" data-link-track-dtm=\"\" data-mrf-link=\"https:\/\/elpais.com\/internacional\/2019\/10\/30\/actualidad\/1572450116_384039.html\">con la gorra en la mano<\/a>\u00a0mientras le apuntan con armas largas. El Rat\u00f3n luce ahora flaco, encorvado, con barba y gafas, con aud\u00edfonos que le traducen que se enfrenta a cargos que lo pueden llevar toda la vida a la c\u00e1rcel. Encadenado de pies y manos, con el traje naranja de presidiario, los que lo han visto declarar este viernes en una Corte de Chicago resaltan que \u201chabla suavemente\u201d, \u201ccon aire humilde\u201d. La jueza Sharon Johnson Coleman le ha preguntado hasta cuatro veces si era consciente de lo que estaba a punto de admitir, que si la medicaci\u00f3n que toma para la depresi\u00f3n le ha afectado en tomar esa decisi\u00f3n, le ha recomendado que lo consultara con su abogado. Aun con las advertencias de la jueza, Ovidio Guzm\u00e1n L\u00f3pez, de 35 a\u00f1os,\u00a0<a title=\"https:\/\/elpais.com\/mexico\/2025-07-11\/ovidio-guzman-se-declara-culpable-de-narcotrafico-ante-la-corte-de-chicago.html\" href=\"https:\/\/elpais.com\/mexico\/2025-07-11\/ovidio-guzman-se-declara-culpable-de-narcotrafico-ante-la-corte-de-chicago.html\" target=\"_self\" rel=\"\" data-link-track-dtm=\"\" data-mrf-link=\"https:\/\/elpais.com\/mexico\/2025-07-11\/ovidio-guzman-se-declara-culpable-de-narcotrafico-ante-la-corte-de-chicago.html\">se ha declarado culpable de narcotr\u00e1fico y de organizaci\u00f3n criminal<\/a>. El peque\u00f1o de los Guzm\u00e1n se ha convertido en el primero de la familia en pactar con el Gobierno de Estados Unidos.<\/p>\n<p class=\"\">El Rat\u00f3n ha ratificado este viernes ante la Corte del Distrito Norte de Illinois, en Chicago, el acuerdo de culpabilidad que ya hab\u00eda firmado hace un par de d\u00edas con la Fiscal\u00eda. En ese documento, Guzm\u00e1n se declara culpable de dos cargos de narcotr\u00e1fico y otros dos \u2014m\u00e1s graves\u2014 de participaci\u00f3n en una empresa criminal. La pena m\u00ednima oficial para estos es la cadena perpetua. Si \u00e9l colabora \u201csustancialmente\u201d con testimonios, informaci\u00f3n y asistencia, la Fiscal\u00eda recomendar\u00e1 a la juez aplicar una sentencia menor.<\/p>\n<p class=\"\">\u201cEsta cooperaci\u00f3n incluir\u00e1 el suministro de informaci\u00f3n completa y veraz en cualquier investigaci\u00f3n y en cualquier procedimiento penal, civil o administrativo\u201d,\u00a0<a title=\"https:\/\/www.justice.gov\/usao-ndil\/media\/1407721\/dl?inline\" href=\"https:\/\/www.justice.gov\/usao-ndil\/media\/1407721\/dl?inline\" target=\"_blank\" rel=\"noopener\" data-link-track-dtm=\"\" data-mrf-link=\"https:\/\/www.justice.gov\/usao-ndil\/media\/1407721\/dl?inline\">se lee en el documento<\/a>, que agrega: \u201cEl juez no es parte ni est\u00e1 obligado por este acuerdo y puede imponer una sentencia hasta las penas m\u00e1ximas. El acusado reconoce, adem\u00e1s, que si el juez no acepta la recomendaci\u00f3n de sentencia, el acusado no tendr\u00e1 derecho a retirar esta declaraci\u00f3n de culpabilidad\u201d.<\/p>\n<p>&nbsp;<\/p>\n<figure class=\"a_m a_m-h \">\n<p><div style=\"width: 424px\" class=\"wp-caption alignnone\"><img loading=\"lazy\" decoding=\"async\" class=\"_re lazyload a_m-h\" src=\"https:\/\/imagenes.elpais.com\/resizer\/v2\/F6LZHPUAOJBGRME5CFROWYCRVQ.jpg?auth=63449a64112530644bf7f85fc3834614006116bbd5814d15ec4bb5a0379a0447&amp;width=414\" sizes=\"auto, (min-width:1199px) 1155px,(min-width:1001px) calc(100vw - 44px),(min-width:768px) 767px, 100vw\" srcset=\"https:\/\/imagenes.elpais.com\/resizer\/v2\/F6LZHPUAOJBGRME5CFROWYCRVQ.jpg?auth=63449a64112530644bf7f85fc3834614006116bbd5814d15ec4bb5a0379a0447&amp;width=414 414w,https:\/\/imagenes.elpais.com\/resizer\/v2\/F6LZHPUAOJBGRME5CFROWYCRVQ.jpg?auth=63449a64112530644bf7f85fc3834614006116bbd5814d15ec4bb5a0379a0447&amp;width=828 640w,https:\/\/imagenes.elpais.com\/resizer\/v2\/F6LZHPUAOJBGRME5CFROWYCRVQ.jpg?auth=63449a64112530644bf7f85fc3834614006116bbd5814d15ec4bb5a0379a0447&amp;width=980 1000w,https:\/\/imagenes.elpais.com\/resizer\/v2\/F6LZHPUAOJBGRME5CFROWYCRVQ.jpg?auth=63449a64112530644bf7f85fc3834614006116bbd5814d15ec4bb5a0379a0447&amp;width=1960 1960w\" alt=\"Un auto con impactos de bala en Jes\u00fas Mar\u00eda, Culiac\u00e1n, despu\u00e9s del enfrentamiento por la detenci\u00f3n de Ovidio Guzm\u00e1n, 7 de enero de 2022.\" width=\"414\" height=\"277\" \/><p class=\"wp-caption-text\">Un auto con impactos de bala en Jes\u00fas Mar\u00eda, Culiac\u00e1n, despu\u00e9s del enfrentamiento por la detenci\u00f3n de Ovidio Guzm\u00e1n, 7 de enero de 2022. foto Gladys Serrano<\/p><\/div><figcaption class=\"a_m_p\" aria-hidden=\"true\"><\/figcaption><\/figure>\n<p>&nbsp;<\/p>\n<p class=\"\">En seis meses se conocer\u00e1 la resoluci\u00f3n de la jueza. Pero, mientras tanto, el hijo del Chapo reconoce haber participado en el secuestro y asesinato de tres hombres, conocidos por los alias de Montana, Liebre y Amigo, en Sinaloa, Arizona y Sonora. Admite haber coordinado el transporte de coca\u00edna, hero\u00edna, fentanilo y\u00a0<a title=\"https:\/\/elpais.com\/mexico\/2025-05-15\/un-decomiso-de-precursores-quimicos-en-mexico-con-apoyo-de-estados-unidos-abre-la-polemica-sobre-el-intervencionismo-de-trump.html\" href=\"https:\/\/elpais.com\/mexico\/2025-05-15\/un-decomiso-de-precursores-quimicos-en-mexico-con-apoyo-de-estados-unidos-abre-la-polemica-sobre-el-intervencionismo-de-trump.html\" target=\"_self\" rel=\"\" data-link-track-dtm=\"\" data-mrf-link=\"https:\/\/elpais.com\/mexico\/2025-05-15\/un-decomiso-de-precursores-quimicos-en-mexico-con-apoyo-de-estados-unidos-abre-la-polemica-sobre-el-intervencionismo-de-trump.html\">precursores qu\u00edmicos<\/a>\u00a0desde M\u00e9xico hasta Estados Unidos, a veces en env\u00edos de cientos o miles de kilogramos.<\/p>\n<p class=\"\">Confirma haber utilizado vagones de tren, t\u00faneles y hasta aviones para introducir la droga a trav\u00e9s de la frontera. Concede que transport\u00f3 dinero en efectivo \u201ca granel\u201d, pero que tambi\u00e9n utiliz\u00f3 transferencias y criptomonedas; que perpetr\u00f3 \u201cactos de violencia contra funcionarios encargados de hacer cumplir la ley, civiles y narcotraficantes rivales con el fin de proteger las actividades de tr\u00e1fico de drogas del c\u00e1rtel\u201d. Ratifica que \u00e9l y sus hermanos,\u00a0<a title=\"https:\/\/elpais.com\/mexico\/2025-07-03\/acorralados-y-cada-vez-mas-cerca-de-pactar-con-estados-unidos-todos-los-frentes-judiciales-de-la-familia-del-chapo-guzman.html\" href=\"https:\/\/elpais.com\/mexico\/2025-07-03\/acorralados-y-cada-vez-mas-cerca-de-pactar-con-estados-unidos-todos-los-frentes-judiciales-de-la-familia-del-chapo-guzman.html\" target=\"_self\" rel=\"\" data-link-track-dtm=\"\" data-mrf-link=\"https:\/\/elpais.com\/mexico\/2025-07-03\/acorralados-y-cada-vez-mas-cerca-de-pactar-con-estados-unidos-todos-los-frentes-judiciales-de-la-familia-del-chapo-guzman.html\">Joaqu\u00edn, Iv\u00e1n Archivaldo y Alfredo Guzm\u00e1n<\/a>, asumieron, tras la \u00faltima detenci\u00f3n de su padre, el liderazgo del Cartel de Sinaloa.<\/p>\n<p class=\"\">Con esa declaraci\u00f3n, Ovidio Guzm\u00e1n ha renunciado a su derecho a un juicio, a su presunci\u00f3n de inocencia y ha abierto una cascada de consecuencias a uno y a otro lado de la frontera.<\/p>\n<h3 class=\"\">Una declaraci\u00f3n \u201chist\u00f3rica\u201d<\/h3>\n<p class=\"\">La sensaci\u00f3n de las autoridades estadounidenses es de triunfo. \u201cLa hist\u00f3rica declaraci\u00f3n de culpabilidad de hoy env\u00eda otro mensaje claro de que este Gobierno va a acabar con las organizaciones delictivas transnacionales y a exigir responsabilidades a sus miembros de m\u00e1s alto rango\u201d, ha declarado el fiscal de Illinois Andrew Boutros. \u201cCon cada d\u00eda que pasa, se est\u00e1 viendo el ocaso del C\u00e1rtel de Sinaloa\u201d, ha dicho el fiscal de California Adam Gordon: \u201c<a title=\"https:\/\/elpais.com\/mexico\/2025-01-05\/las-dos-guerras-de-los-chapitos-vencer-a-el-mayo-en-sinaloa-y-sobrevivir-en-los-tribunales-de-estados-unidos.html\" href=\"https:\/\/elpais.com\/mexico\/2025-01-05\/las-dos-guerras-de-los-chapitos-vencer-a-el-mayo-en-sinaloa-y-sobrevivir-en-los-tribunales-de-estados-unidos.html\" target=\"_self\" rel=\"\" data-link-track-dtm=\"\" data-mrf-link=\"https:\/\/elpais.com\/mexico\/2025-01-05\/las-dos-guerras-de-los-chapitos-vencer-a-el-mayo-en-sinaloa-y-sobrevivir-en-los-tribunales-de-estados-unidos.html\">Los l\u00edderes que permanecen libres est\u00e1n ahora paranoicos, desconfiados y desesperados<\/a>\u201d. \u201cTanta sangre y violencia yac\u00eda en la familia Guzm\u00e1n\u201d, ha a\u00f1adido el agente especial de Arizona Ray Rede: \u201cYa no m\u00e1s\u201d.<\/p>\n<p class=\"\">La declaraci\u00f3n de Ovidio Guzm\u00e1n supone as\u00ed un tanto para Donald Trump y\u00a0<a title=\"https:\/\/elpais.com\/mexico\/2025-06-26\/estados-unidos-manda-un-duro-mensaje-a-todo-el-sistema-bancario-mexicano-en-su-lucha-contra-el-fentanilo.html\" href=\"https:\/\/elpais.com\/mexico\/2025-06-26\/estados-unidos-manda-un-duro-mensaje-a-todo-el-sistema-bancario-mexicano-en-su-lucha-contra-el-fentanilo.html\" target=\"_self\" rel=\"\" data-link-track-dtm=\"\" data-mrf-link=\"https:\/\/elpais.com\/mexico\/2025-06-26\/estados-unidos-manda-un-duro-mensaje-a-todo-el-sistema-bancario-mexicano-en-su-lucha-contra-el-fentanilo.html\">su cruzada contra el fentanilo<\/a>. El Gobierno republicano considera a Los Chapitos los culpables de inundar las calles estadounidenses con\u00a0<a title=\"https:\/\/elpais.com\/mexico\/2025-03-15\/no-tengo-nada-pero-tengo-droga-los-olvidados-de-la-guerra-contra-el-fentanilo.html\" href=\"https:\/\/elpais.com\/mexico\/2025-03-15\/no-tengo-nada-pero-tengo-droga-los-olvidados-de-la-guerra-contra-el-fentanilo.html\" target=\"_self\" rel=\"\" data-link-track-dtm=\"\" data-mrf-link=\"https:\/\/elpais.com\/mexico\/2025-03-15\/no-tengo-nada-pero-tengo-droga-los-olvidados-de-la-guerra-contra-el-fentanilo.html\">este potente opioide<\/a>, que est\u00e1 detr\u00e1s de la muerte de decenas de miles de personas cada a\u00f1o. \u201cLa narrativa de la justicia estadounidense lo va a enmarcar como un paso muy importante en el combate al fentanilo\u201d, apunta Cecilia Farf\u00e1n-M\u00e9ndez, jefa del observatorio para Am\u00e9rica del Norte de la Iniciativa Global contra el Crimen Organizado Transnacional: \u201cEstos casos son muy llamativos, por los personajes involucrados, pero no podemos esperar que vayan a tener un impacto en el suministro de fentanilo de EE UU, ni en la oferta ni en la demanda de consumidores\u201d.<\/p>\n<p>&nbsp;<\/p>\n<figure class=\"a_m a_m-h \">\n<p><div style=\"width: 424px\" class=\"wp-caption alignnone\"><img loading=\"lazy\" decoding=\"async\" class=\"_re lazyload a_m-h\" src=\"https:\/\/imagenes.elpais.com\/resizer\/v2\/FOISATI57RCRRG2APDFK7J4WOE.jpg?auth=b52e76a53604821bb8195266bc81e7cd785a0bf8bf1e64090e2d78770b08976d&amp;width=414\" sizes=\"auto, (min-width:1199px) 1155px,(min-width:1001px) calc(100vw - 44px),(min-width:768px) 767px, 100vw\" srcset=\"https:\/\/imagenes.elpais.com\/resizer\/v2\/FOISATI57RCRRG2APDFK7J4WOE.jpg?auth=b52e76a53604821bb8195266bc81e7cd785a0bf8bf1e64090e2d78770b08976d&amp;width=414 414w,https:\/\/imagenes.elpais.com\/resizer\/v2\/FOISATI57RCRRG2APDFK7J4WOE.jpg?auth=b52e76a53604821bb8195266bc81e7cd785a0bf8bf1e64090e2d78770b08976d&amp;width=828 640w,https:\/\/imagenes.elpais.com\/resizer\/v2\/FOISATI57RCRRG2APDFK7J4WOE.jpg?auth=b52e76a53604821bb8195266bc81e7cd785a0bf8bf1e64090e2d78770b08976d&amp;width=980 1000w,https:\/\/imagenes.elpais.com\/resizer\/v2\/FOISATI57RCRRG2APDFK7J4WOE.jpg?auth=b52e76a53604821bb8195266bc81e7cd785a0bf8bf1e64090e2d78770b08976d&amp;width=1960 1960w\" alt=\"Paquetes de fentanilo y metanfetamina incautados cerca de Ensenada, M\u00e9xico, el 18 de octubre de 2022.\" width=\"414\" height=\"276\" \/><p class=\"wp-caption-text\">Paquetes de fentanilo y metanfetamina incautados cerca de Ensenada, M\u00e9xico, el 18 de octubre de 2022. Foto Salwan Georges (Getty Images)<\/p><\/div><figcaption class=\"a_m_p\" aria-hidden=\"true\"><\/figcaption><\/figure>\n<p>&nbsp;<\/p>\n<p class=\"\">En esa misma l\u00ednea, el analista de seguridad mexicano David Saucedo considera que va a tener el efecto contrario: \u201cincrementar los flujos de droga\u201d. \u201cYa lo vimos cuando se hizo la embestida contra el Cartel de Cali y Medell\u00edn [en Colombia], que aumentaron los env\u00edos de coca\u00edna a EE UU, porque los sicarios y los sobornos cuestan, las guerras internas de los carteles son costosas. Ahora tambi\u00e9n lo estamos viendo aqu\u00ed,\u00a0<a title=\"https:\/\/elpais.com\/us\/2025-05-06\/estados-unidos-da-un-golpe-al-cartel-de-sinaloa-con-uno-de-los-mayores-decomisos-de-fentanilo-de-la-historia.html\" href=\"https:\/\/elpais.com\/us\/2025-05-06\/estados-unidos-da-un-golpe-al-cartel-de-sinaloa-con-uno-de-los-mayores-decomisos-de-fentanilo-de-la-historia.html\" target=\"_self\" rel=\"\" data-link-track-dtm=\"\" data-mrf-link=\"https:\/\/elpais.com\/us\/2025-05-06\/estados-unidos-da-un-golpe-al-cartel-de-sinaloa-con-uno-de-los-mayores-decomisos-de-fentanilo-de-la-historia.html\">si hay m\u00e1s decomisos es porque hay m\u00e1s droga circulando<\/a>\u201d, apunta el consultor.<\/p>\n<h3 class=\"\">Las represalias en M\u00e9xico<\/h3>\n<p class=\"\">La Fiscal\u00eda de Estados Unidos tiene en custodia a dos piezas claves para resolver el rompecabezas del dividido Cartel de Sinaloa. \u201cPuede lograr que Ovidio Guzm\u00e1n d\u00e9 la geolocalizaci\u00f3n de laboratorios, las rutas de trasiego de drogas, la identidad de actores corruptos como pol\u00edticos, militares, policiacos con los que tiene v\u00ednculos&#8230; la facci\u00f3n del Mayo\u201d, se\u00f1ala Saucedo, \u201cy a su vez hacer una negociaci\u00f3n an\u00e1loga con El Mayo, para que d\u00e9 esta informaci\u00f3n<a title=\"https:\/\/elpais.com\/mexico\/2025-05-30\/mexico-y-estados-unidos-diezman-a-los-chapitos.html\" href=\"https:\/\/elpais.com\/mexico\/2025-05-30\/mexico-y-estados-unidos-diezman-a-los-chapitos.html\" target=\"_self\" rel=\"\" data-link-track-dtm=\"\" data-mrf-link=\"https:\/\/elpais.com\/mexico\/2025-05-30\/mexico-y-estados-unidos-diezman-a-los-chapitos.html\">\u00a0pero de la facci\u00f3n de Los Chapitos<\/a>\u201d. Este ataque por dos frentes puede resultar, por un lado, en un debilitamiento general del Cartel de Sinaloa, y en consecuencia, un\u00a0<a title=\"https:\/\/elpais.com\/mexico\/2025-03-30\/el-cartel-jalisco-nueva-generacion-en-el-centro-de-la-diana.html\" href=\"https:\/\/elpais.com\/mexico\/2025-03-30\/el-cartel-jalisco-nueva-generacion-en-el-centro-de-la-diana.html\" target=\"_self\" rel=\"\" data-link-track-dtm=\"\" data-mrf-link=\"https:\/\/elpais.com\/mexico\/2025-03-30\/el-cartel-jalisco-nueva-generacion-en-el-centro-de-la-diana.html\">fortalecimiento del Cartel Jalisco Nueva Generaci\u00f3n<\/a>, su principal rival.<\/p>\n<p class=\"\">Los decomisos, desmantelamientos de laboratorios o detenciones que puedan llevarse a cabo con la informaci\u00f3n proporcionada por El Rat\u00f3n, los expertos creen que provocar\u00e1 otras represalias sobre el terreno. \u201c<a title=\"https:\/\/elpais.com\/mexico\/2025-07-07\/la-maldita-normalidad-en-sinaloa.html\" href=\"https:\/\/elpais.com\/mexico\/2025-07-07\/la-maldita-normalidad-en-sinaloa.html\" target=\"_self\" rel=\"\" data-link-track-dtm=\"\" data-mrf-link=\"https:\/\/elpais.com\/mexico\/2025-07-07\/la-maldita-normalidad-en-sinaloa.html\">Va a haber unos impactos clar\u00edsimos en Sinaloa<\/a>\u201d, afirma Farf\u00e1n-M\u00e9ndez, que recuerda que el origen de la narcoguerra en Sinaloa se sit\u00faa justamente en la rocambolesca llegada de Joaqu\u00edn Guzm\u00e1n L\u00f3pez e Ismael\u00a0<i>El Mayo\u00a0<\/i>Zambada a Nuevo M\u00e9xico el 25 de julio del a\u00f1o pasado. Esa operaci\u00f3n, sobre la que todav\u00eda no se ha aclarado c\u00f3mo participaron las autoridades estadounidenses, desat\u00f3 la pelea fratricida dentro del cartel.<\/p>\n<p class=\"\">La declaraci\u00f3n de Ovidio Guzm\u00e1n marca, eso s\u00ed, un cambio de paradigma\u00a0<a title=\"https:\/\/elpais.com\/mexico\/2025-05-14\/el-cruce-fronterizo-de-17-familiares-de-ovidio-guzman-agarra-a-contrapie-al-gobierno-de-mexico.html\" href=\"https:\/\/elpais.com\/mexico\/2025-05-14\/el-cruce-fronterizo-de-17-familiares-de-ovidio-guzman-agarra-a-contrapie-al-gobierno-de-mexico.html\" target=\"_self\" rel=\"\" data-link-track-dtm=\"\" data-mrf-link=\"https:\/\/elpais.com\/mexico\/2025-05-14\/el-cruce-fronterizo-de-17-familiares-de-ovidio-guzman-agarra-a-contrapie-al-gobierno-de-mexico.html\">en el trato a la familia Guzm\u00e1n<\/a>. \u201cCon El Chapo, los estadounidenses no buscaron un arreglo, quer\u00edan escarmentarlo, sepultarlo en una tumba de cemento, convertirlo en un ejemplo de escarnio, de que ese era el destino que les deparaba a los narcotraficantes en EE UU\u201d, se\u00f1ala Saucedo: \u201cAhora vemos un cambio: todas las ventajas que puede obtener un narco si colabora. Es un ejemplo para sus hermanos,\u00a0<a title=\"https:\/\/elpais.com\/mexico\/2024-12-04\/estados-unidos-aumenta-a-15-millones-de-dolares-la-recompensa-por-el-mencho.html\" href=\"https:\/\/elpais.com\/mexico\/2024-12-04\/estados-unidos-aumenta-a-15-millones-de-dolares-la-recompensa-por-el-mencho.html\" target=\"_self\" rel=\"\" data-link-track-dtm=\"\" data-mrf-link=\"https:\/\/elpais.com\/mexico\/2024-12-04\/estados-unidos-aumenta-a-15-millones-de-dolares-la-recompensa-por-el-mencho.html\">para El Mencho<\/a>, para El Mayo o para los hermanos Hurtado\u201d.<\/p>\n","protected":false},"excerpt":{"rendered":"<p>&nbsp; &#8211; La colaboraci\u00f3n del hijo del Chapo abre la puerta a dar informaci\u00f3n sobre localizaci\u00f3n de laboratorios, rutas de trasiego y posibles v\u00ednculos del&hellip;<\/p>\n","protected":false},"author":99,"featured_media":533953,"comment_status":"open","ping_status":"open","sticky":false,"template":"","format":"standard","meta":{"footnotes":""},"categories":[23],"tags":[],"class_list":["post-533952","post","type-post","status-publish","format-standard","has-post-thumbnail","hentry","category-latinoamerica"],"_links":{"self":[{"href":"https:\/\/diarioelpopular.com\/index.php\/wp-json\/wp\/v2\/posts\/533952","targetHints":{"allow":["GET"]}}],"collection":[{"href":"https:\/\/diarioelpopular.com\/index.php\/wp-json\/wp\/v2\/posts"}],"about":[{"href":"https:\/\/diarioelpopular.com\/index.php\/wp-json\/wp\/v2\/types\/post"}],"author":[{"embeddable":true,"href":"https:\/\/diarioelpopular.com\/index.php\/wp-json\/wp\/v2\/users\/99"}],"replies":[{"embeddable":true,"href":"https:\/\/diarioelpopular.com\/index.php\/wp-json\/wp\/v2\/comments?post=533952"}],"version-history":[{"count":1,"href":"https:\/\/diarioelpopular.com\/index.php\/wp-json\/wp\/v2\/posts\/533952\/revisions"}],"predecessor-version":[{"id":533954,"href":"https:\/\/diarioelpopular.com\/index.php\/wp-json\/wp\/v2\/posts\/533952\/revisions\/533954"}],"wp:featuredmedia":[{"embeddable":true,"href":"https:\/\/diarioelpopular.com\/index.php\/wp-json\/wp\/v2\/media\/533953"}],"wp:attachment":[{"href":"https:\/\/diarioelpopular.com\/index.php\/wp-json\/wp\/v2\/media?parent=533952"}],"wp:term":[{"taxonomy":"category","embeddable":true,"href":"https:\/\/diarioelpopular.com\/index.php\/wp-json\/wp\/v2\/categories?post=533952"},{"taxonomy":"post_tag","embeddable":true,"href":"https:\/\/diarioelpopular.com\/index.php\/wp-json\/wp\/v2\/tags?post=533952"}],"curies":[{"name":"wp","href":"https:\/\/api.w.org\/{rel}","templated":true}]}}