{"id":533960,"date":"2025-07-12T10:40:38","date_gmt":"2025-07-12T14:40:38","guid":{"rendered":"https:\/\/diarioelpopular.com\/?p=533960"},"modified":"2025-07-12T10:40:38","modified_gmt":"2025-07-12T14:40:38","slug":"racismo-en-su-maxima-expresion-jueza-prohibe-al-gobierno-de-trump-arrestar-a-migrantes-en-california-por-su-color-de-piel-o-su-acento","status":"publish","type":"post","link":"https:\/\/diarioelpopular.com\/index.php\/2025\/07\/12\/racismo-en-su-maxima-expresion-jueza-prohibe-al-gobierno-de-trump-arrestar-a-migrantes-en-california-por-su-color-de-piel-o-su-acento\/","title":{"rendered":"Racismo en su m\u00e1xima expresi\u00f3n: jueza proh\u00edbe al Gobierno de Trump arrestar a migrantes en California por su color de piel o su acento"},"content":{"rendered":"<p><strong><img loading=\"lazy\" decoding=\"async\" class=\"alignnone size-custom-full-size wp-image-533961\" src=\"https:\/\/diarioelpopular.com\/wp-content\/uploads\/2025\/07\/Screen-Shot-2025-07-12-at-10.39.54-AM-636x436.png\" alt=\"\" width=\"636\" height=\"436\" srcset=\"https:\/\/diarioelpopular.com\/wp-content\/uploads\/2025\/07\/Screen-Shot-2025-07-12-at-10.39.54-AM-636x436.png 636w, https:\/\/diarioelpopular.com\/wp-content\/uploads\/2025\/07\/Screen-Shot-2025-07-12-at-10.39.54-AM-300x206.png 300w, https:\/\/diarioelpopular.com\/wp-content\/uploads\/2025\/07\/Screen-Shot-2025-07-12-at-10.39.54-AM-768x527.png 768w, https:\/\/diarioelpopular.com\/wp-content\/uploads\/2025\/07\/Screen-Shot-2025-07-12-at-10.39.54-AM-1200x823.png 1200w, https:\/\/diarioelpopular.com\/wp-content\/uploads\/2025\/07\/Screen-Shot-2025-07-12-at-10.39.54-AM-80x55.png 80w, https:\/\/diarioelpopular.com\/wp-content\/uploads\/2025\/07\/Screen-Shot-2025-07-12-at-10.39.54-AM-106x73.png 106w, https:\/\/diarioelpopular.com\/wp-content\/uploads\/2025\/07\/Screen-Shot-2025-07-12-at-10.39.54-AM.png 1024w\" sizes=\"auto, (max-width: 636px) 100vw, 636px\" \/><\/strong><\/p>\n<p>&nbsp;<\/p>\n<h4 class=\"a_st\"><em>\u00a0&#8211; El fallo de la magistrada, que por el momento durar\u00e1 solo 10 d\u00edas, aboga por evitar que las detenciones partan de premisas raciales o relacionadas con el idioma<\/em><\/h4>\n<p>&nbsp;<\/p>\n<p class=\"\">Un acento no puede implicar una deportaci\u00f3n. Parece pura l\u00f3gica, pero ha tenido que venir la Justicia a declararlo para intentar as\u00ed frenar los intentos del racista Donald Trump de expulsar, de manera indiscriminada, a migrantes de todo el pa\u00eds.<\/p>\n<p class=\"\">Despu\u00e9s de las tensiones que han agitado California en las \u00faltimas semanas, y en especial en las \u00faltimas 48 horas, con <a title=\"https:\/\/elpais.com\/us\/migracion\/2025-07-11\/muere-un-trabajador-tras-una-redada-contra-inmigrantes-en-granjas-de-cannabis-en-california.html\" href=\"https:\/\/elpais.com\/us\/migracion\/2025-07-11\/muere-un-trabajador-tras-una-redada-contra-inmigrantes-en-granjas-de-cannabis-en-california.html\" target=\"_blank\" rel=\"noopener noreferrer\" data-link-track-dtm=\"\" data-mrf-link=\"https:\/\/elpais.com\/us\/migracion\/2025-07-11\/muere-un-trabajador-tras-una-redada-contra-inmigrantes-en-granjas-de-cannabis-en-california.html\">dos redadas en granjas de cannabis al norte de Los \u00c1ngeles (en Camarillo y Carpinteria) que han dejado un fallecido<\/a>, una jueza ha emitido un fallo singular. Por \u00e9l impide al presidente y a su mano ejecutora, ICE \u2014iniciales de las fuerzas de inmigraci\u00f3n y fronteras\u2014, detener y expulsar del Estado a personas por su color de piel, el idioma que hablen, el acento que tengan o el lugar en el que vivan o se encuentren.<\/p>\n<p class=\"\">La cuesti\u00f3n es que California \u2014el Estado m\u00e1s rico y poblado, con 40 millones de habitantes\u2014 ha vuelto a convertirse este viernes en el escenario del choque entre los m\u00e9todos de la Administraci\u00f3n de Donald Trump contra los migrantes y los l\u00edmites que busca imponer el poder judicial.<\/p>\n<p class=\"\">Una jueza del distrito central del Estado, Maame Ewusi-Mensah Frimpong, ha prohibido al Gobierno de Estados Unidos que realice redadas contra indocumentados que den lugar a detenciones basadas, simplemente, en sospechas. Es decir, las relacionadas con la raza, el color de piel o el idioma. Por ahora, esta regla de la jueza estar\u00e1 en vigor durante 10 d\u00edas, pero ya hay grupos de presi\u00f3n tratando de ampliarla.<\/p>\n<aside class=\"a_ei\">\n<header class=\"a_ei_h _db\"><\/header>\n<div class=\"a_ei_r _g _g-xs a_ei_r-i\">\n<figure class=\"a_ei_m a_m-h c_m--nf\"><a class=\"_db _pr\" href=\"https:\/\/elpais.com\/us\/migracion\/2025-07-11\/muere-un-trabajador-tras-una-redada-contra-inmigrantes-en-granjas-de-cannabis-en-california.html\" data-link-track-dtm=\"\" data-mrf-link=\"https:\/\/elpais.com\/us\/migracion\/2025-07-11\/muere-un-trabajador-tras-una-redada-contra-inmigrantes-en-granjas-de-cannabis-en-california.html\"><img loading=\"lazy\" decoding=\"async\" class=\"_re lazyload a_m-h\" src=\"https:\/\/imagenes.elpais.com\/resizer\/v2\/LID7SLYZOFK2HMF56WKY2YA3BU.jpg?auth=a081ab238f4f1000411a227c9e939c4c177875314a2859bf67de867936b4ad6e&amp;width=414&amp;height=311&amp;smart=true\" alt=\"Camarillo, California\" width=\"414\" height=\"311\" \/><\/a><\/figure>\n<\/div>\n<div><\/div>\n<\/aside>\n<p class=\"\">Los grupos en defensa de los migrantes han aplaudido la decisi\u00f3n, y tambi\u00e9n los principales mandatarios de California, feudo dem\u00f3crata y antitrumpista por excelencia. \u201cHoy ha prevalecido la justicia\u201d, ha afirmado el gobernador Gavin Newsom en un comunicado. \u201cLa decisi\u00f3n de la corte pone un freno temporal a las violaciones de los derechos de la gente y a la elaboraci\u00f3n de perfiles raciales por parte de los oficiales de inmigraci\u00f3n\u201d. \u201cCalifornia est\u00e1 del lado de la ley, y de la base por la que nuestros padres fundadores construyeron este pa\u00eds. Reclamo a la Administraci\u00f3n de Trump que haga lo mismo\u201d, ha clamado el gobernador, uno de los dem\u00f3cratas de\u00a0<a title=\"https:\/\/elpais.com\/internacional\/2025-06-12\/trump-redobla-su-ofensiva-contra-el-gobernador-de-california-al-revocar-su-ley-sobre-coches-electricos.html\" href=\"https:\/\/elpais.com\/internacional\/2025-06-12\/trump-redobla-su-ofensiva-contra-el-gobernador-de-california-al-revocar-su-ley-sobre-coches-electricos.html\" target=\"_blank\" rel=\"noopener noreferrer\" data-link-track-dtm=\"\" data-mrf-link=\"https:\/\/elpais.com\/internacional\/2025-06-12\/trump-redobla-su-ofensiva-contra-el-gobernador-de-california-al-revocar-su-ley-sobre-coches-electricos.html\">m\u00e1s alto perfil de todo el pa\u00eds y blanco constante de Trump<\/a>. Por su parte, la alcaldesa de Los \u00c1ngeles, Karen Bass, ha afirmado que la decisi\u00f3n de Frimpong representa \u201clos valores y la decencia estadounidense\u201d.<\/p>\n<p class=\"\">En cambio,<a title=\"https:\/\/elpais.com\/us\/migracion\/2025-06-12\/las-protestas-de-los-angeles-por-la-politica-migratoria-despiertan-la-resistencia-dormida-contra-trump.html\" href=\"https:\/\/elpais.com\/us\/migracion\/2025-06-12\/las-protestas-de-los-angeles-por-la-politica-migratoria-despiertan-la-resistencia-dormida-contra-trump.html\" target=\"_blank\" rel=\"noopener noreferrer\" data-link-track-dtm=\"\" data-mrf-link=\"https:\/\/elpais.com\/us\/migracion\/2025-06-12\/las-protestas-de-los-angeles-por-la-politica-migratoria-despiertan-la-resistencia-dormida-contra-trump.html\">\u00a0el fiscal del distrito central de California, Bill Essayli<\/a>, ha mostrado su \u201crotunda\u201d discrepancia con el fallo de la jueza, y ha asegurado equivocadamente que los agentes de inmigraci\u00f3n nunca han detenido a personas \u201csin una justificaci\u00f3n legal adecuada\u201d. \u201cNuestros agentes federales seguir\u00e1n aplicando la ley y acatando la Constituci\u00f3n de los Estados Unidos\u201d, ha expuesto en un escrito compartido en X.<\/p>\n<p class=\"\">La cuenta del Departamento de Seguridad Federal se ha unido a las quejas de Essayli, y ha afirmado que la decisi\u00f3n de la magistrada \u201csocava la voluntad del pueblo estadounidense\u201d. \u201cLos valientes hombres y mujeres de Estados Unidos est\u00e1n eliminando a asesinos, miembros de pandillas MS-13, ped\u00f3filos, violadores, verdaderamente lo peor de lo peor de las comunidades del Estado Dorado\u201d, ha expuesto.<\/p>\n<p class=\"\">La decisi\u00f3n de la magistrada Frimpong responde a una demanda realizada el 2 de julio, por la que se acusaba al gobierno de Trump de lanzar \u201coperaciones indiscriminadas contra los migrantes\u201d, por la que las fuerzas de seguridad estaban haciendo batidas en lugares como supermercados, aparcamientos, paradas de autob\u00fas, granjas o lavaderos de coches.<\/p>\n<p class=\"\">Para la jueza, los argumentos que usa el Gobierno federal para detener a los migrantes son \u201cmuy generales\u201d, y cree que la Administraci\u00f3n no ha acertado a la hora de explicar a los agentes c\u00f3mo escoger los lugares donde llevan a cabo las redadas; por ejemplo, ha hablado de las paradas de autob\u00fas, afirmando que no tienen por qu\u00e9 ser un punto clave para realizar detenciones, m\u00e1s all\u00e1 del hecho de que quienes est\u00e1n en ellas suelen ser personas de bajos recursos que simplemente se desplazan a los lugares de trabajo. \u201cLas personas de piel morena son abordadas o apartadas por agentes federales no identificados, de repente y con una demostraci\u00f3n de fuerza, y se les hace responder a preguntas sobre qui\u00e9nes son y de d\u00f3nde son\u201d, ha explicado en su declaraci\u00f3n, de m\u00e1s de 50 p\u00e1ginas, y ha asegurado: \u201cNo estoy muy satisfecha\u201d.<\/p>\n<p>&nbsp;<\/p>\n<div id=\"gallery-summary-8\" class=\"gallery-summary-container\">\n<div class=\"gal__figs-scl\">\n<div class=\"a_gl\">\n<figure class=\"a_m _pr gallery-photo-1 gallery-slider__photo _dn first a_m-h \">\n<p><div style=\"width: 424px\" class=\"wp-caption alignnone\"><img loading=\"lazy\" decoding=\"async\" class=\"_re  a_m-h\" src=\"https:\/\/imagenes.elpais.com\/resizer\/v2\/WW7KEV7WHZIV7IU3H2EHK5JUJU.jpg?auth=c50fc6df9f9ed6b268b3474a9581b63c692011a85dc5e64b648327df9917a921&amp;width=414\" srcset=\"https:\/\/imagenes.elpais.com\/resizer\/v2\/WW7KEV7WHZIV7IU3H2EHK5JUJU.jpg?auth=c50fc6df9f9ed6b268b3474a9581b63c692011a85dc5e64b648327df9917a921&amp;width=414 414w,https:\/\/imagenes.elpais.com\/resizer\/v2\/WW7KEV7WHZIV7IU3H2EHK5JUJU.jpg?auth=c50fc6df9f9ed6b268b3474a9581b63c692011a85dc5e64b648327df9917a921&amp;width=828 828w\" alt=\"Camarillo, California\" width=\"414\" height=\"276\" \/><p class=\"wp-caption-text\">Manifestantes acudieron al campo agr\u00edcola ante la presencia de los agentes del ICE durante un operativo migrante.\u00a0 \u00a0 \u00a0 \u00a0 \u00a0 \u00a0 \u00a0 \u00a0 \u00a0 \u00a0 \u00a0 \u00a0 \u00a0 Fotos ALLISON DINNER (EFE)<\/p><\/div><figcaption class=\"a_m_p\" aria-hidden=\"true\"><\/figcaption><\/figure>\n<figure class=\"a_m _pr gallery-photo-2 gallery-slider__photo _dn a_m-h \"><span class=\"a_m_w _db\"><img loading=\"lazy\" decoding=\"async\" class=\"_re lazyload a_m-h\" src=\"https:\/\/imagenes.elpais.com\/resizer\/v2\/YQO37MLHZFJSRELC7CENWM2TLU.jpg?auth=f3c6c871e356e4d690df4c1774ef7f4ced2a584da18e344e0b1385c8050de974&amp;width=414\" srcset=\"https:\/\/imagenes.elpais.com\/resizer\/v2\/YQO37MLHZFJSRELC7CENWM2TLU.jpg?auth=f3c6c871e356e4d690df4c1774ef7f4ced2a584da18e344e0b1385c8050de974&amp;width=414 414w,https:\/\/imagenes.elpais.com\/resizer\/v2\/YQO37MLHZFJSRELC7CENWM2TLU.jpg?auth=f3c6c871e356e4d690df4c1774ef7f4ced2a584da18e344e0b1385c8050de974&amp;width=828 828w\" alt=\"Agentes federales resguardan la carretera que conduce a una granja en Laguna Road, donde se realizaron las redadas en California.\" width=\"414\" height=\"276\" \/><\/span><figcaption class=\"a_m_p\" aria-hidden=\"true\"><\/figcaption><\/figure>\n<figure class=\"a_m _pr gallery-photo-3 gallery-slider__photo _dn a_m-h \"><span class=\"a_m_w _db\"><img loading=\"lazy\" decoding=\"async\" class=\"_re lazyload a_m-h\" src=\"https:\/\/imagenes.elpais.com\/resizer\/v2\/HPQ46MAPRBJUFCHWC4E5PBU334.jpg?auth=d4ccdc4505c8451e8492c39f12d222e1773a757c9f73a27b43ec4507e9e61daa&amp;width=414\" srcset=\"https:\/\/imagenes.elpais.com\/resizer\/v2\/HPQ46MAPRBJUFCHWC4E5PBU334.jpg?auth=d4ccdc4505c8451e8492c39f12d222e1773a757c9f73a27b43ec4507e9e61daa&amp;width=414 414w,https:\/\/imagenes.elpais.com\/resizer\/v2\/HPQ46MAPRBJUFCHWC4E5PBU334.jpg?auth=d4ccdc4505c8451e8492c39f12d222e1773a757c9f73a27b43ec4507e9e61daa&amp;width=828 828w\" alt=\"Personas se abrazan en un plant\u00edo durante las redadas del Servicio de Inmigraci\u00f3n y Aduanas (ICE, por sus siglas en ingl\u00e9s), en Camarillo, California.\" width=\"414\" height=\"276\" \/><\/span><figcaption class=\"a_m_p\" aria-hidden=\"true\"><\/figcaption><\/figure>\n<figure class=\"a_m _pr gallery-photo-4 gallery-slider__photo _dn a_m-h \"><span class=\"a_m_w _db\"><img loading=\"lazy\" decoding=\"async\" class=\"_re lazyload a_m-h\" src=\"https:\/\/imagenes.elpais.com\/resizer\/v2\/54NLEW5YPFI5NMOT3TXGQC7N6E.jpg?auth=b7c6e79e04c7feffba01c05aa942e11edb019be1e2308e1ee6fde3b27943acb9&amp;width=414\" srcset=\"https:\/\/imagenes.elpais.com\/resizer\/v2\/54NLEW5YPFI5NMOT3TXGQC7N6E.jpg?auth=b7c6e79e04c7feffba01c05aa942e11edb019be1e2308e1ee6fde3b27943acb9&amp;width=414 414w,https:\/\/imagenes.elpais.com\/resizer\/v2\/54NLEW5YPFI5NMOT3TXGQC7N6E.jpg?auth=b7c6e79e04c7feffba01c05aa942e11edb019be1e2308e1ee6fde3b27943acb9&amp;width=828 828w\" alt=\"Camionetas abandonan la zona asegurada por elementos federales de inmigraci\u00f3n.\" width=\"414\" height=\"277\" \/><\/span><figcaption class=\"a_m_p\" aria-hidden=\"true\"><\/figcaption><\/figure>\n<figure class=\"a_m _pr gallery-photo-5 gallery-slider__photo _dn a_m-h \"><span class=\"a_m_w _db\"><img loading=\"lazy\" decoding=\"async\" class=\"_re lazyload a_m-h\" src=\"https:\/\/imagenes.elpais.com\/resizer\/v2\/AQ2WAPC6VQAYYCY2WFRAC6TLCU.jpg?auth=f38886e5b393cf1c3c5d70c8ccd4ec2afb6a5ddf9f04cc18abca65eeeb880478&amp;width=414\" srcset=\"https:\/\/imagenes.elpais.com\/resizer\/v2\/AQ2WAPC6VQAYYCY2WFRAC6TLCU.jpg?auth=f38886e5b393cf1c3c5d70c8ccd4ec2afb6a5ddf9f04cc18abca65eeeb880478&amp;width=414 414w,https:\/\/imagenes.elpais.com\/resizer\/v2\/AQ2WAPC6VQAYYCY2WFRAC6TLCU.jpg?auth=f38886e5b393cf1c3c5d70c8ccd4ec2afb6a5ddf9f04cc18abca65eeeb880478&amp;width=828 828w\" alt=\"De acuerdo con la presidenta de M\u00e9xico, Claudia Sheinbaum, algunas personas se han comunicado con el Gobierno mexicano para saber si sus familiares fueron detenidos en esta redada. \" width=\"414\" height=\"276\" \/><\/span><figcaption class=\"a_m_p\" aria-hidden=\"true\"><\/figcaption><\/figure>\n<figure class=\"a_m _pr gallery-photo-6 gallery-slider__photo _dn a_m-h \"><span class=\"a_m_w _db\"><img loading=\"lazy\" decoding=\"async\" class=\"_re lazyload a_m-h\" src=\"https:\/\/imagenes.elpais.com\/resizer\/v2\/6XVXCE7HFZLNVDSWTVOTPVQMAY.jpg?auth=1e0d95b301038aa613aafa7c3eb2aa708b2d1e518a6259037106cc693b7a07d4&amp;width=414\" srcset=\"https:\/\/imagenes.elpais.com\/resizer\/v2\/6XVXCE7HFZLNVDSWTVOTPVQMAY.jpg?auth=1e0d95b301038aa613aafa7c3eb2aa708b2d1e518a6259037106cc693b7a07d4&amp;width=414 414w,https:\/\/imagenes.elpais.com\/resizer\/v2\/6XVXCE7HFZLNVDSWTVOTPVQMAY.jpg?auth=1e0d95b301038aa613aafa7c3eb2aa708b2d1e518a6259037106cc693b7a07d4&amp;width=828 828w\" alt=\"Un manifestante se sit\u00faa frente a agentes del ICE armados durante el operativo en Camarillo, California.\" width=\"414\" height=\"276\" \/><\/span><figcaption class=\"a_m_p\" aria-hidden=\"true\"><\/figcaption><\/figure>\n<figure class=\"a_m _pr gallery-photo-7 gallery-slider__photo _dn a_m-h \"><span class=\"a_m_w _db\"><img loading=\"lazy\" decoding=\"async\" class=\"_re lazyload a_m-h\" src=\"https:\/\/imagenes.elpais.com\/resizer\/v2\/RYZCN7FKZ5LRVLUMOHMSOZNCHI.jpg?auth=740470b8f0250d1bf9459da07ae311cbd6e39346f30eb69a967903919460f43c&amp;width=414\" srcset=\"https:\/\/imagenes.elpais.com\/resizer\/v2\/RYZCN7FKZ5LRVLUMOHMSOZNCHI.jpg?auth=740470b8f0250d1bf9459da07ae311cbd6e39346f30eb69a967903919460f43c&amp;width=414 414w,https:\/\/imagenes.elpais.com\/resizer\/v2\/RYZCN7FKZ5LRVLUMOHMSOZNCHI.jpg?auth=740470b8f0250d1bf9459da07ae311cbd6e39346f30eb69a967903919460f43c&amp;width=828 828w\" alt=\"Un manifestante con una m\u00e1scara de gas se agacha en un campo cerca de una instalaci\u00f3n agr\u00edcola.\" width=\"414\" height=\"276\" \/><\/span><figcaption class=\"a_m_p\" aria-hidden=\"true\"><\/figcaption><\/figure>\n<figure class=\"a_m _pr gallery-photo-8 gallery-slider__photo _dn a_m-h \"><span class=\"a_m_w _db\"><img loading=\"lazy\" decoding=\"async\" class=\"_re lazyload a_m-h\" src=\"https:\/\/imagenes.elpais.com\/resizer\/v2\/4TP66XAJJRPS3TA4JB4B6FXM7M.jpg?auth=1a805a6eb08f226770eb0655567d5640c2e3c904eaa820ebc509c4bedf644e93&amp;width=414\" srcset=\"https:\/\/imagenes.elpais.com\/resizer\/v2\/4TP66XAJJRPS3TA4JB4B6FXM7M.jpg?auth=1a805a6eb08f226770eb0655567d5640c2e3c904eaa820ebc509c4bedf644e93&amp;width=414 414w,https:\/\/imagenes.elpais.com\/resizer\/v2\/4TP66XAJJRPS3TA4JB4B6FXM7M.jpg?auth=1a805a6eb08f226770eb0655567d5640c2e3c904eaa820ebc509c4bedf644e93&amp;width=828 828w\" alt=\"Los agentes migratorios lanzaron gas lacrim\u00f3geno y emplearon municiones no letales contra los manifestantes que se opusieron a las redadas.\" width=\"414\" height=\"276\" \/><\/span><figcaption class=\"a_m_p\" aria-hidden=\"true\"><\/figcaption><\/figure>\n<figure class=\"a_m _pr gallery-photo-9 gallery-slider__photo _dn a_m-h \"><span class=\"a_m_w _db\"><img loading=\"lazy\" decoding=\"async\" class=\"_re lazyload a_m-h\" src=\"https:\/\/imagenes.elpais.com\/resizer\/v2\/XW5CMU625BKGTKM2E4NLL7NU5A.jpg?auth=af8cccffe9e6ca65e13dc495d0f5e8099433a523ceff7519ed84b563e61b0fed&amp;width=414\" srcset=\"https:\/\/imagenes.elpais.com\/resizer\/v2\/XW5CMU625BKGTKM2E4NLL7NU5A.jpg?auth=af8cccffe9e6ca65e13dc495d0f5e8099433a523ceff7519ed84b563e61b0fed&amp;width=414 414w,https:\/\/imagenes.elpais.com\/resizer\/v2\/XW5CMU625BKGTKM2E4NLL7NU5A.jpg?auth=af8cccffe9e6ca65e13dc495d0f5e8099433a523ceff7519ed84b563e61b0fed&amp;width=828 828w\" alt=\"Una mujer sostiene una bandera mexicana mientras agentes federales estadounidenses bloquean la carretera Laguna Road.\" width=\"414\" height=\"276\" \/><\/span><figcaption class=\"a_m_p\" aria-hidden=\"true\"><\/figcaption><\/figure>\n<figure class=\"a_m _pr gallery-photo-10 gallery-slider__photo _dn a_m-h \"><span class=\"a_m_w _db\"><img loading=\"lazy\" decoding=\"async\" class=\"_re lazyload a_m-h\" src=\"https:\/\/imagenes.elpais.com\/resizer\/v2\/VF2G7XYH5JKQFEG2YX4FIAG6VM.jpg?auth=70715f63bb7399c0e08b613205901a07a926b31f77905d77cc5cef45f06aebfb&amp;width=414\" srcset=\"https:\/\/imagenes.elpais.com\/resizer\/v2\/VF2G7XYH5JKQFEG2YX4FIAG6VM.jpg?auth=70715f63bb7399c0e08b613205901a07a926b31f77905d77cc5cef45f06aebfb&amp;width=414 414w,https:\/\/imagenes.elpais.com\/resizer\/v2\/VF2G7XYH5JKQFEG2YX4FIAG6VM.jpg?auth=70715f63bb7399c0e08b613205901a07a926b31f77905d77cc5cef45f06aebfb&amp;width=828 828w\" alt=\"Agentes federales detienen a un manifestante mientras lanzan gases lacrim\u00f3genos durante una redada de inmigraci\u00f3n en una instalaci\u00f3n agr\u00edcola al sur de California.\" width=\"414\" height=\"277\" \/><\/span><figcaption class=\"a_m_p\" aria-hidden=\"true\"><\/figcaption><\/figure>\n<figure class=\"a_m _pr gallery-photo-11 gallery-slider__photo _dn a_m-h \"><span class=\"a_m_w _db\"><img loading=\"lazy\" decoding=\"async\" class=\"_re lazyload a_m-h\" src=\"https:\/\/imagenes.elpais.com\/resizer\/v2\/X3NZ7FJTBFNULNOCNPTHM5TJ2E.jpg?auth=4f5d09ddf914fbaf806e0b97e4a301b037780d7d15fe3f571e9b57de143766b4&amp;width=414\" srcset=\"https:\/\/imagenes.elpais.com\/resizer\/v2\/X3NZ7FJTBFNULNOCNPTHM5TJ2E.jpg?auth=4f5d09ddf914fbaf806e0b97e4a301b037780d7d15fe3f571e9b57de143766b4&amp;width=414 414w,https:\/\/imagenes.elpais.com\/resizer\/v2\/X3NZ7FJTBFNULNOCNPTHM5TJ2E.jpg?auth=4f5d09ddf914fbaf806e0b97e4a301b037780d7d15fe3f571e9b57de143766b4&amp;width=828 828w\" alt=\"Al momento se desconoce el n\u00famero de detenidos durante el operativo en el campo agr\u00edcola de Camarillo y en las protestas.\" width=\"414\" height=\"276\" \/><\/span><figcaption class=\"a_m_p\" aria-hidden=\"true\"><\/figcaption><\/figure>\n<div id=\"gallery-slider-controls\" class=\"_btn a_gl_nav gallery-slider__controls \"><\/div>\n<div id=\"fullscreen-icon\" class=\"a_gl_pl\"><\/div>\n<div id=\"summary-dots\" class=\"a_gl_n _df\"><\/div>\n<\/div>\n<\/div>\n<\/div>\n<p class=\"\">Frimpong tambi\u00e9n ha respondido a la queja de que muchos detenidos, en concreto de una instalaci\u00f3n federal de Los \u00c1ngeles denominada B-18, no pod\u00edan tener acceso a sus abogados. Ante esa protesta, el Gobierno ech\u00f3 balones fuera, asegurando que eran \u201climitaciones del pasado\u201d y que la situaci\u00f3n se ha \u201cnormalizado\u201d desde finales de junio.<\/p>\n<p class=\"\">Pero la jueza no est\u00e1 de acuerdo, y cree que habr\u00e1 \u201cprobabilidades de que [los demandantes] vuelvan a salir perjudicados en el futuro\u201d. De ah\u00ed que haya prohibido a la Administraci\u00f3n federal que se restrinja el acceso de los abogados en dicho centro\u00a0<a title=\"https:\/\/elpais.com\/us\/2025-06-15\/los-angeles-marca-el-paso-de-las-protestas-anti-trump-no-dejemos-entrar-al-miedo.html\" href=\"https:\/\/elpais.com\/us\/2025-06-15\/los-angeles-marca-el-paso-de-las-protestas-anti-trump-no-dejemos-entrar-al-miedo.html\" target=\"_blank\" rel=\"noopener noreferrer\" data-link-track-dtm=\"\" data-mrf-link=\"https:\/\/elpais.com\/us\/2025-06-15\/los-angeles-marca-el-paso-de-las-protestas-anti-trump-no-dejemos-entrar-al-miedo.html\">de detenci\u00f3n de migrantes en Los \u00c1ngeles, la mayor ciudad de California<\/a>\u00a0y segunda del pa\u00eds.<\/p>\n<p class=\"\">Las decisiones de la magistrada suponen un golpe a unas redadas que han causado pol\u00e9micas desde que\u00a0<a title=\"https:\/\/elpais.com\/us\/migracion\/2025-04-15\/un-millon-de-deportados-el-dificil-objetivo-del-gobierno-trump-para-su-primer-ano.html\" href=\"https:\/\/elpais.com\/us\/migracion\/2025-04-15\/un-millon-de-deportados-el-dificil-objetivo-del-gobierno-trump-para-su-primer-ano.html\" target=\"_self\" rel=\"\" data-link-track-dtm=\"\" data-mrf-link=\"https:\/\/elpais.com\/us\/migracion\/2025-04-15\/un-millon-de-deportados-el-dificil-objetivo-del-gobierno-trump-para-su-primer-ano.html\">Trump regresase al Gobierno<\/a>, y cuya mayor exposici\u00f3n pudo observarse durante la primera quincena de junio. Entonces, tras una serie de detenciones de trabajadores en un establecimiento de <a title=\"https:\/\/elpais.com\/us\/migracion\/2025-06-10\/cinco-claves-de-las-protestas-en-los-angeles-contra-las-redadas-migratorias-de-ice.html\" href=\"https:\/\/elpais.com\/us\/migracion\/2025-06-10\/cinco-claves-de-las-protestas-en-los-angeles-contra-las-redadas-migratorias-de-ice.html\" target=\"_blank\" rel=\"noopener noreferrer\" data-link-track-dtm=\"\" data-mrf-link=\"https:\/\/elpais.com\/us\/migracion\/2025-06-10\/cinco-claves-de-las-protestas-en-los-angeles-contra-las-redadas-migratorias-de-ice.html\">Home Depot, un almac\u00e9n de productos de hogar, en Paramount, una ciudad californiana,<\/a>\u00a0los disturbios fueron creciendo, y durante unos d\u00edas tomaron el centro de Los \u00c1ngeles hasta provocar el toque de queda. La gran marcha en protesta por el cumplea\u00f1os de Trump, que lo celebr\u00f3 en Washington con un desfile militar,\u00a0<a title=\"https:\/\/elpais.com\/us\/2025-06-14\/las-protestas-por-el-no-kings-day-de-estados-unidos-en-imagenes.html\" href=\"https:\/\/elpais.com\/us\/2025-06-14\/las-protestas-por-el-no-kings-day-de-estados-unidos-en-imagenes.html\" target=\"_blank\" rel=\"noopener noreferrer\" data-link-track-dtm=\"\" data-mrf-link=\"https:\/\/elpais.com\/us\/2025-06-14\/las-protestas-por-el-no-kings-day-de-estados-unidos-en-imagenes.html\">convoc\u00f3 a miles de personas bajo el lema \u201c<i>No Kings<\/i>\u201d, sin reyes<\/a>.<\/p>\n<p class=\"\">Pero las deportaciones no han reducido su marcha. Durante ese mes de junio, Estados Unidos rompi\u00f3 su\u00a0<a title=\"https:\/\/elpais.com\/us\/migracion\/2025-07-11\/estados-unidos-rompe-su-record-de-vuelos-de-deportacion-en-junio-tras-registrar-el-primer-aumento-importante-de-la-era-trump.html\" href=\"https:\/\/elpais.com\/us\/migracion\/2025-07-11\/estados-unidos-rompe-su-record-de-vuelos-de-deportacion-en-junio-tras-registrar-el-primer-aumento-importante-de-la-era-trump.html\" target=\"_self\" rel=\"\" data-link-track-dtm=\"\" data-mrf-link=\"https:\/\/elpais.com\/us\/migracion\/2025-07-11\/estados-unidos-rompe-su-record-de-vuelos-de-deportacion-en-junio-tras-registrar-el-primer-aumento-importante-de-la-era-trump.html\">r\u00e9cord\u00a0<\/a>con 209 vuelos de deportaci\u00f3n. Seg\u00fan datos del Departamento de Seguridad Nacional, desde el 6 de junio y hasta principios de esta semana, es decir, en el \u00faltimo mes, se ha detenido a unas 2.800 personas sin documentaci\u00f3n. Un an\u00e1lisis del diario<i>\u00a0Los Angeles Times<\/i>\u00a0afirma que siete de cada diez<a title=\"https:\/\/www.latimes.com\/california\/story\/2025-06-24\/detention-centers-swell-with-immigrants-with-no-criminal-record\" href=\"https:\/\/www.latimes.com\/california\/story\/2025-06-24\/detention-centers-swell-with-immigrants-with-no-criminal-record\" target=\"_blank\" rel=\"noopener noreferrer\" data-link-track-dtm=\"\" data-mrf-link=\"https:\/\/www.latimes.com\/california\/story\/2025-06-24\/detention-centers-swell-with-immigrants-with-no-criminal-record\">\u00a0no han tenido nunca una condena penal.<\/a><\/p>\n<p class=\"\">El fallo de la jueza se produce apenas un d\u00eda despu\u00e9s de que una multitud de agentes del Servicio de Control de Inmigraci\u00f3n y Aduanas (ICE, por sus siglas en ingl\u00e9s)\u00a0<a title=\"https:\/\/elpais.com\/us\/2025-07-11\/agentes-del-ice-realizan-una-redada-en-un-campo-agricola-de-cannabis-en-imagenes.html\" href=\"https:\/\/elpais.com\/us\/2025-07-11\/agentes-del-ice-realizan-una-redada-en-un-campo-agricola-de-cannabis-en-imagenes.html\" target=\"_self\" rel=\"\" data-link-track-dtm=\"\" data-mrf-link=\"https:\/\/elpais.com\/us\/2025-07-11\/agentes-del-ice-realizan-una-redada-en-un-campo-agricola-de-cannabis-en-imagenes.html\">persiguiera a cientos de migrantes trabajadores en una granja de cannabis en Camarillo<\/a>, una localidad residencial y de zona de trabajo ubicada al sur de California. En aquella redada, las autoridades estadounidenses detuvieron a unos 200 migrantes, seg\u00fan datos proporcionados por ellos mismos. En la masiva y ca\u00f3tica redada, donde hubo gases lacrim\u00f3genos y lanzamientos de piedras y ladrillos, un hombre muri\u00f3 a causa de los da\u00f1os sufridos al caer desde un invernadero, a nueve metros de altura. El jueves ingres\u00f3 en el hospital tras romperse el cuello y el cr\u00e1neo, pero el viernes, tras pasar unas horas con ventilaci\u00f3n asistida, finalmente falleci\u00f3.<\/p>\n<p class=\"\">La del jueves fue una de las tantas redadas que el Gobierno presidido por Donald Trump, que desde la campa\u00f1a electoral prometi\u00f3 \u2014junto a J. D. Vance, su actual n\u00famero dos\u2014<a title=\"https:\/\/elpais.com\/us\/2024-10-17\/trump-evita-hablar-de-la-mayor-deportacion-de-la-historia-en-su-foro-con-votantes-latinos.html\" href=\"https:\/\/elpais.com\/us\/2024-10-17\/trump-evita-hablar-de-la-mayor-deportacion-de-la-historia-en-su-foro-con-votantes-latinos.html\" target=\"_blank\" rel=\"noopener noreferrer\" data-link-track-dtm=\"\" data-mrf-link=\"https:\/\/elpais.com\/us\/2024-10-17\/trump-evita-hablar-de-la-mayor-deportacion-de-la-historia-en-su-foro-con-votantes-latinos.html\">\u00a0llevar a cabo la \u201cmayor deportaci\u00f3n de la historia\u201d.<\/a>\u00a0\u201cPodemos empezar con un mill\u00f3n\u201d, repiti\u00f3 en aquellos momentos el vicepresidente. Esa cifra supondr\u00eda hablar de una parte de los al menos 11 millones de personas indocumentadas que hay en el pa\u00eds, pero se tratar\u00eda de un n\u00famero importante en comparaci\u00f3n a las 400.000 deportaciones anuales que se realizaban de promedio con el expresidente Barack Obama, entre 2009 y 2017.<\/p>\n<p class=\"\">El descontento ha llegado hasta la oposici\u00f3n dem\u00f3crata, que el pasado martes lleg\u00f3 a presentar un proyecto de ley para pedir que\u00a0<a title=\"https:\/\/elpais.com\/us\/migracion\/2025-07-11\/no-mas-agentes-del-ice-enmascarados-democratas-quieren-prohibir-que-los-funcionarios-de-inmigracion-oculten-su-rostro.html\" href=\"https:\/\/elpais.com\/us\/migracion\/2025-07-11\/no-mas-agentes-del-ice-enmascarados-democratas-quieren-prohibir-que-los-funcionarios-de-inmigracion-oculten-su-rostro.html\" target=\"_blank\" rel=\"noopener noreferrer\" data-link-track-dtm=\"\" data-mrf-link=\"https:\/\/elpais.com\/us\/migracion\/2025-07-11\/no-mas-agentes-del-ice-enmascarados-democratas-quieren-prohibir-que-los-funcionarios-de-inmigracion-oculten-su-rostro.html\">los oficiales de inmigraci\u00f3n muestren el nombre y las siglas de la agencia\u00a0<\/a>de una manera clara. En esa exigencia, los legisladores Alex Padilla, de California, y Cory Booker, de Nueva Jersey, ped\u00edan impedir el uso de pasamonta\u00f1as o cualquier elemento que cubra el rostro de los agentes.<\/p>\n","protected":false},"excerpt":{"rendered":"<p>&nbsp; \u00a0&#8211; El fallo de la magistrada, que por el momento durar\u00e1 solo 10 d\u00edas, aboga por evitar que las detenciones partan de premisas raciales&hellip;<\/p>\n","protected":false},"author":99,"featured_media":533961,"comment_status":"open","ping_status":"open","sticky":false,"template":"","format":"standard","meta":{"footnotes":""},"categories":[24],"tags":[],"class_list":["post-533960","post","type-post","status-publish","format-standard","has-post-thumbnail","hentry","category-mundo"],"_links":{"self":[{"href":"https:\/\/diarioelpopular.com\/index.php\/wp-json\/wp\/v2\/posts\/533960","targetHints":{"allow":["GET"]}}],"collection":[{"href":"https:\/\/diarioelpopular.com\/index.php\/wp-json\/wp\/v2\/posts"}],"about":[{"href":"https:\/\/diarioelpopular.com\/index.php\/wp-json\/wp\/v2\/types\/post"}],"author":[{"embeddable":true,"href":"https:\/\/diarioelpopular.com\/index.php\/wp-json\/wp\/v2\/users\/99"}],"replies":[{"embeddable":true,"href":"https:\/\/diarioelpopular.com\/index.php\/wp-json\/wp\/v2\/comments?post=533960"}],"version-history":[{"count":1,"href":"https:\/\/diarioelpopular.com\/index.php\/wp-json\/wp\/v2\/posts\/533960\/revisions"}],"predecessor-version":[{"id":533962,"href":"https:\/\/diarioelpopular.com\/index.php\/wp-json\/wp\/v2\/posts\/533960\/revisions\/533962"}],"wp:featuredmedia":[{"embeddable":true,"href":"https:\/\/diarioelpopular.com\/index.php\/wp-json\/wp\/v2\/media\/533961"}],"wp:attachment":[{"href":"https:\/\/diarioelpopular.com\/index.php\/wp-json\/wp\/v2\/media?parent=533960"}],"wp:term":[{"taxonomy":"category","embeddable":true,"href":"https:\/\/diarioelpopular.com\/index.php\/wp-json\/wp\/v2\/categories?post=533960"},{"taxonomy":"post_tag","embeddable":true,"href":"https:\/\/diarioelpopular.com\/index.php\/wp-json\/wp\/v2\/tags?post=533960"}],"curies":[{"name":"wp","href":"https:\/\/api.w.org\/{rel}","templated":true}]}}