{"id":533972,"date":"2025-07-14T08:26:35","date_gmt":"2025-07-14T12:26:35","guid":{"rendered":"https:\/\/diarioelpopular.com\/?p=533972"},"modified":"2025-07-14T08:26:35","modified_gmt":"2025-07-14T12:26:35","slug":"buscan-identificar-a-energumeno-tras-amenza-con-arma-a-conductor-de-autobus","status":"publish","type":"post","link":"https:\/\/diarioelpopular.com\/index.php\/2025\/07\/14\/buscan-identificar-a-energumeno-tras-amenza-con-arma-a-conductor-de-autobus\/","title":{"rendered":"Buscan identificar a energ\u00fameno tras amenza con arma a conductor de autob\u00fas"},"content":{"rendered":"<div id=\"attachment_533973\" style=\"width: 646px\" class=\"wp-caption alignnone\"><img loading=\"lazy\" decoding=\"async\" aria-describedby=\"caption-attachment-533973\" class=\"wp-image-533973 size-custom-full-size\" src=\"https:\/\/diarioelpopular.com\/wp-content\/uploads\/2025\/07\/Screen-Shot-2025-07-14-at-8.16.57-AM-636x475.png\" alt=\"\" width=\"636\" height=\"475\" srcset=\"https:\/\/diarioelpopular.com\/wp-content\/uploads\/2025\/07\/Screen-Shot-2025-07-14-at-8.16.57-AM-636x475.png 636w, https:\/\/diarioelpopular.com\/wp-content\/uploads\/2025\/07\/Screen-Shot-2025-07-14-at-8.16.57-AM-300x224.png 300w, https:\/\/diarioelpopular.com\/wp-content\/uploads\/2025\/07\/Screen-Shot-2025-07-14-at-8.16.57-AM-768x573.png 768w, https:\/\/diarioelpopular.com\/wp-content\/uploads\/2025\/07\/Screen-Shot-2025-07-14-at-8.16.57-AM-98x73.png 98w, https:\/\/diarioelpopular.com\/wp-content\/uploads\/2025\/07\/Screen-Shot-2025-07-14-at-8.16.57-AM.png 844w\" sizes=\"auto, (max-width: 636px) 100vw, 636px\" \/><p id=\"caption-attachment-533973\" class=\"wp-caption-text\">La Polic\u00eda de Toronto solicita la colaboraci\u00f3n del p\u00fablico para identificar a este antosocial despu\u00e9s de que un conductor de autob\u00fas de la TTC fuera amenazado con un cuchillo. Foto: Polic\u00eda de Toronto<\/p><\/div>\n<p>&nbsp;<\/p>\n<p>&nbsp;<\/p>\n<ul>\n<li><em><strong>La polic\u00eda solicita la ayuda del p\u00fablico para identificar al sujeto amenaz\u00f3 a un conductor de autob\u00fas de la TTC mientras portaba un cuchillo.<\/strong><\/em><\/li>\n<\/ul>\n<p>La Polic\u00eda de Toronto inform\u00f3 que respondi\u00f3 a una llamada por posesi\u00f3n de un cuchillo el 11 de mayo, alrededor de las 3:45 a. m., en la zona de Jane St.-Yewtree Blvd., despu\u00e9s de que el en\u00e9rgumeno subiera a un autob\u00fas de la TTC y no pagara la tarifa. Obedeci\u00f3 despu\u00e9s de que el conductor le pidiera que pagara y luego se sent\u00f3 en la parte trasera del autob\u00fas.<\/p>\n<p>La polic\u00eda inform\u00f3 que luego se acerc\u00f3 al conductor antes de salir del autob\u00fas en direcci\u00f3n este por Yewtree y lo amenaz\u00f3 con hacerle da\u00f1o mientras le mostraba un cuchillo.<\/p>\n<p>El delincuente tiene entre 30 y 40 a\u00f1os, de raza negra y lleva rastas hasta los hombros. Vest\u00eda una camisa gris de manga larga, pantalones deportivos grises tipo cargo y zapatillas blancas.<\/p>\n<p>Se solicita a cualquier persona que tenga informaci\u00f3n que se comunique con la polic\u00eda al 416-808-3100 o con Crime Stoppers de forma an\u00f3nima al 416-222-8477 o 222tips.com.<\/p>\n<p><em><strong>Tiroteo de este domingo deja a v\u00edctima en el hospital<\/strong><\/em><\/p>\n<p>La polic\u00eda de Toronto investiga un tiroteo ocurrido la madrugada del domingo que dej\u00f3 a un hombre herido en North York.<\/p>\n<p>La polic\u00eda inform\u00f3 en redes sociales que respondi\u00f3 a un tiroteo el domingo alrededor de las 6:10 a. m. tras recibir informes de disparos en la zona del parque G. Ross Lord, cerca de Finch Ave. W. y Dufferin St., donde encontraron a una v\u00edctima masculina.<\/p>\n<p>Fue trasladado a un hospital con una lesi\u00f3n no especificada en la pierna.<\/p>\n<p>No se dispuso de informaci\u00f3n sobre el sospechoso de inmediato.<\/p>\n<p><em><strong>Arrestado tras incidente antisemita<\/strong><\/em><\/p>\n<p>Un sujeto de Toronto de 22 a\u00f1os enfrenta cargos por da\u00f1os a la propiedad tras un incidente antisemita en las Playas.<\/p>\n<p>La Polic\u00eda de Toronto inform\u00f3 haber recibido una llamada el 6 de junio, alrededor de las 11:30 a. m., en la zona de Woodbine Ave.-Queen St. E., sobre un presunto incidente motivado por el odio ocurrido dos d\u00edas antes en un lugar de culto.<\/p>\n<p>La polic\u00eda indic\u00f3 que un sujeto se acerc\u00f3 a la entrada de la propiedad el 4 de junio, alrededor de las 10:30 p. m., y se orin\u00f3 en la propiedad mientras gritaba insultos antisemitas antes de huir.<\/p>\n<p>Luego de una investigaci\u00f3n, Domenic Buchanan fue arrestado el pasado viernes y acusado de da\u00f1os a la propiedad religiosa y de da\u00f1os a la propiedad\/interferencia con la misma.<\/p>\n<p>Se solicita a cualquier persona que tenga informaci\u00f3n que se comunique con la polic\u00eda al 416-808-3500, o con Crime Stoppers de forma an\u00f3nima al 416-222-8477 o visite 222tips.com.<\/p>\n<p><em><strong>Buscan a agresor tras apu\u00f1alamiento<\/strong><\/em><\/p>\n<p>La polic\u00eda busca a un sospechoso despu\u00e9s de que un hombre de 30 a\u00f1os fuera apu\u00f1alado la madrugada del domingo en el centro de la ciudad.<\/p>\n<p>La Polic\u00eda de Toronto inform\u00f3 en redes sociales que acudi\u00f3 a un apu\u00f1alamiento en la zona de las calles Queen-Church alrededor de las 4:45 a. m. y encontr\u00f3 a un hombre apu\u00f1alado. Fue trasladado a un hospital con varias lesiones.<\/p>\n<p>La polic\u00eda indic\u00f3 que busca a un sujeto de 1,75 metros de altura, rubio, con perilla, camisa blanca y pantalones cortos negros.<\/p>\n<p>&nbsp;<\/p>\n","protected":false},"excerpt":{"rendered":"<p>&nbsp; &nbsp; La polic\u00eda solicita la ayuda del p\u00fablico para identificar al sujeto amenaz\u00f3 a un conductor de autob\u00fas de la TTC mientras portaba un&hellip;<\/p>\n","protected":false},"author":99,"featured_media":533973,"comment_status":"open","ping_status":"open","sticky":false,"template":"","format":"standard","meta":{"footnotes":""},"categories":[11364],"tags":[],"class_list":["post-533972","post","type-post","status-publish","format-standard","has-post-thumbnail","hentry","category-toronto-gta"],"_links":{"self":[{"href":"https:\/\/diarioelpopular.com\/index.php\/wp-json\/wp\/v2\/posts\/533972","targetHints":{"allow":["GET"]}}],"collection":[{"href":"https:\/\/diarioelpopular.com\/index.php\/wp-json\/wp\/v2\/posts"}],"about":[{"href":"https:\/\/diarioelpopular.com\/index.php\/wp-json\/wp\/v2\/types\/post"}],"author":[{"embeddable":true,"href":"https:\/\/diarioelpopular.com\/index.php\/wp-json\/wp\/v2\/users\/99"}],"replies":[{"embeddable":true,"href":"https:\/\/diarioelpopular.com\/index.php\/wp-json\/wp\/v2\/comments?post=533972"}],"version-history":[{"count":1,"href":"https:\/\/diarioelpopular.com\/index.php\/wp-json\/wp\/v2\/posts\/533972\/revisions"}],"predecessor-version":[{"id":533974,"href":"https:\/\/diarioelpopular.com\/index.php\/wp-json\/wp\/v2\/posts\/533972\/revisions\/533974"}],"wp:featuredmedia":[{"embeddable":true,"href":"https:\/\/diarioelpopular.com\/index.php\/wp-json\/wp\/v2\/media\/533973"}],"wp:attachment":[{"href":"https:\/\/diarioelpopular.com\/index.php\/wp-json\/wp\/v2\/media?parent=533972"}],"wp:term":[{"taxonomy":"category","embeddable":true,"href":"https:\/\/diarioelpopular.com\/index.php\/wp-json\/wp\/v2\/categories?post=533972"},{"taxonomy":"post_tag","embeddable":true,"href":"https:\/\/diarioelpopular.com\/index.php\/wp-json\/wp\/v2\/tags?post=533972"}],"curies":[{"name":"wp","href":"https:\/\/api.w.org\/{rel}","templated":true}]}}