{"id":533996,"date":"2025-07-14T09:29:47","date_gmt":"2025-07-14T13:29:47","guid":{"rendered":"https:\/\/diarioelpopular.com\/?p=533996"},"modified":"2025-07-14T09:29:47","modified_gmt":"2025-07-14T13:29:47","slug":"trump-trata-de-atajar-la-rebelion-del-movimiento-maga-por-el-caso-epstein","status":"publish","type":"post","link":"https:\/\/diarioelpopular.com\/index.php\/2025\/07\/14\/trump-trata-de-atajar-la-rebelion-del-movimiento-maga-por-el-caso-epstein\/","title":{"rendered":"Trump trata de atajar la rebeli\u00f3n del movimiento MAGA por el \u2018caso Epstein\u2019"},"content":{"rendered":"<div id=\"attachment_533997\" style=\"width: 1210px\" class=\"wp-caption alignnone\"><img loading=\"lazy\" decoding=\"async\" aria-describedby=\"caption-attachment-533997\" class=\"wp-image-533997 size-custom-big-size\" src=\"https:\/\/diarioelpopular.com\/wp-content\/uploads\/2025\/07\/Screen-Shot-2025-07-14-at-9.28.54-AM-1200x803.png\" alt=\"\" width=\"1200\" height=\"803\" srcset=\"https:\/\/diarioelpopular.com\/wp-content\/uploads\/2025\/07\/Screen-Shot-2025-07-14-at-9.28.54-AM-1200x803.png 1200w, https:\/\/diarioelpopular.com\/wp-content\/uploads\/2025\/07\/Screen-Shot-2025-07-14-at-9.28.54-AM-300x201.png 300w, https:\/\/diarioelpopular.com\/wp-content\/uploads\/2025\/07\/Screen-Shot-2025-07-14-at-9.28.54-AM-768x514.png 768w, https:\/\/diarioelpopular.com\/wp-content\/uploads\/2025\/07\/Screen-Shot-2025-07-14-at-9.28.54-AM-636x426.png 636w, https:\/\/diarioelpopular.com\/wp-content\/uploads\/2025\/07\/Screen-Shot-2025-07-14-at-9.28.54-AM-80x55.png 80w, https:\/\/diarioelpopular.com\/wp-content\/uploads\/2025\/07\/Screen-Shot-2025-07-14-at-9.28.54-AM-109x73.png 109w, https:\/\/diarioelpopular.com\/wp-content\/uploads\/2025\/07\/Screen-Shot-2025-07-14-at-9.28.54-AM.png 1024w\" sizes=\"auto, (max-width: 1200px) 100vw, 1200px\" \/><p id=\"caption-attachment-533997\" class=\"wp-caption-text\">Donald Trump y la fiscal general de Estados Unidos, Pam Bondi, en la Casa Blanca, el pasado 27 de junio.\u00a0 \u00a0 \u00a0 \u00a0 \u00a0 \u00a0 \u00a0 \u00a0 \u00a0 \u00a0Foto Ken Cedeno (REUTERS)<\/p><\/div>\n<p>&nbsp;<\/p>\n<p>&nbsp;<\/p>\n<h4 class=\"a_st\"><em>&#8211; Los partidarios de la teor\u00eda de la conspiraci\u00f3n que sostienen que el depredador sexual fue asesinado critican el cambio de postura de la Administraci\u00f3n republicana, que ahora rechaza el bulo<\/em><\/h4>\n<p>&nbsp;<\/p>\n<p class=\"\">Donald Trump, ha salido en defensa de la fiscal general, Pam Bondi, para acallar las cr\u00edticas de algunos de sus seguidores por la publicaci\u00f3n de nueva informaci\u00f3n sobre el financiero y depredador sexual Jeffrey Epstein <a title=\"https:\/\/elpais.com\/internacional\/2025-07-07\/la-administracion-de-trump-desmiente-el-bulo-sobre-epstein-el-magnate-si-se-suicido-y-no-existe-su-supuesta-lista-de-pederastas-famosos.html\" href=\"https:\/\/elpais.com\/internacional\/2025-07-07\/la-administracion-de-trump-desmiente-el-bulo-sobre-epstein-el-magnate-si-se-suicido-y-no-existe-su-supuesta-lista-de-pederastas-famosos.html\" target=\"_self\" rel=\"\" data-link-track-dtm=\"\" data-mrf-link=\"https:\/\/elpais.com\/internacional\/2025-07-07\/la-administracion-de-trump-desmiente-el-bulo-sobre-epstein-el-magnate-si-se-suicido-y-no-existe-su-supuesta-lista-de-pederastas-famosos.html\">que rebate sus teor\u00edas de la conspiraci\u00f3n sobre el final del magnate<\/a>, muerto por suicidio en agosto de 2019 en su celda de una prisi\u00f3n de Nueva York donde se hallaba a la espera de juicio. Mediante un post en su red social Truth, el republicano defendi\u00f3 con entusiasmo a Bondi, al asegurar que la fiscal general \u2014cargo equivalente en EE UU al de ministro de Justicia\u2014 est\u00e1 haciendo \u201cun TRABAJO FANT\u00c1STICO\u201d, con sus habituales may\u00fasculas enf\u00e1ticas.<\/p>\n<p class=\"\">En privado, el presidente ha redoblado tambi\u00e9n su apoyo a Bondi mediante miembros de sus secuaces\u00a0 m\u00e1s \u00edntimos, a los que encarg\u00f3 que intentaran convencer a los cr\u00edticos m\u00e1s radicales de la fiscal general de que moderaran el tono. Entre los detractores lleva la voz cantante la activista ultra Laura Loomer, que esta semana pidi\u00f3 la salida de Bondi. El mensaje transmitido a los cr\u00edticos es que Trump, por el momento, no tiene previsto deshacerse de su responsable de Justicia.<\/p>\n<p class=\"\">\u201c\u00bfQu\u00e9 est\u00e1 pasando con mis\u00a0<i>chicos<\/i>\u00a0y, en algunos casos,\u00a0<i>chicas<\/i>? [por seguidores] \u00a1Todos van detr\u00e1s de la fiscal general Pam Bondi, que est\u00e1 haciendo un TRABAJO FANT\u00c1STICO!\u201d, escribi\u00f3 Trump a \u00faltima hora del s\u00e1bado. \u201cEstamos en un solo Equipo, MAGA, y no me gusta lo que est\u00e1 pasando. Tenemos una Administraci\u00f3n PERFECTA, DE LA QUE HABLA TODO EL MUNDO, y \u2018gente ego\u00edsta\u2019 est\u00e1 tratando de perjudicarla, todo por un tipo que nunca acaba de morir, (otrora su buen amigo) Jeffrey Epstein\u201d.<\/p>\n<p class=\"\">Seg\u00fan la CNN, el subdirector del FBI, Dan Bongino, ha comunicado a sus pr\u00f3ximos que se plantea renunciar por el enfrentamiento entre la agencia federal y el Departamento de Justicia a consecuencia de la publicaci\u00f3n de dos nuevos v\u00eddeos de la noche del suicidio del empresario. Estos v\u00eddeos concluyen que no hay pruebas de que\u00a0<a title=\"https:\/\/elpais.com\/sociedad\/2022-02-19\/hallado-muerto-en-su-celda-el-antiguo-agente-de-modelos-frances-vinculado-al-escandalo-epstein.html\" href=\"https:\/\/elpais.com\/sociedad\/2022-02-19\/hallado-muerto-en-su-celda-el-antiguo-agente-de-modelos-frances-vinculado-al-escandalo-epstein.html\" target=\"_self\" rel=\"\" data-link-track-dtm=\"\" data-mrf-link=\"https:\/\/elpais.com\/sociedad\/2022-02-19\/hallado-muerto-en-su-celda-el-antiguo-agente-de-modelos-frances-vinculado-al-escandalo-epstein.html\">Jeffrey Epstein<\/a> tuviera una \u201clista de clientes\u201d entre los que posiblemente se encuentra Trump. Esos nuevos datos tambi\u00e9n descartan que fuera asesinado en su celda, como han propalado desde entonces los partidarios de la teor\u00eda de la conspiraci\u00f3n (algunos, incluso, atribuyendo el hipot\u00e9tico asesinato a la participaci\u00f3n de Epstein, jud\u00edo, en el Mosad, la agencia de espionaje exterior israel\u00ed).<\/p>\n<h3 class=\"\">Cr\u00edticas de Steve Bannon y Tucker Carlson<\/h3>\n<p class=\"\">La publicaci\u00f3n del memorando ha destapado la caja de los truenos en el seno del movimiento MAGA, el disco duro de la carrera pol\u00edtica de Trump. Adem\u00e1s de la ultra Loomer, Steve Bannon, asesor de Trump al inicio de su primer mandato, dedic\u00f3 esta semana gran parte de su influyente\u00a0<i>podcast<\/i>\u00a0<i>War Room<\/i>\u00a0a la nueva investigaci\u00f3n para cuestionar su transparencia.<\/p>\n<p class=\"\">El expresentador de Fox y gran agitador de la derecha estadounidense Tucker Carlson asegur\u00f3 por su parte en su\u00a0<i>podcast<\/i>\u00a0que Bondi est\u00e1 encubriendo \u201cdelitos muy graves\u201d, sin dar pruebas.<\/p>\n<p class=\"\">Poco antes, en plena y clamorosa bronca entre ambos, el magnate Elon Musk, que abandonaba esos d\u00edas el Gobierno como responsable del Departamento de Eficiencia Gubernamental (DOGE, en sus siglas en ingl\u00e9s), atizaba la pol\u00e9mica sobre la implicaci\u00f3n de Trump en el <i>caso Epstein<\/i>\u00a0mediante un incendiario post en su red social, X (antes Twitter): \u201c@realDonaldTrump figura en la\u00a0<i>lista Epstein.\u00a0<\/i>Esa es la verdadera raz\u00f3n por la que no se ha hecho p\u00fablica\u201d, escrib\u00eda el due\u00f1o de X.<\/p>\n<p class=\"\">El financiero Epstein, due\u00f1o de una agenda repleta de nombres de empresarios, pol\u00edticos y miembros de la realeza como\u00a0<a title=\"https:\/\/elpais.com\/sociedad\/2022-01-26\/el-principe-andres-niega-ante-una-corte-de-nueva-york-las-acusaciones-de-abuso-sexual-a-una-menor.html\" href=\"https:\/\/elpais.com\/sociedad\/2022-01-26\/el-principe-andres-niega-ante-una-corte-de-nueva-york-las-acusaciones-de-abuso-sexual-a-una-menor.html\" target=\"_self\" rel=\"\" data-link-track-dtm=\"\" data-mrf-link=\"https:\/\/elpais.com\/sociedad\/2022-01-26\/el-principe-andres-niega-ante-una-corte-de-nueva-york-las-acusaciones-de-abuso-sexual-a-una-menor.html\">el pr\u00edncipe Andr\u00e9s de Inglaterra<\/a>, cay\u00f3 en desgracia\u00a0<a title=\"https:\/\/elpais.com\/internacional\/2019\/07\/07\/actualidad\/1562473415_489094.html\" href=\"https:\/\/elpais.com\/internacional\/2019\/07\/07\/actualidad\/1562473415_489094.html\" target=\"_self\" rel=\"\" data-link-track-dtm=\"\" data-mrf-link=\"https:\/\/elpais.com\/internacional\/2019\/07\/07\/actualidad\/1562473415_489094.html\">al ser detenido en Nueva Jersey como depredador sexual<\/a>; con una condena previa, de 2008, por abuso de menores en Florida. Su caso gener\u00f3 una importante atenci\u00f3n medi\u00e1tica, debido a sus v\u00ednculos con personas poderosas e influyentes. En agosto de 2019, mientras estaba a la espera de juicio en un caso penal federal,\u00a0<a title=\"https:\/\/elpais.com\/sociedad\/2019\/08\/10\/actualidad\/1565442622_277654.html\" href=\"https:\/\/elpais.com\/sociedad\/2019\/08\/10\/actualidad\/1565442622_277654.html\" target=\"_self\" rel=\"\" data-link-track-dtm=\"\" data-mrf-link=\"https:\/\/elpais.com\/sociedad\/2019\/08\/10\/actualidad\/1565442622_277654.html\">Epstein fue encontrado inconsciente en su celda de una c\u00e1rcel de Manhattan<\/a>\u00a0(Nueva York). Trasladado a un hospital, se certific\u00f3 su muerte, que fue considerada un suicidio.<\/p>\n<p class=\"\">Su final, sin embargo, fue objeto de gran escrutinio, y durante su campa\u00f1a electoral de 2024, Trump apunt\u00f3 que consideraba la posibilidad de\u00a0<a title=\"https:\/\/elpais.com\/sociedad\/2023-06-27\/fallos-en-la-custodia-favorecieron-la-muerte-del-pedofilo-epstein-en-la-carcel-segun-el-departamento-de-justicia.html#?rel=mas\" href=\"https:\/\/elpais.com\/sociedad\/2023-06-27\/fallos-en-la-custodia-favorecieron-la-muerte-del-pedofilo-epstein-en-la-carcel-segun-el-departamento-de-justicia.html#?rel=mas\" target=\"_self\" rel=\"\" data-link-track-dtm=\"\" data-mrf-link=\"https:\/\/elpais.com\/sociedad\/2023-06-27\/fallos-en-la-custodia-favorecieron-la-muerte-del-pedofilo-epstein-en-la-carcel-segun-el-departamento-de-justicia.html\">publicar datos adicionales del Gobierno sobre el caso<\/a>. Muchos de los partidarios del presidente esperaban que la divulgaci\u00f3n implicara a otras figuras de alto perfil, o dinamitara la idea de que Epstein se suicid\u00f3. Pero convenientemente el Departamento de Justicia anunci\u00f3 el lunes pasado en un memorando que no hab\u00eda pruebas de que mantuviera una \u201clista de clientes\u201d o de que fuera asesinado, lo que aviv\u00f3 la rabia y la sospecha de muchos en los m\u00e1rgenes del movimiento MAGA, como Loomer, Bannon y Carlson.<\/p>\n<p class=\"\">Cuando Trump alude en su post a Epstein \u201ccomo alguien que no acaba de morir\u201d, simplemente denota que lo que m\u00e1s le interesar\u00eda, para beneficio propio, es que se dejara de hablar de Epstein, para justificar as\u00ed su cambio de postura: de <i>conspiranoico<\/i>\u00a0que denunciaba la intervenci\u00f3n de manos negras en la muerte del magnate a defensor de la transparencia de la investigaci\u00f3n (y, por tanto, del suicidio como causa de su muerte).<\/p>\n<p class=\"\">A imagen de su jefe, el n\u00facleo duro de la Administraci\u00f3n republicana reniega hoy tambi\u00e9n del bulo sobre la intervenci\u00f3n de terceros en la muerte de Epstein y de su supuesta lista de pederastas, aunque, de manera indeleble, al presidente le persiga una imagen, datada en febrero de 2000 en Mar-a-Lago, su residencia en Florida, en la que se ve al entonces magnate inmobiliario, y su esposa, Melania, junto con Epstein y su mano derecha,\u00a0<a title=\"https:\/\/elpais.com\/sociedad\/2022-06-28\/ghislaine-maxwell-condenada-a-20-anos-de-carcel-por-proporcionar-menores-al-depredador-sexual-epstein.html\" href=\"https:\/\/elpais.com\/sociedad\/2022-06-28\/ghislaine-maxwell-condenada-a-20-anos-de-carcel-por-proporcionar-menores-al-depredador-sexual-epstein.html\" target=\"_self\" rel=\"\" data-link-track-dtm=\"\" data-mrf-link=\"https:\/\/elpais.com\/sociedad\/2022-06-28\/ghislaine-maxwell-condenada-a-20-anos-de-carcel-por-proporcionar-menores-al-depredador-sexual-epstein.html\">Ghislaine Maxwell, condenada a 20 a\u00f1os de c\u00e1rcel en 2022 por suministrar menores<\/a>\u00a0al financiero muerto.<\/p>\n<p class=\"\">Un asesor de Trump ha calificado la publicaci\u00f3n de la investigaci\u00f3n conjunta del FBI y el Departamento de Estado de \u201cpesadilla pol\u00edtica\u201d y ha sugerido que podr\u00eda haberse publicado mejor en otro momento, quiz\u00e1s incluso despu\u00e9s de las elecciones de mitad de mandato de 2026.<\/p>\n<p class=\"\">El propio Trump se encogi\u00f3 de hombros, molesto por las preguntas sobre la investigaci\u00f3n, y dijo a los periodistas el martes en la Casa Blanca: \u201cNo puedo creer que est\u00e9n haciendo una pregunta sobre Epstein en un momento como este\u201d, marcado por los reveses de algunos jueces a sus planes de gobierno, la dificultad para sacar adelante algunas leyes en el Congreso, la guerra comercial que ha desatado contra el mundo y dos guerras m\u00e1s sangrientas, la de Oriente Pr\u00f3ximo y Ucrania, en las que Washington se ha implicado de diferente manera.<\/p>\n<p class=\"\">Trump repiti\u00f3 su frustraci\u00f3n en el post publicado el s\u00e1bado por la noche (\u201cDurante a\u00f1os, es Epstein, una y otra vez\u201d), mientras acusaba a una serie de adversarios pol\u00edticos, entre ellos el expresidente Barack Obama, la ex secretaria de Estado Hillary Clinton, el exdirector del FBI James Comey, el ex director de la CIA James Brennan \u201cy los perdedores y criminales de la Administraci\u00f3n de Biden\u201d que, en su opini\u00f3n, \u201ccrearon los Archivos Epstein\u201d. \u201c\u00bfPor qu\u00e9 estos Lun\u00e1ticos de la Izquierda Radical [su definici\u00f3n favorita de los dem\u00f3cratas] no publicaron los Archivos Epstein? Si hab\u00eda ALGO all\u00ed que podr\u00eda haber perjudicado al Movimiento MAGA, \u00bfpor qu\u00e9 no lo usaron?\u201d, dijo.<\/p>\n<p class=\"\">Sin embargo, la investigaci\u00f3n federal que llev\u00f3 a la detenci\u00f3n de Epstein en julio de 2019 en Nueva Jersey, as\u00ed como el denominado suicidio del financiero, un mes despu\u00e9s, ocurrieron durante el primer mandato de Trump. El entonces fiscal general Bill Barr revis\u00f3 personalmente el v\u00eddeo para asegurarse de que no hubiera evidencia de juego sucio, y el Departamento de Justicia determin\u00f3 que Epstein muri\u00f3 por suicidio.<\/p>\n<p class=\"\">Deseoso de borrar la gran sombra de duda que le persigue, es decir, hacer olvidar a sus correligionarios su radical cambio de actitud ante el <i>caso Epstein<\/i>, Trump finaliza su post instando al director del FBI, Kash Patel, a centrar su atenci\u00f3n en las prioridades del Gobierno (entre otras, literalmente, \u201cel fraude electoral y las elecciones Ama\u00f1adas y Robadas de 2020\u2033, que Trump perdi\u00f3 ante el dem\u00f3crata Joe Biden), \u201cen lugar de pasar mes tras mes mirando nada m\u00e1s que los mismos viejos Documentos inspirados en la Izquierda Radical sobre Jeffrey Epstein\u201d.<\/p>\n","protected":false},"excerpt":{"rendered":"<p>&nbsp; &nbsp; &#8211; Los partidarios de la teor\u00eda de la conspiraci\u00f3n que sostienen que el depredador sexual fue asesinado critican el cambio de postura de&hellip;<\/p>\n","protected":false},"author":99,"featured_media":533997,"comment_status":"open","ping_status":"open","sticky":false,"template":"","format":"standard","meta":{"footnotes":""},"categories":[24],"tags":[],"class_list":["post-533996","post","type-post","status-publish","format-standard","has-post-thumbnail","hentry","category-mundo"],"_links":{"self":[{"href":"https:\/\/diarioelpopular.com\/index.php\/wp-json\/wp\/v2\/posts\/533996","targetHints":{"allow":["GET"]}}],"collection":[{"href":"https:\/\/diarioelpopular.com\/index.php\/wp-json\/wp\/v2\/posts"}],"about":[{"href":"https:\/\/diarioelpopular.com\/index.php\/wp-json\/wp\/v2\/types\/post"}],"author":[{"embeddable":true,"href":"https:\/\/diarioelpopular.com\/index.php\/wp-json\/wp\/v2\/users\/99"}],"replies":[{"embeddable":true,"href":"https:\/\/diarioelpopular.com\/index.php\/wp-json\/wp\/v2\/comments?post=533996"}],"version-history":[{"count":1,"href":"https:\/\/diarioelpopular.com\/index.php\/wp-json\/wp\/v2\/posts\/533996\/revisions"}],"predecessor-version":[{"id":533998,"href":"https:\/\/diarioelpopular.com\/index.php\/wp-json\/wp\/v2\/posts\/533996\/revisions\/533998"}],"wp:featuredmedia":[{"embeddable":true,"href":"https:\/\/diarioelpopular.com\/index.php\/wp-json\/wp\/v2\/media\/533997"}],"wp:attachment":[{"href":"https:\/\/diarioelpopular.com\/index.php\/wp-json\/wp\/v2\/media?parent=533996"}],"wp:term":[{"taxonomy":"category","embeddable":true,"href":"https:\/\/diarioelpopular.com\/index.php\/wp-json\/wp\/v2\/categories?post=533996"},{"taxonomy":"post_tag","embeddable":true,"href":"https:\/\/diarioelpopular.com\/index.php\/wp-json\/wp\/v2\/tags?post=533996"}],"curies":[{"name":"wp","href":"https:\/\/api.w.org\/{rel}","templated":true}]}}