{"id":534039,"date":"2025-07-15T09:36:56","date_gmt":"2025-07-15T13:36:56","guid":{"rendered":"https:\/\/diarioelpopular.com\/?p=534039"},"modified":"2025-07-15T09:36:56","modified_gmt":"2025-07-15T13:36:56","slug":"los-aranceles-de-trump-ya-se-empiezan-a-sentir-en-el-bolsillo-la-inflacion-escala-al-2-7-en-junio-en-estados-unidos","status":"publish","type":"post","link":"https:\/\/diarioelpopular.com\/index.php\/2025\/07\/15\/los-aranceles-de-trump-ya-se-empiezan-a-sentir-en-el-bolsillo-la-inflacion-escala-al-2-7-en-junio-en-estados-unidos\/","title":{"rendered":"Los aranceles de Trump ya se empiezan a sentir en el bolsillo: la inflaci\u00f3n escala al 2,7% en junio en Estados Unidos"},"content":{"rendered":"<div id=\"attachment_534040\" style=\"width: 1210px\" class=\"wp-caption alignnone\"><img loading=\"lazy\" decoding=\"async\" aria-describedby=\"caption-attachment-534040\" class=\"wp-image-534040 size-custom-big-size\" src=\"https:\/\/diarioelpopular.com\/wp-content\/uploads\/2025\/07\/Screen-Shot-2025-07-15-at-9.36.13-AM-1200x801.png\" alt=\"\" width=\"1200\" height=\"801\" srcset=\"https:\/\/diarioelpopular.com\/wp-content\/uploads\/2025\/07\/Screen-Shot-2025-07-15-at-9.36.13-AM-1200x801.png 1200w, https:\/\/diarioelpopular.com\/wp-content\/uploads\/2025\/07\/Screen-Shot-2025-07-15-at-9.36.13-AM-300x200.png 300w, https:\/\/diarioelpopular.com\/wp-content\/uploads\/2025\/07\/Screen-Shot-2025-07-15-at-9.36.13-AM-768x512.png 768w, https:\/\/diarioelpopular.com\/wp-content\/uploads\/2025\/07\/Screen-Shot-2025-07-15-at-9.36.13-AM-636x424.png 636w, https:\/\/diarioelpopular.com\/wp-content\/uploads\/2025\/07\/Screen-Shot-2025-07-15-at-9.36.13-AM-109x73.png 109w, https:\/\/diarioelpopular.com\/wp-content\/uploads\/2025\/07\/Screen-Shot-2025-07-15-at-9.36.13-AM.png 1024w\" sizes=\"auto, (max-width: 1200px) 100vw, 1200px\" \/><p id=\"caption-attachment-534040\" class=\"wp-caption-text\">Supermercado de Walmart en Oceanside (California), el pasado mes de mayo. Mike Blake (REUTERS)<\/p><\/div>\n<p>&nbsp;<\/p>\n<p>&nbsp;<\/p>\n<h4 class=\"a_st\"><em>&#8211; Los economistas esperaban esta lectura como el primer reflejo real de la guerra comercial de Washington en los precios que pagan los consumidores<\/em><\/h4>\n<p>&nbsp;<\/p>\n<p class=\"\">La econom\u00eda estadounidense vive pendiente del efecto de los vaivenes arancelarios de Donald Trump en sus principales indicadores, pero sobre todo en uno: la inflaci\u00f3n. El dato correspondiente a junio se dio a conocer este martes, y se esperaba con expectaci\u00f3n como la prueba m\u00e1s ajustada hasta el momento de lo que la err\u00e1tica y agresiva pol\u00edtica comercial de Trump est\u00e1 provocando en los bolsillos de los consumidores y en las esperanzas de un aterrizaje suave de su econom\u00eda.<\/p>\n<p class=\"\">Pues bien, el dato fue malo: el \u00edndice de precios subi\u00f3 hasta el 2,7% en el pasado mes con respecto al a\u00f1o anterior, <a href=\"https:\/\/www.bls.gov\/news.release\/pdf\/cpi.pdf\" rel=\"\" data-link-track-dtm=\"\" data-mrf-link=\"https:\/\/www.bls.gov\/news.release\/pdf\/cpi.pdf\">seg\u00fan las cifras publicadas este martes por la Oficina de Estad\u00edsticas Laborales,<\/a>\u00a0dependiente del Departamento de Trabajo. La inflaci\u00f3n subyacente, esa que no tiene en cuenta los vol\u00e1tiles precios de los alimentos y la energ\u00eda, fue del 2,9%. Ambos datos coinciden con las previsiones de los analistas.<\/p>\n<p class=\"\">Estos \u2212que acertaron que la inflaci\u00f3n interanual subir\u00eda con respecto al 2,4% de mayo un notable 0,3%, el mayor incremento en cinco meses\u2212 hab\u00edan advertido de la importancia del dato de junio, porque interpretaban que esta ser\u00eda la primera lectura en la que los aranceles iban a dejarse sentir realmente, tras meses de amenazas, idas y venidas y cambios de opini\u00f3n en el \u00faltimo minuto.<\/p>\n<p class=\"\">Los economistas consideran que el impacto de esos vaivenes sobre la inflaci\u00f3n se hab\u00eda retrasado hasta el momento, por la previsi\u00f3n de las empresas de vender inventarios previos a su entrada en vigor y por las dudas a la hora de trasladar los costos m\u00e1s altos al precio que pagan los consumidores. El dato de junio indica que ese trasvase ya ha comenzado.<\/p>\n<p class=\"\">La medici\u00f3n llega tras los datos de empleo de junio, <a title=\"https:\/\/elpais.com\/economia\/2025-07-03\/la-creacion-de-empleo-supera-en-junio-de-nuevo-las-expectativas-en-estados-unidos.html\" href=\"https:\/\/elpais.com\/economia\/2025-07-03\/la-creacion-de-empleo-supera-en-junio-de-nuevo-las-expectativas-en-estados-unidos.html\" target=\"_blank\" rel=\"noopener noreferrer\" data-link-track-dtm=\"\" data-mrf-link=\"https:\/\/elpais.com\/economia\/2025-07-03\/la-creacion-de-empleo-supera-en-junio-de-nuevo-las-expectativas-en-estados-unidos.html\">que superaron las expectativas<\/a>, y una semana despu\u00e9s de que Trump\u00a0<a title=\"https:\/\/elpais.com\/internacional\/2025-07-13\/trump-siembra-la-confusion-y-cierta-indiferencia-con-sus-vaivenes-arancelarios.html\" href=\"https:\/\/elpais.com\/internacional\/2025-07-13\/trump-siembra-la-confusion-y-cierta-indiferencia-con-sus-vaivenes-arancelarios.html\" target=\"_blank\" rel=\"noopener noreferrer\" data-link-track-dtm=\"\" data-mrf-link=\"https:\/\/elpais.com\/internacional\/2025-07-13\/trump-siembra-la-confusion-y-cierta-indiferencia-con-sus-vaivenes-arancelarios.html\">renovara sus planes de imponer tasas a la importaci\u00f3n a decenas de pa\u00edses,<\/a>\u00a0a los que dej\u00f3 saber sus intenciones por carta. Adem\u00e1s del arancel universal del 10% que impuso mientras duraba una tregua en la guerra comercial que ha quedado ampliada hasta el 1 de agosto, est\u00e1n ya en vigor los grav\u00e1menes sectoriales, el 50% que afecta al acero y el aluminio \u2212y que lo har\u00e1 en unas tres semanas tambi\u00e9n sobre el cobre\u2212, y el 25% al sector del autom\u00f3vil.<\/p>\n<p class=\"\">Algunos de los bienes m\u00e1s sensibles a la imposici\u00f3n de grav\u00e1menes vieron como sub\u00edan sus precios: de los muebles y suministros para el hogar (un 1% m\u00e1s) a los juguetes (1,8%) y la ropa (0,4%). Los precios de los veh\u00edculos nuevos cayeron, por su parte, un 0,3%. La gasolina se encareci\u00f3 un 1% en junio y la electricidad, un 1 %, mientras que el gas natural lo hizo un 0,5%.<\/p>\n<h3 class=\"\">Presiones a Powell<\/h3>\n<p class=\"\">La cifra se sit\u00faa a\u00fan m\u00e1s lejos del 2% del objetivo de estabilidad marcado por la Reserva Federal. El comit\u00e9 de pol\u00edtica monetaria del banco central estadounidense, cuyo doble mandato pasa por contener la inflaci\u00f3n y aspirar al pleno empleo, se re\u00fane en un par de semanas y los inversores dan por hecho que mantendr\u00e1 los tipos de inter\u00e9s en el nivel actual del 4,25%-4,50%, pese a las persistentes presiones y desagradables amenazas a su presidente, Jerome Powell, por parte de Trump y de su entorno.<\/p>\n<p class=\"\">Trump disfruta llamando al funcionario del banco central \u201cEl Tard\u00f3n Powell\u201d por su negativa a tocar los tipos y su tendencia a aplicar el mantra de \u201cesperar y ver\u201d antes de tomar decisiones. En declaraciones recientes, Trump ha dicho que la Fed deber\u00eda bajarlos \u201ctres puntos\u201d, toda una exageraci\u00f3n ignorante y atrevida que no respalda ning\u00fan analista.<\/p>\n<p class=\"\">Powell, que fue nombrado por el republicano en su primer mandato, tiene garantizado su puesto hasta mayo de 2026, pero ya han comenzado los castings para sustituirlo, adem\u00e1s de una campa\u00f1a para forzar su salida por el sobrecoste ocasionado en las obras para renovar la sede de la Fed. Presupuestadas en 1.900 millones de d\u00f3lares, han acabando costando 2.500 millones.<\/p>\n<p class=\"\">En ese contexto de bronca pol\u00edtica e incertidumbre econ\u00f3mica, las probabilidades impl\u00edcitas en el mercado de futuros sobre fondos federales dan por hecho que los tipos se mantendr\u00e1n en la reuni\u00f3n del 30 de julio, pero aventuran como lo m\u00e1s esperable una primera rebaja de 0,25 puntos en la del 17 de septiembre. As\u00ed se desprende de\u00a0<a title=\"https:\/\/www.cmegroup.com\/markets\/interest-rates\/cme-fedwatch-tool.html\" href=\"https:\/\/www.cmegroup.com\/markets\/interest-rates\/cme-fedwatch-tool.html\" rel=\"\" data-link-track-dtm=\"\" data-mrf-link=\"https:\/\/www.cmegroup.com\/markets\/interest-rates\/cme-fedwatch-tool.html\">los datos de la herramienta FedWatch, que este martes daba un 97,5% de posibilidades de que suceda lo primero, por un 59,9%<\/a>\u00a0de lo segundo.<\/p>\n","protected":false},"excerpt":{"rendered":"<p>&nbsp; &nbsp; &#8211; Los economistas esperaban esta lectura como el primer reflejo real de la guerra comercial de Washington en los precios que pagan los&hellip;<\/p>\n","protected":false},"author":99,"featured_media":534040,"comment_status":"open","ping_status":"open","sticky":false,"template":"","format":"standard","meta":{"footnotes":""},"categories":[24],"tags":[],"class_list":["post-534039","post","type-post","status-publish","format-standard","has-post-thumbnail","hentry","category-mundo"],"_links":{"self":[{"href":"https:\/\/diarioelpopular.com\/index.php\/wp-json\/wp\/v2\/posts\/534039","targetHints":{"allow":["GET"]}}],"collection":[{"href":"https:\/\/diarioelpopular.com\/index.php\/wp-json\/wp\/v2\/posts"}],"about":[{"href":"https:\/\/diarioelpopular.com\/index.php\/wp-json\/wp\/v2\/types\/post"}],"author":[{"embeddable":true,"href":"https:\/\/diarioelpopular.com\/index.php\/wp-json\/wp\/v2\/users\/99"}],"replies":[{"embeddable":true,"href":"https:\/\/diarioelpopular.com\/index.php\/wp-json\/wp\/v2\/comments?post=534039"}],"version-history":[{"count":1,"href":"https:\/\/diarioelpopular.com\/index.php\/wp-json\/wp\/v2\/posts\/534039\/revisions"}],"predecessor-version":[{"id":534041,"href":"https:\/\/diarioelpopular.com\/index.php\/wp-json\/wp\/v2\/posts\/534039\/revisions\/534041"}],"wp:featuredmedia":[{"embeddable":true,"href":"https:\/\/diarioelpopular.com\/index.php\/wp-json\/wp\/v2\/media\/534040"}],"wp:attachment":[{"href":"https:\/\/diarioelpopular.com\/index.php\/wp-json\/wp\/v2\/media?parent=534039"}],"wp:term":[{"taxonomy":"category","embeddable":true,"href":"https:\/\/diarioelpopular.com\/index.php\/wp-json\/wp\/v2\/categories?post=534039"},{"taxonomy":"post_tag","embeddable":true,"href":"https:\/\/diarioelpopular.com\/index.php\/wp-json\/wp\/v2\/tags?post=534039"}],"curies":[{"name":"wp","href":"https:\/\/api.w.org\/{rel}","templated":true}]}}